{"id":75715,"date":"2025-04-10T09:15:03","date_gmt":"2025-04-10T09:15:03","guid":{"rendered":"https:\/\/www.diarionoti7.com.mx\/?p=75715"},"modified":"2025-04-10T18:32:12","modified_gmt":"2025-04-10T18:32:12","slug":"edda-vite-anuncio-la-construccion-de-una-segunda-planta-y-la-remodelacion-de-la-casa-cuna","status":"publish","type":"post","link":"https:\/\/www.diarionoti7.com.mx\/?p=75715","title":{"rendered":"Edda Vite, Anunci\u00f3 la Construcci\u00f3n de Una Segunda Planta y la Remodelaci\u00f3n de la Casa Cuna"},"content":{"rendered":"\t\t<div data-elementor-type=\"wp-post\" data-elementor-id=\"75715\" class=\"elementor elementor-75715\">\n\t\t\t\t\t\t\t\t\t<section class=\"elementor-section elementor-top-section elementor-element elementor-element-c09b8f0 elementor-section-boxed elementor-section-height-default elementor-section-height-default\" data-id=\"c09b8f0\" data-element_type=\"section\">\n\t\t\t\t\t\t<div class=\"elementor-container elementor-column-gap-default\">\n\t\t\t\t\t<div class=\"elementor-column elementor-col-100 elementor-top-column elementor-element elementor-element-955a561\" data-id=\"955a561\" data-element_type=\"column\">\n\t\t\t<div class=\"elementor-widget-wrap elementor-element-populated\">\n\t\t\t\t\t\t\t\t<div class=\"elementor-element elementor-element-0ce869c elementor-widget elementor-widget-text-editor\" data-id=\"0ce869c\" data-element_type=\"widget\" data-widget_type=\"text-editor.default\">\n\t\t\t\t<div class=\"elementor-widget-container\">\n\t\t\t<style>\/*! elementor - v3.10.2 - 29-01-2023 *\/\n.elementor-widget-text-editor.elementor-drop-cap-view-stacked .elementor-drop-cap{background-color:#818a91;color:#fff}.elementor-widget-text-editor.elementor-drop-cap-view-framed .elementor-drop-cap{color:#818a91;border:3px solid;background-color:transparent}.elementor-widget-text-editor:not(.elementor-drop-cap-view-default) .elementor-drop-cap{margin-top:8px}.elementor-widget-text-editor:not(.elementor-drop-cap-view-default) .elementor-drop-cap-letter{width:1em;height:1em}.elementor-widget-text-editor .elementor-drop-cap{float:left;text-align:center;line-height:1;font-size:50px}.elementor-widget-text-editor .elementor-drop-cap-letter{display:inline-block}<\/style>\t\t\t\t<p><strong>\u00a0*Adem\u00e1s del Equipamiento del \u00c1rea M\u00e9dica, Psicol\u00f3gica, Maternal y Bodegas del Primer Nivel<\/strong><\/p><p><strong>Pachuca, Hgo., 9 de abril 2025.- <\/strong>En el marco del 22 aniversario de la nueva Casa Cuna, la presidenta del\u00a0Patronato del Sistema DIF Hidalgo, Edda Vite Ramos, anunci\u00f3 la construcci\u00f3n de una segunda planta, as\u00ed como la remodelaci\u00f3n y equipamiento del \u00e1rea m\u00e9dica, psicol\u00f3gica, maternal y bodegas del primer nivel.<\/p><p>Luego del anuncio Edda Vite\u00a0asegur\u00f3 que la ampliaci\u00f3n del inmueble responde al incremento en la demanda de atenci\u00f3n, que actualmente alcanza 47 habitantes, cifra que ha superado la capacidad original de la Casa Cuna.<\/p><p>Por ello asegur\u00f3 que \u201cEste proyecto no debe detenerse. Las necesidades actuales nos exigen actuar con visi\u00f3n, compromiso y trabajo en equipo. Esperamos que, hacia finales de abril, podamos trasladar temporalmente a los peque\u00f1os a un espacio seguro mientras se lleva a cabo la construcci\u00f3n del segundo piso\u201d<em>.<\/em><\/p><p>La presidenta del\u00a0Patronato del Sistema DIF Hidalgo, record\u00f3 que al inicio de su gesti\u00f3n las condiciones en que operaba el Centro de Asistencia Social no eran \u00f3ptimas para el desarrollo de las ni\u00f1as y ni\u00f1os. Fue gracias a la solidaridad de la iniciativa privada, en especial de\u00a0Juan Carlos Mart\u00ednez, secretario del Patronato del Sistema DIFH, que se logr\u00f3 una inversi\u00f3n superior al mill\u00f3n de pesos para dignificar los servicios b\u00e1sicos de las instalaciones.<\/p><p>Entre las mejoras realizadas se encuentran la remodelaci\u00f3n de \u00e1reas de ba\u00f1o, colocaci\u00f3n de pasto alfombra, techumbres y adecuaciones en pisos.<\/p><p>Edda Vite ante representantes de asociaciones civiles, voluntariados, donadores de la iniciativa privada y autoridades estatales,<strong>\u00a0<\/strong>destac\u00f3 que la existencia misma de instituciones como\u00a0Casa Cuna<strong>\u00a0<\/strong>refleja una crisis social y familiar, en la que muchas peque\u00f1as y peque\u00f1os llegan sin haber sido planeados o deseados. En este sentido, reafirm\u00f3 el compromiso del\u00a0Sistema DIFH<strong>\u00a0<\/strong>de brindar un entorno digno y protector para cada ni\u00f1a y ni\u00f1o.<\/p><p>Por \u00faltimo, Edda Vite asegur\u00f3: \u201cEstoy convencida de que el trabajo en equipo da grandes resultados. Hoy, gracias a todos ustedes, Casa Cuna se consolida como un espacio donde se forman grandes seres humanos, futuros profesionistas y ciudadanos comprometidos\u201d<em>.<\/em><\/p><p>\u00a0<\/p>\t\t\t\t\t\t<\/div>\n\t\t\t\t<\/div>\n\t\t\t\t\t<\/div>\n\t\t<\/div>\n\t\t\t\t\t\t\t<\/div>\n\t\t<\/section>\n\t\t\t\t\t\t\t<\/div>\n\t\t","protected":false},"excerpt":{"rendered":"<p>\u00a0*Adem\u00e1s del Equipamiento del \u00c1rea M\u00e9dica, Psicol\u00f3gica, Maternal y Bodegas del Primer Nivel Pachuca, Hgo., 9 de abril 2025.- En el marco del 22 aniversario de la nueva Casa Cuna, la presidenta del\u00a0Patronato del Sistema DIF Hidalgo, Edda Vite Ramos, anunci\u00f3 la construcci\u00f3n de una segunda planta, as\u00ed como la remodelaci\u00f3n y equipamiento del \u00e1rea [&hellip;]<\/p>\n","protected":false},"author":1,"featured_media":75720,"comment_status":"closed","ping_status":"closed","sticky":false,"template":"","format":"standard","meta":[],"categories":[7],"tags":[],"_links":{"self":[{"href":"https:\/\/www.diarionoti7.com.mx\/index.php?rest_route=\/wp\/v2\/posts\/75715"}],"collection":[{"href":"https:\/\/www.diarionoti7.com.mx\/index.php?rest_route=\/wp\/v2\/posts"}],"about":[{"href":"https:\/\/www.diarionoti7.com.mx\/index.php?rest_route=\/wp\/v2\/types\/post"}],"author":[{"embeddable":true,"href":"https:\/\/www.diarionoti7.com.mx\/index.php?rest_route=\/wp\/v2\/users\/1"}],"replies":[{"embeddable":true,"href":"https:\/\/www.diarionoti7.com.mx\/index.php?rest_route=%2Fwp%2Fv2%2Fcomments&post=75715"}],"version-history":[{"count":4,"href":"https:\/\/www.diarionoti7.com.mx\/index.php?rest_route=\/wp\/v2\/posts\/75715\/revisions"}],"predecessor-version":[{"id":75723,"href":"https:\/\/www.diarionoti7.com.mx\/index.php?rest_route=\/wp\/v2\/posts\/75715\/revisions\/75723"}],"wp:featuredmedia":[{"embeddable":true,"href":"https:\/\/www.diarionoti7.com.mx\/index.php?rest_route=\/wp\/v2\/media\/75720"}],"wp:attachment":[{"href":"https:\/\/www.diarionoti7.com.mx\/index.php?rest_route=%2Fwp%2Fv2%2Fmedia&parent=75715"}],"wp:term":[{"taxonomy":"category","embeddable":true,"href":"https:\/\/www.diarionoti7.com.mx\/index.php?rest_route=%2Fwp%2Fv2%2Fcategories&post=75715"},{"taxonomy":"post_tag","embeddable":true,"href":"https:\/\/www.diarionoti7.com.mx\/index.php?rest_route=%2Fwp%2Fv2%2Ftags&post=75715"}],"curies":[{"name":"wp","href":"https:\/\/api.w.org\/{rel}","templated":true}]}}