{"id":75703,"date":"2025-04-10T09:09:10","date_gmt":"2025-04-10T09:09:10","guid":{"rendered":"https:\/\/www.diarionoti7.com.mx\/?p=75703"},"modified":"2025-04-10T18:10:22","modified_gmt":"2025-04-10T18:10:22","slug":"senado-firma-convenios-de-colaboracion-interinstitucional-con-el-congreso-y-el-gobierno-de-hidalgo","status":"publish","type":"post","link":"https:\/\/www.diarionoti7.com.mx\/?p=75703","title":{"rendered":"Senado Firma Convenios de Colaboraci\u00f3n Interinstitucional Con el Congreso y el Gobierno de Hidalgo"},"content":{"rendered":"\t\t<div data-elementor-type=\"wp-post\" data-elementor-id=\"75703\" class=\"elementor elementor-75703\">\n\t\t\t\t\t\t\t\t\t<section class=\"elementor-section elementor-top-section elementor-element elementor-element-c09b8f0 elementor-section-boxed elementor-section-height-default elementor-section-height-default\" data-id=\"c09b8f0\" data-element_type=\"section\">\n\t\t\t\t\t\t<div class=\"elementor-container elementor-column-gap-default\">\n\t\t\t\t\t<div class=\"elementor-column elementor-col-100 elementor-top-column elementor-element elementor-element-955a561\" data-id=\"955a561\" data-element_type=\"column\">\n\t\t\t<div class=\"elementor-widget-wrap elementor-element-populated\">\n\t\t\t\t\t\t\t\t<div class=\"elementor-element elementor-element-0ce869c elementor-widget elementor-widget-text-editor\" data-id=\"0ce869c\" data-element_type=\"widget\" data-widget_type=\"text-editor.default\">\n\t\t\t\t<div class=\"elementor-widget-container\">\n\t\t\t<style>\/*! elementor - v3.10.2 - 29-01-2023 *\/\n.elementor-widget-text-editor.elementor-drop-cap-view-stacked .elementor-drop-cap{background-color:#818a91;color:#fff}.elementor-widget-text-editor.elementor-drop-cap-view-framed .elementor-drop-cap{color:#818a91;border:3px solid;background-color:transparent}.elementor-widget-text-editor:not(.elementor-drop-cap-view-default) .elementor-drop-cap{margin-top:8px}.elementor-widget-text-editor:not(.elementor-drop-cap-view-default) .elementor-drop-cap-letter{width:1em;height:1em}.elementor-widget-text-editor .elementor-drop-cap{float:left;text-align:center;line-height:1;font-size:50px}.elementor-widget-text-editor .elementor-drop-cap-letter{display:inline-block}<\/style>\t\t\t\t<p><strong>\u00a0*Para Profesionalizar a Personas Servidoras P\u00fablicas<\/strong><\/p><p><strong>*Apuestan por la formaci\u00f3n continua para otorgar mejores soluciones a las diferentes necesidades sociales<\/strong><\/p><p><strong>Ciudad de M\u00e9xico, 9 de abril de 2025.-<\/strong>Como parte del compromiso de construir un servicio p\u00fablico profesional y capaz de dar soluciones a las necesidades de la poblaci\u00f3n, el gobernador Julio Menchaca firm\u00f3 un convenio de colaboraci\u00f3n con el Senado de la Rep\u00fablica, a trav\u00e9s del Centro de Capacitaci\u00f3n y Formaci\u00f3n Permanente (CECAFP) de la C\u00e1mara Alta.<\/p><p>Durante su intervenci\u00f3n, Menchaca record\u00f3 que al inicio de su administraci\u00f3n se firm\u00f3 un primer acuerdo con el CECAFP, lo cual dio como resultado que 295 personas servidoras p\u00fablicas pudieran acrecentar sus conocimientos y habilidades, pues 258 se inscribieron a 50 cursos, 9 en 3 diplomados y 28 en 7 maestr\u00edas.<\/p><p>El mandatario hidalguense firm\u00f3 como testigo de honor en el convenio de colaboraci\u00f3n entre el Congreso Libre y Soberano de Hidalgo, y el Senado de la Rep\u00fablica, a trav\u00e9s del Instituto Belisario Dom\u00ednguez, acto que tambi\u00e9n permitir\u00e1 dotar tanto a diputadas y diputados, como a sus equipos de trabajo y personal administrativo, de cursos en materia y t\u00e9cnica legislativa.<\/p><p>Julio Menchaca, gobernador de Hidalgo, agradeci\u00f3 el inter\u00e9s y las facilidades del presidente de la Mesa Directiva, Gerardo Fern\u00e1ndez Noro\u00f1a; del presidente de la Junta de Coordinaci\u00f3n Pol\u00edtica, Ad\u00e1n Augusto L\u00f3pez Hern\u00e1ndez y de la senadora Simey Olvera, para consolidar la firma de estos convenios.<\/p><p>\u00a0Destac\u00f3 que en 2022 se llev\u00f3 a cabo la primera firma de colaboraci\u00f3n entre el Senado y su estado; a partir de esa fecha, dijo, 295 personas funcionarias aprovecharon la profesionalizaci\u00f3n: 258, en 50 cursos; nueve, en tres diplomados; y 28, en siete maestr\u00edas.<\/p><p>\u00a0En ese sentido, refiri\u00f3 que la estructura de profesionalizaci\u00f3n que tiene la C\u00e1mara de Senadores cuenta con la particularidad de que sus integrantes son \u201cmuy generosos\u201d por compartir el conocimiento con los gobiernos de los estados y ahora con el Congreso estatal, que tiene un v\u00ednculo con la representaci\u00f3n de la gente.<\/p><p>\u00a0Andr\u00e9s Vel\u00e1zquez V\u00e1zquez, presidente de la Junta de Gobierno del Congreso del Estado de Hidalgo, consider\u00f3 que \u201ceste convenio representa un momento hist\u00f3rico que une voluntades, principios y el firme prop\u00f3sito de servir al pueblo con eficiencia, objetividad e imparcialidad\u201d.<\/p><p>\u00a0Se trata de un puente que nos permite avanzar hacia una legislatura m\u00e1s preparada, cercana a la realidad y \u00fatil para la sociedad. Este d\u00eda, agreg\u00f3, refrendamos nuestro compromiso con la capacitaci\u00f3n constante, con la evaluaci\u00f3n continua, el seguimiento puntual y el acompa\u00f1amiento responsable.<\/p><p>\u00a0El presidente de la mesa directiva del Senado, Gerardo Fern\u00e1ndez Noro\u00f1a, destac\u00f3 la vasta riqueza con la que cuenta el estado de Hidalgo, y enfatiz\u00f3 el reconocimiento hacia la pol\u00edtica p\u00fablica del bienestar impulsada por el gobernador Julio Menchaca.<\/p><p>El vicecoordinador general de Morena en el Senado, Ignacio Mier Velazco, explic\u00f3 que estos convenios permitir\u00e1n fortalecer las habilidades de quienes tienen la encomienda de construir el andamiaje legal y de pol\u00edticas p\u00fablicas en el estado de Hidalgo: \u201cLa educaci\u00f3n es un acto transformador\u201d, manifest\u00f3.<\/p><p>Simey Olvera Bautista, senadora de la Rep\u00fablica por Hidalgo, enfatiz\u00f3 que la firma de estos convenios representa un esfuerzo conjunto con el Congreso y el Ejecutivo en Hidalgo, a fin de garantizar el fortalecimiento profesional y el trabajo parlamentario donde el conocimiento, la experiencia, as\u00ed como las buenas pr\u00e1cticas se comparten para beneficio de la gente.<\/p><p>El vicecoordinador parlamentario de Morena en el Senado, Cuauht\u00e9moc Ochoa Fern\u00e1ndez, reconoci\u00f3 que el buen desempe\u00f1o del gobernador ha permitido que se coloque entre los mandatarios estatales mejor evaluados del pa\u00eds, lo cual compromete a los hidalguenses \u201ca seguir sus pasos&#8221;, expres\u00f3.<\/p><p>En su momento, el presidente de la Junta de Gobierno del Congreso Libre y Soberano de Hidalgo, Andr\u00e9s Vel\u00e1zquez V\u00e1zquez, calific\u00f3 esta firma como un momento hist\u00f3rico que une voluntades, principios y el prop\u00f3sito com\u00fan de servir al pueblo con objetividad.<\/p><p>Dio a conocer que se impulsar\u00e1n tres pilares fundamentales: la formaci\u00f3n continua para transformar con conocimientos y conciencia; el seguimiento y formaci\u00f3n permanente para asegurar el funcionamiento de las leyes; y el fortalecimiento del federalismo cooperativo para cerrar brechas de desigualdad desde el Poder Legislativo.<\/p><p>Posterior a este acto, las y los presentes recorrieron la exposici\u00f3n \u201cHidalgo en el Senado\u201d, misma que fue instalada en colaboraci\u00f3n con personas artesanas y promotoras culturales para invitar a las y los senadores a recorrer el mosaico cultural, gastron\u00f3mico y cultural de la entidad.<\/p><p>Mar\u00eda Estela Vargas, maestra artesana de Acaxochitl\u00e1n, enfatiz\u00f3 que a trav\u00e9s de las manos de personas artesanas se enriquece la cultura de nuestro pa\u00eds, pues son herederas y herederos de conocimientos ancestrales.<\/p><p>La secretaria de Cultura, Neyda Naranjo Baltazar, destac\u00f3 que el Senado se convierte en un testigo de la nobleza de las 100 personas artesanas provenientes de 20 municipios, cuyas manos tejen, tallan y cocinan, as\u00ed como de todas las voces que cantan y dan a conocer las riquezas de Hidalgo.<\/p><p>Finalmente, Menchaca invit\u00f3 a las y los asistentes a disfrutar de esta muestra, adem\u00e1s de exhortarles a visitar y recorrer durante este periodo vacacional el Corredor de Balnearios, los bosques, Pueblos M\u00e1gicos, las regiones de la Huasteca, la Sierra Gorda, la Altiplanicie Pulquera, la Sierra Otom\u00ed-Tepehua, el Valle del Mezquital, as\u00ed como todas las comunidades que conforman la entidad.<\/p>\t\t\t\t\t\t<\/div>\n\t\t\t\t<\/div>\n\t\t\t\t\t<\/div>\n\t\t<\/div>\n\t\t\t\t\t\t\t<\/div>\n\t\t<\/section>\n\t\t\t\t\t\t\t<\/div>\n\t\t","protected":false},"excerpt":{"rendered":"<p>\u00a0*Para Profesionalizar a Personas Servidoras P\u00fablicas *Apuestan por la formaci\u00f3n continua para otorgar mejores soluciones a las diferentes necesidades sociales Ciudad de M\u00e9xico, 9 de abril de 2025.-Como parte del compromiso de construir un servicio p\u00fablico profesional y capaz de dar soluciones a las necesidades de la poblaci\u00f3n, el gobernador Julio Menchaca firm\u00f3 un convenio [&hellip;]<\/p>\n","protected":false},"author":1,"featured_media":75705,"comment_status":"closed","ping_status":"closed","sticky":false,"template":"","format":"standard","meta":[],"categories":[3],"tags":[],"_links":{"self":[{"href":"https:\/\/www.diarionoti7.com.mx\/index.php?rest_route=\/wp\/v2\/posts\/75703"}],"collection":[{"href":"https:\/\/www.diarionoti7.com.mx\/index.php?rest_route=\/wp\/v2\/posts"}],"about":[{"href":"https:\/\/www.diarionoti7.com.mx\/index.php?rest_route=\/wp\/v2\/types\/post"}],"author":[{"embeddable":true,"href":"https:\/\/www.diarionoti7.com.mx\/index.php?rest_route=\/wp\/v2\/users\/1"}],"replies":[{"embeddable":true,"href":"https:\/\/www.diarionoti7.com.mx\/index.php?rest_route=%2Fwp%2Fv2%2Fcomments&post=75703"}],"version-history":[{"count":4,"href":"https:\/\/www.diarionoti7.com.mx\/index.php?rest_route=\/wp\/v2\/posts\/75703\/revisions"}],"predecessor-version":[{"id":75708,"href":"https:\/\/www.diarionoti7.com.mx\/index.php?rest_route=\/wp\/v2\/posts\/75703\/revisions\/75708"}],"wp:featuredmedia":[{"embeddable":true,"href":"https:\/\/www.diarionoti7.com.mx\/index.php?rest_route=\/wp\/v2\/media\/75705"}],"wp:attachment":[{"href":"https:\/\/www.diarionoti7.com.mx\/index.php?rest_route=%2Fwp%2Fv2%2Fmedia&parent=75703"}],"wp:term":[{"taxonomy":"category","embeddable":true,"href":"https:\/\/www.diarionoti7.com.mx\/index.php?rest_route=%2Fwp%2Fv2%2Fcategories&post=75703"},{"taxonomy":"post_tag","embeddable":true,"href":"https:\/\/www.diarionoti7.com.mx\/index.php?rest_route=%2Fwp%2Fv2%2Ftags&post=75703"}],"curies":[{"name":"wp","href":"https:\/\/api.w.org\/{rel}","templated":true}]}}