{"id":75697,"date":"2025-04-10T09:08:02","date_gmt":"2025-04-10T09:08:02","guid":{"rendered":"https:\/\/www.diarionoti7.com.mx\/?p=75697"},"modified":"2025-04-10T18:09:06","modified_gmt":"2025-04-10T18:09:06","slug":"compartimos-version-de-la-participacion-inicial-de-la-secretaria-de-gobernacion-rosa-icela-rodriguez-en-la-conferencia-del-pueblo","status":"publish","type":"post","link":"https:\/\/www.diarionoti7.com.mx\/?p=75697","title":{"rendered":"Compartimos versi\u00f3n de la participaci\u00f3n inicial de la secretaria de Gobernaci\u00f3n, Rosa Icela Rodr\u00edguez, en la Conferencia del Pueblo."},"content":{"rendered":"\t\t<div data-elementor-type=\"wp-post\" data-elementor-id=\"75697\" class=\"elementor elementor-75697\">\n\t\t\t\t\t\t\t\t\t<section class=\"elementor-section elementor-top-section elementor-element elementor-element-c09b8f0 elementor-section-boxed elementor-section-height-default elementor-section-height-default\" data-id=\"c09b8f0\" data-element_type=\"section\">\n\t\t\t\t\t\t<div class=\"elementor-container elementor-column-gap-default\">\n\t\t\t\t\t<div class=\"elementor-column elementor-col-100 elementor-top-column elementor-element elementor-element-955a561\" data-id=\"955a561\" data-element_type=\"column\">\n\t\t\t<div class=\"elementor-widget-wrap elementor-element-populated\">\n\t\t\t\t\t\t\t\t<div class=\"elementor-element elementor-element-0ce869c elementor-widget elementor-widget-text-editor\" data-id=\"0ce869c\" data-element_type=\"widget\" data-widget_type=\"text-editor.default\">\n\t\t\t\t<div class=\"elementor-widget-container\">\n\t\t\t<style>\/*! elementor - v3.10.2 - 29-01-2023 *\/\n.elementor-widget-text-editor.elementor-drop-cap-view-stacked .elementor-drop-cap{background-color:#818a91;color:#fff}.elementor-widget-text-editor.elementor-drop-cap-view-framed .elementor-drop-cap{color:#818a91;border:3px solid;background-color:transparent}.elementor-widget-text-editor:not(.elementor-drop-cap-view-default) .elementor-drop-cap{margin-top:8px}.elementor-widget-text-editor:not(.elementor-drop-cap-view-default) .elementor-drop-cap-letter{width:1em;height:1em}.elementor-widget-text-editor .elementor-drop-cap{float:left;text-align:center;line-height:1;font-size:50px}.elementor-widget-text-editor .elementor-drop-cap-letter{display:inline-block}<\/style>\t\t\t\t<p>Ciudad de M\u00e9xico, 9 de abril de 2025.- Estamos, hoy aqu\u00ed, con ustedes, porque la Presidenta Claudia Sheinbaum, Presidenta de M\u00e9xico, acudi\u00f3 este mi\u00e9rcoles a Tegucigalpa, Honduras, donde participar\u00e1 en la Novena Cumbre de Jefas y Jefes de Estado y de Gobierno de la Comunidad de Estados Latinoamericanos y Caribe\u00f1os, la Celac.<\/p><p>Y, como ustedes saben, acude a la invitaci\u00f3n de la presidenta Xiomara Castro, a quien entregar\u00e1 la presidencia de la Celac al presidente de Colombia, Gustavo Petro.<\/p><p>Este es un evento en donde est\u00e1 anunciado que acudir\u00e1n presidentes de otras naciones, como el presidente Luiz In\u00e1cio Lula da Silva, de Brasil; Luis Alberto Arce, de Bolivia; Yamand\u00fa Orsi, de Uruguay; Miguel D\u00edaz-Canel, de Cuba, entre otros.<\/p><p>Es un viaje breve, que ella misma explic\u00f3 aqu\u00ed en la Ma\u00f1anera del Pueblo; permanecer\u00e1 all\u00e1 unas horas, por lo que hoy mismo estar\u00e1 de regreso.<\/p><p>Y la Presidenta ha comentado que uno de los planteamientos que har\u00e1 en la Cumbre es que haya m\u00e1s pl\u00e1ticas para la integraci\u00f3n de Am\u00e9rica Latina y el Caribe.<\/p><p>El d\u00eda de hoy estamos aqu\u00ed para diversos temas, que tienen las compa\u00f1eras y compa\u00f1eros. En una primera etapa, estar\u00edamos con la secretaria de Energ\u00eda, Luz Elena Gonz\u00e1lez Escobar; con el subsecretario de Planeaci\u00f3n y Transici\u00f3n Energ\u00e9tica, ingeniero Jorge Isla Samperio.<\/p><p>Tambi\u00e9n est\u00e1 la directora general de la Comisi\u00f3n Federal de Electricidad, Emilia Esther Calleja Alor, ellos estar\u00e1n con el tema \u201cAcciones para ampliar la autosuficiencia energ\u00e9tica\u201d<\/p><p>Enseguida y tambi\u00e9n es para hacerles invitaciones a los que est\u00e1n en la Ma\u00f1anera del Pueblo, el tema de los paquetes tur\u00edsticos para el periodo vacacional de Semana Santa y para ello, hoy nos acompa\u00f1an el general Oscar David Lozano \u00c1guila, director general del Tren Maya, as\u00ed como el general Adolfo H\u00e9ctor Tonatiuh Velasco Bernal, \u00e9l es el director general del GAFSACOMM, y tambi\u00e9n est\u00e1 el general Leobardo \u00c1vila Boj\u00f3rquez, que es el director general de la Aerol\u00ednea del Estado Mexicano, Mexicana de Aviaci\u00f3n.<\/p><p>Tambi\u00e9n est\u00e1 el general Isidoro Pastor Rom\u00e1n, director general del AIFA, y tambi\u00e9n nos acompa\u00f1a el subsecretario Arturo Medina, subsecretario de Derechos Humanos de la Secretar\u00eda de Gobernaci\u00f3n.<\/p><p>Y finalmente, tendremos el \u201cDetector de Mentiras\u201d, est\u00e1 el compa\u00f1ero Miguel Elorza V\u00e1squez, que es el coordinador de Infodemia.<\/p><p>As\u00ed que hay una Ma\u00f1anera del Pueblo, de este espacio de la Presidenta Claudia Sheinbaum, tendremos aqu\u00ed, estos diferentes temas.<\/p><p>As\u00ed que, en primer lugar, estar\u00eda la secretaria de Energ\u00eda, Luz Elena Gonz\u00e1lez.<\/p><p>Adelante, por favor.<\/p><p>\u00a0<\/p><p>Antes de ingresar aqu\u00ed, la madre buscadora, la se\u00f1ora Cecilia Flores nos entreg\u00f3, a quienes est\u00e1bamos por ingresar esta flor, que significa la paz.<\/p><p>Y lo que ella nos pidi\u00f3, al llegar, al ingresar aqu\u00ed, la posibilidad de poderse reunir, su colectivo, con la Presidenta Claudia Sheinbaum, que sabemos que por razones de agenda no est\u00e1 aqu\u00ed.<\/p><p>Rosa Icela Rodr\u00edguez. Bueno, pues ser solidarias con las madres buscadoras. Desde ayer, la se\u00f1ora madre buscadora sabe que tiene una cita conmigo, el viernes, a las 11:00 horas. Este viernes.<\/p><p>Hemos estado en sesiones permanentes con diferentes colectivos, atendiendo con todo respeto a los colectivos de las madres y padres buscadoras.<\/p>\t\t\t\t\t\t<\/div>\n\t\t\t\t<\/div>\n\t\t\t\t\t<\/div>\n\t\t<\/div>\n\t\t\t\t\t\t\t<\/div>\n\t\t<\/section>\n\t\t\t\t\t\t\t<\/div>\n\t\t","protected":false},"excerpt":{"rendered":"<p>Ciudad de M\u00e9xico, 9 de abril de 2025.- Estamos, hoy aqu\u00ed, con ustedes, porque la Presidenta Claudia Sheinbaum, Presidenta de M\u00e9xico, acudi\u00f3 este mi\u00e9rcoles a Tegucigalpa, Honduras, donde participar\u00e1 en la Novena Cumbre de Jefas y Jefes de Estado y de Gobierno de la Comunidad de Estados Latinoamericanos y Caribe\u00f1os, la Celac. Y, como ustedes [&hellip;]<\/p>\n","protected":false},"author":1,"featured_media":75699,"comment_status":"closed","ping_status":"closed","sticky":false,"template":"","format":"standard","meta":[],"categories":[3],"tags":[],"_links":{"self":[{"href":"https:\/\/www.diarionoti7.com.mx\/index.php?rest_route=\/wp\/v2\/posts\/75697"}],"collection":[{"href":"https:\/\/www.diarionoti7.com.mx\/index.php?rest_route=\/wp\/v2\/posts"}],"about":[{"href":"https:\/\/www.diarionoti7.com.mx\/index.php?rest_route=\/wp\/v2\/types\/post"}],"author":[{"embeddable":true,"href":"https:\/\/www.diarionoti7.com.mx\/index.php?rest_route=\/wp\/v2\/users\/1"}],"replies":[{"embeddable":true,"href":"https:\/\/www.diarionoti7.com.mx\/index.php?rest_route=%2Fwp%2Fv2%2Fcomments&post=75697"}],"version-history":[{"count":4,"href":"https:\/\/www.diarionoti7.com.mx\/index.php?rest_route=\/wp\/v2\/posts\/75697\/revisions"}],"predecessor-version":[{"id":75702,"href":"https:\/\/www.diarionoti7.com.mx\/index.php?rest_route=\/wp\/v2\/posts\/75697\/revisions\/75702"}],"wp:featuredmedia":[{"embeddable":true,"href":"https:\/\/www.diarionoti7.com.mx\/index.php?rest_route=\/wp\/v2\/media\/75699"}],"wp:attachment":[{"href":"https:\/\/www.diarionoti7.com.mx\/index.php?rest_route=%2Fwp%2Fv2%2Fmedia&parent=75697"}],"wp:term":[{"taxonomy":"category","embeddable":true,"href":"https:\/\/www.diarionoti7.com.mx\/index.php?rest_route=%2Fwp%2Fv2%2Fcategories&post=75697"},{"taxonomy":"post_tag","embeddable":true,"href":"https:\/\/www.diarionoti7.com.mx\/index.php?rest_route=%2Fwp%2Fv2%2Ftags&post=75697"}],"curies":[{"name":"wp","href":"https:\/\/api.w.org\/{rel}","templated":true}]}}