{"id":75667,"date":"2025-04-10T08:49:41","date_gmt":"2025-04-10T08:49:41","guid":{"rendered":"https:\/\/www.diarionoti7.com.mx\/?p=75667"},"modified":"2025-04-10T17:50:28","modified_gmt":"2025-04-10T17:50:28","slug":"promueve-la-upmh-acciones-para-hacer-conciencia-sobre-el-autismo","status":"publish","type":"post","link":"https:\/\/www.diarionoti7.com.mx\/?p=75667","title":{"rendered":"Promueve la UPMH Acciones Para Hacer Conciencia Sobre el Autismo"},"content":{"rendered":"\t\t<div data-elementor-type=\"wp-post\" data-elementor-id=\"75667\" class=\"elementor elementor-75667\">\n\t\t\t\t\t\t\t\t\t<section class=\"elementor-section elementor-top-section elementor-element elementor-element-c09b8f0 elementor-section-boxed elementor-section-height-default elementor-section-height-default\" data-id=\"c09b8f0\" data-element_type=\"section\">\n\t\t\t\t\t\t<div class=\"elementor-container elementor-column-gap-default\">\n\t\t\t\t\t<div class=\"elementor-column elementor-col-100 elementor-top-column elementor-element elementor-element-955a561\" data-id=\"955a561\" data-element_type=\"column\">\n\t\t\t<div class=\"elementor-widget-wrap elementor-element-populated\">\n\t\t\t\t\t\t\t\t<div class=\"elementor-element elementor-element-0ce869c elementor-widget elementor-widget-text-editor\" data-id=\"0ce869c\" data-element_type=\"widget\" data-widget_type=\"text-editor.default\">\n\t\t\t\t<div class=\"elementor-widget-container\">\n\t\t\t<style>\/*! elementor - v3.10.2 - 29-01-2023 *\/\n.elementor-widget-text-editor.elementor-drop-cap-view-stacked .elementor-drop-cap{background-color:#818a91;color:#fff}.elementor-widget-text-editor.elementor-drop-cap-view-framed .elementor-drop-cap{color:#818a91;border:3px solid;background-color:transparent}.elementor-widget-text-editor:not(.elementor-drop-cap-view-default) .elementor-drop-cap{margin-top:8px}.elementor-widget-text-editor:not(.elementor-drop-cap-view-default) .elementor-drop-cap-letter{width:1em;height:1em}.elementor-widget-text-editor .elementor-drop-cap{float:left;text-align:center;line-height:1;font-size:50px}.elementor-widget-text-editor .elementor-drop-cap-letter{display:inline-block}<\/style>\t\t\t\t<p><strong>-Alumnos quienes viven en esta condici\u00f3n comparten desaf\u00edos y logros en el \u00e1mbito acad\u00e9mico y profesional<\/strong><\/p><p><strong>Pachuca, Hgo., 9 de abril de 2025.-<\/strong>La Universidad Polit\u00e9cnica Metropolitana de Hidalgo (UPMH) realiz\u00f3 una jornada de actividades enfocadas en promover la inclusi\u00f3n, la comprensi\u00f3n y empat\u00eda hacia las personas dentro del espectro autista, en el marco del D\u00eda Mundial de Concientizaci\u00f3n sobre el Autismo.<\/p><p>El rector de la UPMH, Guillermo Mej\u00eda \u00c1ngeles, destac\u00f3 el compromiso institucional con la igualdad y el respeto a la diversidad dentro de su comunidad universitaria.<\/p><p>Adem\u00e1s, estas acciones est\u00e1n alineadas a la visi\u00f3n del secretario de Educaci\u00f3n P\u00fablica, Natividad Castrej\u00f3n Valdez en impulsar una educaci\u00f3n incluyente, equitativa y respetuosa.<\/p><p>La voluntaria de Peace Corps, la licenciada Kaya Hartley, subray\u00f3 la importancia de generar espacios educativos sensibles e inclusivos.<\/p><p>Uno de los momentos m\u00e1s destacados de la jornada fue el panel de testimonios, en el que participaron un estudiante activo y un egresado del programa de Ingenier\u00eda en Animaci\u00f3n y Efectos Visuales. Ambos compartieron sus experiencias personales en el \u00e1mbito acad\u00e9mico y profesional, ofreciendo una visi\u00f3n profunda y significativa sobre los desaf\u00edos y logros que enfrentan las personas con autismo en su camino al \u00e9xito.<\/p><p>La jornada tambi\u00e9n incluy\u00f3 la visita de ni\u00f1os y ni\u00f1as de nivel preescolar de la regi\u00f3n de Tolcayuca, quienes participaron en actividades l\u00fadicas y did\u00e1cticas organizadas por estudiantes de la carrera de Animaci\u00f3n. Estas din\u00e1micas buscaban fomentar la empat\u00eda desde edades tempranas<\/p><p>Para cerrar el d\u00eda, se ofreci\u00f3 la conferencia titulada \u201cEl autismo desde dentro: Una mirada desde la experiencia y la diversidad\u201d, impartida por una profesional en Ciencias de la Educaci\u00f3n, Jessica Lesly Castillo Alcal\u00e1, quien abord\u00f3 la comprensi\u00f3n del autismo desde una perspectiva humana, educativa y vivencial.<\/p>\t\t\t\t\t\t<\/div>\n\t\t\t\t<\/div>\n\t\t\t\t\t<\/div>\n\t\t<\/div>\n\t\t\t\t\t\t\t<\/div>\n\t\t<\/section>\n\t\t\t\t\t\t\t<\/div>\n\t\t","protected":false},"excerpt":{"rendered":"<p>-Alumnos quienes viven en esta condici\u00f3n comparten desaf\u00edos y logros en el \u00e1mbito acad\u00e9mico y profesional Pachuca, Hgo., 9 de abril de 2025.-La Universidad Polit\u00e9cnica Metropolitana de Hidalgo (UPMH) realiz\u00f3 una jornada de actividades enfocadas en promover la inclusi\u00f3n, la comprensi\u00f3n y empat\u00eda hacia las personas dentro del espectro autista, en el marco del D\u00eda [&hellip;]<\/p>\n","protected":false},"author":1,"featured_media":75669,"comment_status":"closed","ping_status":"closed","sticky":false,"template":"","format":"standard","meta":[],"categories":[4],"tags":[],"_links":{"self":[{"href":"https:\/\/www.diarionoti7.com.mx\/index.php?rest_route=\/wp\/v2\/posts\/75667"}],"collection":[{"href":"https:\/\/www.diarionoti7.com.mx\/index.php?rest_route=\/wp\/v2\/posts"}],"about":[{"href":"https:\/\/www.diarionoti7.com.mx\/index.php?rest_route=\/wp\/v2\/types\/post"}],"author":[{"embeddable":true,"href":"https:\/\/www.diarionoti7.com.mx\/index.php?rest_route=\/wp\/v2\/users\/1"}],"replies":[{"embeddable":true,"href":"https:\/\/www.diarionoti7.com.mx\/index.php?rest_route=%2Fwp%2Fv2%2Fcomments&post=75667"}],"version-history":[{"count":4,"href":"https:\/\/www.diarionoti7.com.mx\/index.php?rest_route=\/wp\/v2\/posts\/75667\/revisions"}],"predecessor-version":[{"id":75672,"href":"https:\/\/www.diarionoti7.com.mx\/index.php?rest_route=\/wp\/v2\/posts\/75667\/revisions\/75672"}],"wp:featuredmedia":[{"embeddable":true,"href":"https:\/\/www.diarionoti7.com.mx\/index.php?rest_route=\/wp\/v2\/media\/75669"}],"wp:attachment":[{"href":"https:\/\/www.diarionoti7.com.mx\/index.php?rest_route=%2Fwp%2Fv2%2Fmedia&parent=75667"}],"wp:term":[{"taxonomy":"category","embeddable":true,"href":"https:\/\/www.diarionoti7.com.mx\/index.php?rest_route=%2Fwp%2Fv2%2Fcategories&post=75667"},{"taxonomy":"post_tag","embeddable":true,"href":"https:\/\/www.diarionoti7.com.mx\/index.php?rest_route=%2Fwp%2Fv2%2Ftags&post=75667"}],"curies":[{"name":"wp","href":"https:\/\/api.w.org\/{rel}","templated":true}]}}