{"id":7560,"date":"2023-04-30T17:41:31","date_gmt":"2023-04-30T17:41:31","guid":{"rendered":"https:\/\/www.diarionoti7.com.mx\/?p=7560"},"modified":"2023-04-30T17:42:50","modified_gmt":"2023-04-30T17:42:50","slug":"secretario-general-de-tasquillo-tomara-las-riendas-del-municipio","status":"publish","type":"post","link":"https:\/\/www.diarionoti7.com.mx\/?p=7560","title":{"rendered":"Secretario General De Tasquillo, Tomar\u00e1 Las Riendas Del Municipio"},"content":{"rendered":"\t\t<div data-elementor-type=\"wp-post\" data-elementor-id=\"7560\" class=\"elementor elementor-7560\">\n\t\t\t\t\t\t\t\t\t<section class=\"elementor-section elementor-top-section elementor-element elementor-element-51c23a4c elementor-section-boxed elementor-section-height-default elementor-section-height-default\" data-id=\"51c23a4c\" data-element_type=\"section\">\n\t\t\t\t\t\t<div class=\"elementor-container elementor-column-gap-default\">\n\t\t\t\t\t<div class=\"elementor-column elementor-col-100 elementor-top-column elementor-element elementor-element-7d2e0b6e\" data-id=\"7d2e0b6e\" data-element_type=\"column\">\n\t\t\t<div class=\"elementor-widget-wrap elementor-element-populated\">\n\t\t\t\t\t\t\t\t<div class=\"elementor-element elementor-element-2f2290cd elementor-widget elementor-widget-text-editor\" data-id=\"2f2290cd\" data-element_type=\"widget\" data-widget_type=\"text-editor.default\">\n\t\t\t\t<div class=\"elementor-widget-container\">\n\t\t\t<style>\/*! elementor - v3.10.2 - 29-01-2023 *\/\n.elementor-widget-text-editor.elementor-drop-cap-view-stacked .elementor-drop-cap{background-color:#818a91;color:#fff}.elementor-widget-text-editor.elementor-drop-cap-view-framed .elementor-drop-cap{color:#818a91;border:3px solid;background-color:transparent}.elementor-widget-text-editor:not(.elementor-drop-cap-view-default) .elementor-drop-cap{margin-top:8px}.elementor-widget-text-editor:not(.elementor-drop-cap-view-default) .elementor-drop-cap-letter{width:1em;height:1em}.elementor-widget-text-editor .elementor-drop-cap{float:left;text-align:center;line-height:1;font-size:50px}.elementor-widget-text-editor .elementor-drop-cap-letter{display:inline-block}<\/style>\t\t\t\t<p><strong>Tasquillo, Hgo, 29 de abril 2\u201923.- <\/strong>Humberto Fuentes Portillo, secretario general de Tasquillo, tomar\u00e1 las riendas del municipio por lo pr\u00f3ximos 15 d\u00edas, tras la muerte de Mar\u00eda Isabel Guerrero Trejo, alcaldesa suplente.<\/p><p>A trav\u00e9s de sus plataformas oficiales, el gobierno local inform\u00f3 el nombramiento de Fuentes Portillo, quien fungir\u00e1 como encargado del despacho de la presidencia municipal por 15 d\u00edas, como lo estipula el art\u00edculo 64 de la Ley Org\u00e1nica Municipal para el Estado de Hidalgo.<\/p><p>\u201cLas faltas del presidente municipal que no excedan de 15 d\u00edas ser\u00e1n cubiertas por el secretario general municipal; cuando excedan este t\u00e9rmino ser\u00e1 llamado el suplente; si este faltare, tomar\u00e1 el cargo el regidor que apruebe el Ayuntamiento, si antes no se nombrara el sustituto por el Congreso local\u201d.<\/p><p>En ese sentido, una vez que concluya el periodo de 15 d\u00edas, las y los integrantes de la alcald\u00eda elegir\u00e1n por votaci\u00f3n a una regidora o regidor para presidir la administraci\u00f3n de Tasquillo.<\/p><p>Cabe recordar que, Isabel Guerrero falleci\u00f3 el pasado 26 de abril, luego de asumir la presidencia en febrero de 2021 por la muerte de la alcaldesa electa, Mar\u00eda de Jes\u00fas Ch\u00e1vez<\/p><p>\u00a0<\/p><p>\u201cEste tipo de definiciones pueden tener un impacto, pero ya es una discusi\u00f3n que se cierra\u201d, se\u00f1al\u00f3 el diputado, tras llamar \u201ca seguir para adelante, a salir unidos porque lo que importa, que es ganar las pr\u00f3ximas elecciones\u201d, se\u00f1al\u00f3 Julio Valera Piedras, l\u00edder del CDE del PRI, luego de que \u00a0el Tribunal Electoral del Poder Judicial de la Federaci\u00f3n (TEPJF) dictamin\u00f3 la permanenc\u00eda de Alejandro Moreno hasta 2024 al frente del Partido Revolucionario Institucional\u00a0(PRI).<\/p><p>De esta manera \u00a0Valera Piedras, l\u00edder,\u00a0minimiz\u00f3 el impacto que tendr\u00e1 la resoluci\u00f3n entre la militancia de la entidad en los pr\u00f3ximos procesos electorales .<\/p><p>Sin embargo,\u00a0 frente al cubo de Colosio, sede estatal del PRI,\u00a0fueron localizadas cuatro coronas f\u00fanebres con la leyenda \u201cPRI muerto con Alito y Viggiano\u201d, ambos dirigentes nacionales del tricolor, a quienes parte de la militancia hidalguense no ha respaldado en las \u00faltimas dos elecciones locales, porque las han perdido en las urnas.<\/p><p>Como se recordar\u00e1 en Hialgo surgio una pugna entre el gobernador Omar Fayad y el l\u00edder nacional Alejandro Moreno por la designaci\u00f3n del candidato a gobernador en la elecion en que el PRI fue arrollado por morena\u00a0 con mas de 600 mil sufragios contra poco mas de 300 millogrados por Viggiano Austria, candidta impuesta por \u201cAlito.<\/p><p>Luego vino otro distanciamiento\u00a0 por la designaci\u00f3n de los delegados nacionales del PRI donde el ex gobernador Fayad Meneses encabezaba el grupo de delegados de Hidalgo misma que fue descalificada por Alito.<\/p><p>Tambien el \u00a0ex gobernador\u00a0Miguel \u00c1ngel Osorio Chong, actual senador de la Rep\u00fablica, \u00a0se han pronunciado en contra de la extensi\u00f3n de la dirigencia de Alejandro Moreno y Carolina Viggiano, como presidente y secretaria general del CEN del PRI, respectivamente, por considerarla como ilegal al cambiar los estatutos a su favor incluso Osorio Chong fue removido como Coordinador de los senadores del PRI en el Senado de la Republica, por lo que el distanciamiento en el tricolor en Hidalgo es definitgivo<\/p><p>Pero \u00a0Julio Valera<em>,<\/em> asegura: <em>\u00a0<\/em>\u201clos priistas somos dem\u00f3cratas y siempre hemos dicho que nos hacemos en el debate de las ideas, en el debate pol\u00edtico, pero somos respetuosos de la Ley\u201d, pues esas instituciones se crearon para dirimir las diferencias. Sin embargo, reconoci\u00f3 que tiene que existir una reconciliaci\u00f3n, mirar hacia adelante, \u201carremangarnos las mangas y a trabajar\u201d.<\/p><p>Destaco adem\u00e1s\u00a0 que \u201cLos partidos tenemos diferencias y particularmente el PRI es claro que las diferencias se dirimen en los marcos legales que hemos construido. Hoy hay una definici\u00f3n del TEPJF y con base en esta tenemos que seguir trabajando porque nosotros respetamos la ley\u201d<em>.<\/em><\/p><p>.<\/p>\t\t\t\t\t\t<\/div>\n\t\t\t\t<\/div>\n\t\t\t\t\t<\/div>\n\t\t<\/div>\n\t\t\t\t\t\t\t<\/div>\n\t\t<\/section>\n\t\t\t\t\t\t\t<\/div>\n\t\t","protected":false},"excerpt":{"rendered":"<p>Tasquillo, Hgo, 29 de abril 2\u201923.- Humberto Fuentes Portillo, secretario general de Tasquillo, tomar\u00e1 las riendas del municipio por lo pr\u00f3ximos 15 d\u00edas, tras la muerte de Mar\u00eda Isabel Guerrero Trejo, alcaldesa suplente. A trav\u00e9s de sus plataformas oficiales, el gobierno local inform\u00f3 el nombramiento de Fuentes Portillo, quien fungir\u00e1 como encargado del despacho de [&hellip;]<\/p>\n","protected":false},"author":1,"featured_media":7562,"comment_status":"closed","ping_status":"closed","sticky":false,"template":"","format":"standard","meta":[],"categories":[3],"tags":[],"_links":{"self":[{"href":"https:\/\/www.diarionoti7.com.mx\/index.php?rest_route=\/wp\/v2\/posts\/7560"}],"collection":[{"href":"https:\/\/www.diarionoti7.com.mx\/index.php?rest_route=\/wp\/v2\/posts"}],"about":[{"href":"https:\/\/www.diarionoti7.com.mx\/index.php?rest_route=\/wp\/v2\/types\/post"}],"author":[{"embeddable":true,"href":"https:\/\/www.diarionoti7.com.mx\/index.php?rest_route=\/wp\/v2\/users\/1"}],"replies":[{"embeddable":true,"href":"https:\/\/www.diarionoti7.com.mx\/index.php?rest_route=%2Fwp%2Fv2%2Fcomments&post=7560"}],"version-history":[{"count":4,"href":"https:\/\/www.diarionoti7.com.mx\/index.php?rest_route=\/wp\/v2\/posts\/7560\/revisions"}],"predecessor-version":[{"id":7565,"href":"https:\/\/www.diarionoti7.com.mx\/index.php?rest_route=\/wp\/v2\/posts\/7560\/revisions\/7565"}],"wp:featuredmedia":[{"embeddable":true,"href":"https:\/\/www.diarionoti7.com.mx\/index.php?rest_route=\/wp\/v2\/media\/7562"}],"wp:attachment":[{"href":"https:\/\/www.diarionoti7.com.mx\/index.php?rest_route=%2Fwp%2Fv2%2Fmedia&parent=7560"}],"wp:term":[{"taxonomy":"category","embeddable":true,"href":"https:\/\/www.diarionoti7.com.mx\/index.php?rest_route=%2Fwp%2Fv2%2Fcategories&post=7560"},{"taxonomy":"post_tag","embeddable":true,"href":"https:\/\/www.diarionoti7.com.mx\/index.php?rest_route=%2Fwp%2Fv2%2Ftags&post=7560"}],"curies":[{"name":"wp","href":"https:\/\/api.w.org\/{rel}","templated":true}]}}