{"id":75578,"date":"2025-04-09T09:16:48","date_gmt":"2025-04-09T09:16:48","guid":{"rendered":"https:\/\/www.diarionoti7.com.mx\/?p=75578"},"modified":"2025-04-09T18:17:43","modified_gmt":"2025-04-09T18:17:43","slug":"imposicion-de-aranceles-genera-incertidumbre-global","status":"publish","type":"post","link":"https:\/\/www.diarionoti7.com.mx\/?p=75578","title":{"rendered":"Imposici\u00f3n de Aranceles Genera Incertidumbre Global"},"content":{"rendered":"\t\t<div data-elementor-type=\"wp-post\" data-elementor-id=\"75578\" class=\"elementor elementor-75578\">\n\t\t\t\t\t\t\t\t\t<section class=\"elementor-section elementor-top-section elementor-element elementor-element-c09b8f0 elementor-section-boxed elementor-section-height-default elementor-section-height-default\" data-id=\"c09b8f0\" data-element_type=\"section\">\n\t\t\t\t\t\t<div class=\"elementor-container elementor-column-gap-default\">\n\t\t\t\t\t<div class=\"elementor-column elementor-col-100 elementor-top-column elementor-element elementor-element-955a561\" data-id=\"955a561\" data-element_type=\"column\">\n\t\t\t<div class=\"elementor-widget-wrap elementor-element-populated\">\n\t\t\t\t\t\t\t\t<div class=\"elementor-element elementor-element-0ce869c elementor-widget elementor-widget-text-editor\" data-id=\"0ce869c\" data-element_type=\"widget\" data-widget_type=\"text-editor.default\">\n\t\t\t\t<div class=\"elementor-widget-container\">\n\t\t\t<style>\/*! elementor - v3.10.2 - 29-01-2023 *\/\n.elementor-widget-text-editor.elementor-drop-cap-view-stacked .elementor-drop-cap{background-color:#818a91;color:#fff}.elementor-widget-text-editor.elementor-drop-cap-view-framed .elementor-drop-cap{color:#818a91;border:3px solid;background-color:transparent}.elementor-widget-text-editor:not(.elementor-drop-cap-view-default) .elementor-drop-cap{margin-top:8px}.elementor-widget-text-editor:not(.elementor-drop-cap-view-default) .elementor-drop-cap-letter{width:1em;height:1em}.elementor-widget-text-editor .elementor-drop-cap{float:left;text-align:center;line-height:1;font-size:50px}.elementor-widget-text-editor .elementor-drop-cap-letter{display:inline-block}<\/style>\t\t\t\t<p><strong>Pachuca, Hgo., 8 de abril de 2025.-<\/strong>En la Confederaci\u00f3n Patronal de la Rep\u00fablica Mexicana (COPARMEX) reiteramos nuestro compromiso con el libre comercio como un motor fundamental para la competitividad y el desarrollo de las naciones, se\u00f1al\u00f3 Juan Manuel Batres Campos, Presidente en Hidalgo, respecto a la reciente imposici\u00f3n de aranceles generales por parte del gobierno de Estados Unidos.<\/p><p>Si bien la medida establece aranceles rec\u00edprocos para diversos pa\u00edses, la publicaci\u00f3n oficial de la Casa Blanca confirma que M\u00e9xico y Canad\u00e1 mantienen los t\u00e9rminos comerciales previamente negociados. Esto significa que los productos que cumplen con las reglas del T-MEC seguir\u00e1n sujetos a un arancel del 0%, mientras que aquellos que no las cumplan enfrentar\u00e1n un arancel del 25%. En el caso de energ\u00e9ticos, la tarifa ser\u00e1 del 10% para los productos fuera del marco del T-MEC. Adem\u00e1s, se mantienen los aranceles del 25% al acero, aluminio y autom\u00f3viles.<\/p><p>Consider\u00f3 que el anuncio de estos nuevos aranceles ocurre en un momento en que la econom\u00eda global enfrenta retos significativos, por lo que estaremos atentos a los detalles y alcances de la medida anunciada para analizar sus implicaciones en M\u00e9xico\u201d, coment\u00f3.<\/p><p>\u201cEn un contexto internacional adverso, es prioritario garantizar seguridad, energ\u00eda y certeza jur\u00eddica, reducir la carga burocr\u00e1tica y generar un entorno propicio para el desarrollo empresarial. S\u00f3lo as\u00ed podremos enfrentar los desaf\u00edos globales y aprovechar las oportunidades que el comercio internacional ofrece a nuestra econom\u00eda\u201d.<\/p><p>Batres Campos se\u00f1al\u00f3 que ante este panorama Coparmex a nivel nacional reafirma su compromiso con la apertura comercial, la innovaci\u00f3n, la integraci\u00f3n econ\u00f3mica y el fortalecimiento de nuestras capacidades productivas, \u201cseguiremos impulsando el desarrollo de M\u00e9xico a trav\u00e9s de un modelo que privilegie la competitividad, la innovaci\u00f3n y el crecimiento con justicia social, donde el comercio beneficie a todos, porque el mundo necesita m\u00e1s integraci\u00f3n, no barreras proteccionistas\u201d, concluy\u00f3.<\/p>\t\t\t\t\t\t<\/div>\n\t\t\t\t<\/div>\n\t\t\t\t\t<\/div>\n\t\t<\/div>\n\t\t\t\t\t\t\t<\/div>\n\t\t<\/section>\n\t\t\t\t\t\t\t<\/div>\n\t\t","protected":false},"excerpt":{"rendered":"<p>Pachuca, Hgo., 8 de abril de 2025.-En la Confederaci\u00f3n Patronal de la Rep\u00fablica Mexicana (COPARMEX) reiteramos nuestro compromiso con el libre comercio como un motor fundamental para la competitividad y el desarrollo de las naciones, se\u00f1al\u00f3 Juan Manuel Batres Campos, Presidente en Hidalgo, respecto a la reciente imposici\u00f3n de aranceles generales por parte del gobierno [&hellip;]<\/p>\n","protected":false},"author":1,"featured_media":32175,"comment_status":"closed","ping_status":"closed","sticky":false,"template":"","format":"standard","meta":[],"categories":[6],"tags":[],"_links":{"self":[{"href":"https:\/\/www.diarionoti7.com.mx\/index.php?rest_route=\/wp\/v2\/posts\/75578"}],"collection":[{"href":"https:\/\/www.diarionoti7.com.mx\/index.php?rest_route=\/wp\/v2\/posts"}],"about":[{"href":"https:\/\/www.diarionoti7.com.mx\/index.php?rest_route=\/wp\/v2\/types\/post"}],"author":[{"embeddable":true,"href":"https:\/\/www.diarionoti7.com.mx\/index.php?rest_route=\/wp\/v2\/users\/1"}],"replies":[{"embeddable":true,"href":"https:\/\/www.diarionoti7.com.mx\/index.php?rest_route=%2Fwp%2Fv2%2Fcomments&post=75578"}],"version-history":[{"count":4,"href":"https:\/\/www.diarionoti7.com.mx\/index.php?rest_route=\/wp\/v2\/posts\/75578\/revisions"}],"predecessor-version":[{"id":75582,"href":"https:\/\/www.diarionoti7.com.mx\/index.php?rest_route=\/wp\/v2\/posts\/75578\/revisions\/75582"}],"wp:featuredmedia":[{"embeddable":true,"href":"https:\/\/www.diarionoti7.com.mx\/index.php?rest_route=\/wp\/v2\/media\/32175"}],"wp:attachment":[{"href":"https:\/\/www.diarionoti7.com.mx\/index.php?rest_route=%2Fwp%2Fv2%2Fmedia&parent=75578"}],"wp:term":[{"taxonomy":"category","embeddable":true,"href":"https:\/\/www.diarionoti7.com.mx\/index.php?rest_route=%2Fwp%2Fv2%2Fcategories&post=75578"},{"taxonomy":"post_tag","embeddable":true,"href":"https:\/\/www.diarionoti7.com.mx\/index.php?rest_route=%2Fwp%2Fv2%2Ftags&post=75578"}],"curies":[{"name":"wp","href":"https:\/\/api.w.org\/{rel}","templated":true}]}}