{"id":75572,"date":"2025-04-09T09:15:58","date_gmt":"2025-04-09T09:15:58","guid":{"rendered":"https:\/\/www.diarionoti7.com.mx\/?p=75572"},"modified":"2025-04-09T18:16:38","modified_gmt":"2025-04-09T18:16:38","slug":"cecyte-hidalgo-destaca-en-el-festival-nacional-academico-de-ciencia-y-tecnologia-2025","status":"publish","type":"post","link":"https:\/\/www.diarionoti7.com.mx\/?p=75572","title":{"rendered":"CECyTE Hidalgo destaca en el Festival Nacional Acad\u00e9mico de Ciencia y Tecnolog\u00eda 2025"},"content":{"rendered":"\t\t<div data-elementor-type=\"wp-post\" data-elementor-id=\"75572\" class=\"elementor elementor-75572\">\n\t\t\t\t\t\t\t\t\t<section class=\"elementor-section elementor-top-section elementor-element elementor-element-c09b8f0 elementor-section-boxed elementor-section-height-default elementor-section-height-default\" data-id=\"c09b8f0\" data-element_type=\"section\">\n\t\t\t\t\t\t<div class=\"elementor-container elementor-column-gap-default\">\n\t\t\t\t\t<div class=\"elementor-column elementor-col-100 elementor-top-column elementor-element elementor-element-955a561\" data-id=\"955a561\" data-element_type=\"column\">\n\t\t\t<div class=\"elementor-widget-wrap elementor-element-populated\">\n\t\t\t\t\t\t\t\t<div class=\"elementor-element elementor-element-0ce869c elementor-widget elementor-widget-text-editor\" data-id=\"0ce869c\" data-element_type=\"widget\" data-widget_type=\"text-editor.default\">\n\t\t\t\t<div class=\"elementor-widget-container\">\n\t\t\t<style>\/*! elementor - v3.10.2 - 29-01-2023 *\/\n.elementor-widget-text-editor.elementor-drop-cap-view-stacked .elementor-drop-cap{background-color:#818a91;color:#fff}.elementor-widget-text-editor.elementor-drop-cap-view-framed .elementor-drop-cap{color:#818a91;border:3px solid;background-color:transparent}.elementor-widget-text-editor:not(.elementor-drop-cap-view-default) .elementor-drop-cap{margin-top:8px}.elementor-widget-text-editor:not(.elementor-drop-cap-view-default) .elementor-drop-cap-letter{width:1em;height:1em}.elementor-widget-text-editor .elementor-drop-cap{float:left;text-align:center;line-height:1;font-size:50px}.elementor-widget-text-editor .elementor-drop-cap-letter{display:inline-block}<\/style>\t\t\t\t<p><strong>-Estudiantes lograron tres primeros lugares, un segundo lugar y tercer lugar<\/strong><\/p><p><strong>Pachuca, Hgo., 8 de abril de 2025.-<\/strong>El Colegio de Estudios Cient\u00edficos y Tecnol\u00f3gicos del Estado de Hidalgo (CECyTE) destac\u00f3 como uno de los mejores del pa\u00eds en el Festival Nacional Acad\u00e9mico de Ciencias y Tecnolog\u00edas, celebrado recientemente en\u00a0 Valladolid, Yucat\u00e1n.<\/p><p>Con una participaci\u00f3n sobresaliente, los estudiantes del CECyTE Hidalgo lograron tres primeros lugares, un segundo lugar y un tercer lugar en diferentes disciplinas acad\u00e9micas, demostrando su excelencia y compromiso con la educaci\u00f3n.<\/p><p>Los estudiantes ganadores del primer lugar son: Diego Vargas Arcos en Pensamiento Matem\u00e1tico del CECyTEH plantel Tizayuca; Anel Alexandra Castillo Villeda en Lengua y Comunicaci\u00f3n del CECyTEH plantel Tepetitl\u00e1n; y Nathalia Olvera D\u00edaz en Ciencias Sociales del CECyTEH plantel Huichapan.<\/p><p>Mientras que el segundo lugar lo obtuvo Leandro Ortega Rosales en Ciencias Naturales, Experimentales y Tecnol\u00f3gicas del CECyTEH plantel Tulancingo y el tercer lugar fue para Fidel Vladimir Dami\u00e1n Hern\u00e1ndez en C\u00e1lculo Integral del CECyTEH plantel Ixmiquilpan.<\/p><p>El Director General del CECyTE Hidalgo, Edmundo Ram\u00edrez Mart\u00ednez, destac\u00f3 que el \u00e9xito de los estudiantes y asesores refleja el s\u00f3lido respaldo institucional del Gobierno del Estado, encabezado por el Gobernador Julio Menchaca Salazar y el Secretario de Educaci\u00f3n, Natividad Castrej\u00f3n Valdez, que, con la visi\u00f3n y liderazgo en educaci\u00f3n, han posicionado a Hidalgo como un estado destacado a nivel nacional e internacional.<\/p><p>Este certamen reuni\u00f3 a m\u00e1s de medio mill\u00f3n de estudiantes de todas las entidades federativas del pa\u00eds, quienes compitieron en diferentes disciplinas acad\u00e9micas a lo largo de tres etapas: regional, estatal y nacional. Esta competencia es fundamental para el desarrollo de habilidades cient\u00edficas y tecnol\u00f3gicas de las y los alumnos.<\/p><p>Los excelentes resultados obtenidos, posicionan a Hidalgo entre los estados m\u00e1s destacados a nivel nacional, consolidando su liderazgo en la formaci\u00f3n de estudiantes capacitados con un futuro prometedor en Ciencia y Tecnolog\u00eda.<\/p>\t\t\t\t\t\t<\/div>\n\t\t\t\t<\/div>\n\t\t\t\t\t<\/div>\n\t\t<\/div>\n\t\t\t\t\t\t\t<\/div>\n\t\t<\/section>\n\t\t\t\t\t\t\t<\/div>\n\t\t","protected":false},"excerpt":{"rendered":"<p>-Estudiantes lograron tres primeros lugares, un segundo lugar y tercer lugar Pachuca, Hgo., 8 de abril de 2025.-El Colegio de Estudios Cient\u00edficos y Tecnol\u00f3gicos del Estado de Hidalgo (CECyTE) destac\u00f3 como uno de los mejores del pa\u00eds en el Festival Nacional Acad\u00e9mico de Ciencias y Tecnolog\u00edas, celebrado recientemente en\u00a0 Valladolid, Yucat\u00e1n. Con una participaci\u00f3n sobresaliente, [&hellip;]<\/p>\n","protected":false},"author":1,"featured_media":75574,"comment_status":"closed","ping_status":"closed","sticky":false,"template":"","format":"standard","meta":[],"categories":[4],"tags":[],"_links":{"self":[{"href":"https:\/\/www.diarionoti7.com.mx\/index.php?rest_route=\/wp\/v2\/posts\/75572"}],"collection":[{"href":"https:\/\/www.diarionoti7.com.mx\/index.php?rest_route=\/wp\/v2\/posts"}],"about":[{"href":"https:\/\/www.diarionoti7.com.mx\/index.php?rest_route=\/wp\/v2\/types\/post"}],"author":[{"embeddable":true,"href":"https:\/\/www.diarionoti7.com.mx\/index.php?rest_route=\/wp\/v2\/users\/1"}],"replies":[{"embeddable":true,"href":"https:\/\/www.diarionoti7.com.mx\/index.php?rest_route=%2Fwp%2Fv2%2Fcomments&post=75572"}],"version-history":[{"count":4,"href":"https:\/\/www.diarionoti7.com.mx\/index.php?rest_route=\/wp\/v2\/posts\/75572\/revisions"}],"predecessor-version":[{"id":75577,"href":"https:\/\/www.diarionoti7.com.mx\/index.php?rest_route=\/wp\/v2\/posts\/75572\/revisions\/75577"}],"wp:featuredmedia":[{"embeddable":true,"href":"https:\/\/www.diarionoti7.com.mx\/index.php?rest_route=\/wp\/v2\/media\/75574"}],"wp:attachment":[{"href":"https:\/\/www.diarionoti7.com.mx\/index.php?rest_route=%2Fwp%2Fv2%2Fmedia&parent=75572"}],"wp:term":[{"taxonomy":"category","embeddable":true,"href":"https:\/\/www.diarionoti7.com.mx\/index.php?rest_route=%2Fwp%2Fv2%2Fcategories&post=75572"},{"taxonomy":"post_tag","embeddable":true,"href":"https:\/\/www.diarionoti7.com.mx\/index.php?rest_route=%2Fwp%2Fv2%2Ftags&post=75572"}],"curies":[{"name":"wp","href":"https:\/\/api.w.org\/{rel}","templated":true}]}}