{"id":7536,"date":"2023-04-30T17:30:58","date_gmt":"2023-04-30T17:30:58","guid":{"rendered":"https:\/\/www.diarionoti7.com.mx\/?p=7536"},"modified":"2023-04-30T17:32:33","modified_gmt":"2023-04-30T17:32:33","slug":"inauguran-en-tula-segunda-caja-de-la-financiera-del-bienestar","status":"publish","type":"post","link":"https:\/\/www.diarionoti7.com.mx\/?p=7536","title":{"rendered":"Inauguran en Tula, Segunda Caja de la Financiera del Bienestar"},"content":{"rendered":"\t\t<div data-elementor-type=\"wp-post\" data-elementor-id=\"7536\" class=\"elementor elementor-7536\">\n\t\t\t\t\t\t\t\t\t<section class=\"elementor-section elementor-top-section elementor-element elementor-element-51c23a4c elementor-section-boxed elementor-section-height-default elementor-section-height-default\" data-id=\"51c23a4c\" data-element_type=\"section\">\n\t\t\t\t\t\t<div class=\"elementor-container elementor-column-gap-default\">\n\t\t\t\t\t<div class=\"elementor-column elementor-col-100 elementor-top-column elementor-element elementor-element-7d2e0b6e\" data-id=\"7d2e0b6e\" data-element_type=\"column\">\n\t\t\t<div class=\"elementor-widget-wrap elementor-element-populated\">\n\t\t\t\t\t\t\t\t<div class=\"elementor-element elementor-element-2f2290cd elementor-widget elementor-widget-text-editor\" data-id=\"2f2290cd\" data-element_type=\"widget\" data-widget_type=\"text-editor.default\">\n\t\t\t\t<div class=\"elementor-widget-container\">\n\t\t\t<style>\/*! elementor - v3.10.2 - 29-01-2023 *\/\n.elementor-widget-text-editor.elementor-drop-cap-view-stacked .elementor-drop-cap{background-color:#818a91;color:#fff}.elementor-widget-text-editor.elementor-drop-cap-view-framed .elementor-drop-cap{color:#818a91;border:3px solid;background-color:transparent}.elementor-widget-text-editor:not(.elementor-drop-cap-view-default) .elementor-drop-cap{margin-top:8px}.elementor-widget-text-editor:not(.elementor-drop-cap-view-default) .elementor-drop-cap-letter{width:1em;height:1em}.elementor-widget-text-editor .elementor-drop-cap{float:left;text-align:center;line-height:1;font-size:50px}.elementor-widget-text-editor .elementor-drop-cap-letter{display:inline-block}<\/style>\t\t\t\t<p><strong>TULA de allende, Hgo, 28 de abril 2023.- .-<\/strong> Con el objetivo de mejorar y fortalecer los servicios que las dependencias de los tres \u00f3rdenes de gobierno brindan a la ciudadan\u00eda, es que el secretario de gobierno Guillermo Olivares Reyna y la directora general de la Financiera para el Bienestar Roc\u00edo Mej\u00eda Flores, inauguraron la segunda ventanilla del bienestar dentro de las instalaciones del Registro P\u00fablico de la Propiedad y el Comercio, en el municipio de Tula de Allende.<\/p><p>En su participaci\u00f3n Olivares Reyna coment\u00f3 que la coordinaci\u00f3n entre las dependencias estatales y federales es fundamental, pues permite trabajar de mejor manera en la implementaci\u00f3n de acciones y proyectos para multiplicar los beneficios para la ciudadan\u00eda.<\/p><p>Estas cajas dentro de las oficinas permiten agilizar los tr\u00e1mites que las y los usuarios realizan en dicha instituci\u00f3n; de igual manera el funcionario estatal supervis\u00f3 el trato y atenci\u00f3n que brindan quienes ah\u00ed laboran y los invit\u00f3 a ser cordiales, amables, resolutivos y que tengan una actitud respetuosa.<\/p><p>Mencion\u00f3: \u201cEs momento de poner orden y que todos cumplamos con lo que nos toca en donde estemos; hacerlo bien y procurar que lo que podamos aportar sea de la mejor manera.\u201d<\/p><p>En este evento tambi\u00e9n participaron el delegado del Bienestar en Hidalgo Abraham Mendoza; el titular del Instituto de la Funci\u00f3n Registral, Arturo Sosa; la presidenta del Colegio de Notarios, Lidia Patricia Mart\u00ednez, y el gerente estatal de la Financiera del Bienestar \u00d3scar Guzm\u00e1n Ju\u00e1rez.<\/p><p>\u00a0<\/p>\t\t\t\t\t\t<\/div>\n\t\t\t\t<\/div>\n\t\t\t\t\t<\/div>\n\t\t<\/div>\n\t\t\t\t\t\t\t<\/div>\n\t\t<\/section>\n\t\t\t\t\t\t\t<\/div>\n\t\t","protected":false},"excerpt":{"rendered":"<p>TULA de allende, Hgo, 28 de abril 2023.- .- Con el objetivo de mejorar y fortalecer los servicios que las dependencias de los tres \u00f3rdenes de gobierno brindan a la ciudadan\u00eda, es que el secretario de gobierno Guillermo Olivares Reyna y la directora general de la Financiera para el Bienestar Roc\u00edo Mej\u00eda Flores, inauguraron la [&hellip;]<\/p>\n","protected":false},"author":1,"featured_media":7538,"comment_status":"closed","ping_status":"closed","sticky":false,"template":"","format":"standard","meta":[],"categories":[6],"tags":[],"_links":{"self":[{"href":"https:\/\/www.diarionoti7.com.mx\/index.php?rest_route=\/wp\/v2\/posts\/7536"}],"collection":[{"href":"https:\/\/www.diarionoti7.com.mx\/index.php?rest_route=\/wp\/v2\/posts"}],"about":[{"href":"https:\/\/www.diarionoti7.com.mx\/index.php?rest_route=\/wp\/v2\/types\/post"}],"author":[{"embeddable":true,"href":"https:\/\/www.diarionoti7.com.mx\/index.php?rest_route=\/wp\/v2\/users\/1"}],"replies":[{"embeddable":true,"href":"https:\/\/www.diarionoti7.com.mx\/index.php?rest_route=%2Fwp%2Fv2%2Fcomments&post=7536"}],"version-history":[{"count":4,"href":"https:\/\/www.diarionoti7.com.mx\/index.php?rest_route=\/wp\/v2\/posts\/7536\/revisions"}],"predecessor-version":[{"id":7541,"href":"https:\/\/www.diarionoti7.com.mx\/index.php?rest_route=\/wp\/v2\/posts\/7536\/revisions\/7541"}],"wp:featuredmedia":[{"embeddable":true,"href":"https:\/\/www.diarionoti7.com.mx\/index.php?rest_route=\/wp\/v2\/media\/7538"}],"wp:attachment":[{"href":"https:\/\/www.diarionoti7.com.mx\/index.php?rest_route=%2Fwp%2Fv2%2Fmedia&parent=7536"}],"wp:term":[{"taxonomy":"category","embeddable":true,"href":"https:\/\/www.diarionoti7.com.mx\/index.php?rest_route=%2Fwp%2Fv2%2Fcategories&post=7536"},{"taxonomy":"post_tag","embeddable":true,"href":"https:\/\/www.diarionoti7.com.mx\/index.php?rest_route=%2Fwp%2Fv2%2Ftags&post=7536"}],"curies":[{"name":"wp","href":"https:\/\/api.w.org\/{rel}","templated":true}]}}