{"id":7515,"date":"2023-04-29T18:36:43","date_gmt":"2023-04-29T18:36:43","guid":{"rendered":"https:\/\/www.diarionoti7.com.mx\/?p=7515"},"modified":"2023-04-29T18:37:43","modified_gmt":"2023-04-29T18:37:43","slug":"reunion-del-gobernador-julio-menchaca-con-27-ediles-aborda-el-tama-del-fais","status":"publish","type":"post","link":"https:\/\/www.diarionoti7.com.mx\/?p=7515","title":{"rendered":"Reunion del Gobernador Julio Menchaca con 27 Ediles Aborda el Tama del FAIS"},"content":{"rendered":"\t\t<div data-elementor-type=\"wp-post\" data-elementor-id=\"7515\" class=\"elementor elementor-7515\">\n\t\t\t\t\t\t\t\t\t<section class=\"elementor-section elementor-top-section elementor-element elementor-element-51c23a4c elementor-section-boxed elementor-section-height-default elementor-section-height-default\" data-id=\"51c23a4c\" data-element_type=\"section\">\n\t\t\t\t\t\t<div class=\"elementor-container elementor-column-gap-default\">\n\t\t\t\t\t<div class=\"elementor-column elementor-col-100 elementor-top-column elementor-element elementor-element-7d2e0b6e\" data-id=\"7d2e0b6e\" data-element_type=\"column\">\n\t\t\t<div class=\"elementor-widget-wrap elementor-element-populated\">\n\t\t\t\t\t\t\t\t<div class=\"elementor-element elementor-element-2f2290cd elementor-widget elementor-widget-text-editor\" data-id=\"2f2290cd\" data-element_type=\"widget\" data-widget_type=\"text-editor.default\">\n\t\t\t\t<div class=\"elementor-widget-container\">\n\t\t\t<style>\/*! elementor - v3.10.2 - 29-01-2023 *\/\n.elementor-widget-text-editor.elementor-drop-cap-view-stacked .elementor-drop-cap{background-color:#818a91;color:#fff}.elementor-widget-text-editor.elementor-drop-cap-view-framed .elementor-drop-cap{color:#818a91;border:3px solid;background-color:transparent}.elementor-widget-text-editor:not(.elementor-drop-cap-view-default) .elementor-drop-cap{margin-top:8px}.elementor-widget-text-editor:not(.elementor-drop-cap-view-default) .elementor-drop-cap-letter{width:1em;height:1em}.elementor-widget-text-editor .elementor-drop-cap{float:left;text-align:center;line-height:1;font-size:50px}.elementor-widget-text-editor .elementor-drop-cap-letter{display:inline-block}<\/style>\t\t\t\t<p><strong>*Para Garantizar la Honestidad, Transparencia y Rendici\u00f3n de Cuentas del Fondo de Aportaciones para la Infraestructura Social (FAIS)<\/strong><\/p><p><strong>Pachuca, Hgo, 28 de abril 2023.- <\/strong>Continuando con el trabajo colaborativo, me reun\u00ed con el segundo bloque de presidentas y presidentes municipales para tratar el tema del Fondo de Aportaciones para la Infraestructura Social (FAIS), recurso con el que se podr\u00e1n atender las necesidades m\u00e1s sentidas de las y los hidalguenses, empezando por los servicios b\u00e1sicos, dio a conocer el gobernador Julio Menchaca Salazar .<\/p><p>Con la presencia de 27 presidentes y presidentas municipales, el gobernador Julio Menchaca Salazar presidi\u00f3 \u00a0la segunda mesa de trabajo sobre el decreto del\u00a0Fondo de Aportaciones para la Infraestructura Social\u00a0(FAIS), para acceder a l\u00edneas de financiamiento.<\/p><p>Ante los ediles Menchca Salazar destac\u00f3 \u201cNuestro compromiso como gobierno es que toda la estructura trabaje coordinadamente con todas y todos ustedes, porque esto nos permitir\u00e1 transformar a Hidalgo; por ello es que hoy tambi\u00e9n nos acompa\u00f1a el titular de Banobras en la entidad, Salvador Tallabs, para que ustedes puedan utilizar las herramientas que esta instituci\u00f3n bancaria nos ofrece y as\u00ed impulsar el desarrollo de Hidalgo\u201d.<\/p><p>Explic\u00f3 el mandatario que el acompa\u00f1amiento a las alcald\u00edas busca garantizar la honestidad, transparencia y rendici\u00f3n de cuentas; y destac\u00f3 que tambi\u00e9n se trabajar\u00e1 en coordinaci\u00f3n con el\u00a0Banco Nacional de Obras y Servicios P\u00fablicos\u00a0(Banobras).<\/p><p>Adem\u00e1s, indic\u00f3 que la Secretar\u00eda del Despacho de la Persona Titular del Poder Ejecutivo, a cargo de Alejandro Vel\u00e1zquez Mendoza, ser\u00e1 el v\u00ednculo para atender a quienes lo requieran, con el fin de dar soluci\u00f3n a las problem\u00e1ticas de manera inmediata y oportuna.<\/p><p>Vel\u00e1zquez Mendoza expres\u00f3 su disposici\u00f3n de apoyar en cualquier asunto, pero principalmente en la coordinaci\u00f3n de las giras, reuniones, audiencias y los eventos p\u00fablicos; as\u00ed como brindar la atenci\u00f3n al pueblo de manera presencial y virtual.<\/p><p>Destac\u00f3 que \u201cLa instrucci\u00f3n del gobernador es que todas y todos los funcionarios de su despacho estemos atentos a ustedes, a trav\u00e9s de una comunicaci\u00f3n abierta y cordial; adem\u00e1s, que construyamos una agenda de trabajo transformadora, progresista, audaz, necesariamente disruptiva, con la finalidad de transformar a Hidalgo\u201d.<\/p><p>Por su parte, las y los alcaldes presentes se comprometieron a trabajar en beneficio de la entidad, ya que consideraron que mientras le vaya bien al pueblo hidalguense, a todos les ir\u00e1 bien<\/p>\t\t\t\t\t\t<\/div>\n\t\t\t\t<\/div>\n\t\t\t\t\t<\/div>\n\t\t<\/div>\n\t\t\t\t\t\t\t<\/div>\n\t\t<\/section>\n\t\t\t\t\t\t\t<\/div>\n\t\t","protected":false},"excerpt":{"rendered":"<p>*Para Garantizar la Honestidad, Transparencia y Rendici\u00f3n de Cuentas del Fondo de Aportaciones para la Infraestructura Social (FAIS) Pachuca, Hgo, 28 de abril 2023.- Continuando con el trabajo colaborativo, me reun\u00ed con el segundo bloque de presidentas y presidentes municipales para tratar el tema del Fondo de Aportaciones para la Infraestructura Social (FAIS), recurso con [&hellip;]<\/p>\n","protected":false},"author":1,"featured_media":7517,"comment_status":"closed","ping_status":"closed","sticky":false,"template":"","format":"standard","meta":[],"categories":[7],"tags":[],"_links":{"self":[{"href":"https:\/\/www.diarionoti7.com.mx\/index.php?rest_route=\/wp\/v2\/posts\/7515"}],"collection":[{"href":"https:\/\/www.diarionoti7.com.mx\/index.php?rest_route=\/wp\/v2\/posts"}],"about":[{"href":"https:\/\/www.diarionoti7.com.mx\/index.php?rest_route=\/wp\/v2\/types\/post"}],"author":[{"embeddable":true,"href":"https:\/\/www.diarionoti7.com.mx\/index.php?rest_route=\/wp\/v2\/users\/1"}],"replies":[{"embeddable":true,"href":"https:\/\/www.diarionoti7.com.mx\/index.php?rest_route=%2Fwp%2Fv2%2Fcomments&post=7515"}],"version-history":[{"count":4,"href":"https:\/\/www.diarionoti7.com.mx\/index.php?rest_route=\/wp\/v2\/posts\/7515\/revisions"}],"predecessor-version":[{"id":7520,"href":"https:\/\/www.diarionoti7.com.mx\/index.php?rest_route=\/wp\/v2\/posts\/7515\/revisions\/7520"}],"wp:featuredmedia":[{"embeddable":true,"href":"https:\/\/www.diarionoti7.com.mx\/index.php?rest_route=\/wp\/v2\/media\/7517"}],"wp:attachment":[{"href":"https:\/\/www.diarionoti7.com.mx\/index.php?rest_route=%2Fwp%2Fv2%2Fmedia&parent=7515"}],"wp:term":[{"taxonomy":"category","embeddable":true,"href":"https:\/\/www.diarionoti7.com.mx\/index.php?rest_route=%2Fwp%2Fv2%2Fcategories&post=7515"},{"taxonomy":"post_tag","embeddable":true,"href":"https:\/\/www.diarionoti7.com.mx\/index.php?rest_route=%2Fwp%2Fv2%2Ftags&post=7515"}],"curies":[{"name":"wp","href":"https:\/\/api.w.org\/{rel}","templated":true}]}}