{"id":7492,"date":"2023-04-29T18:32:23","date_gmt":"2023-04-29T18:32:23","guid":{"rendered":"https:\/\/www.diarionoti7.com.mx\/?p=7492"},"modified":"2023-04-29T18:33:06","modified_gmt":"2023-04-29T18:33:06","slug":"hidalgo-vive-un-reordenamiento-de-transporte-publico-por-el-desorden-causado-por-conseciones-otorgadas-en-el-sexenio-anterior","status":"publish","type":"post","link":"https:\/\/www.diarionoti7.com.mx\/?p=7492","title":{"rendered":"Hidalgo vive un reordenamiento de transporte p\u00fablico Por el Desorden Causado por Conseciones Otorgadas en el Sexenio Anterior"},"content":{"rendered":"\t\t<div data-elementor-type=\"wp-post\" data-elementor-id=\"7492\" class=\"elementor elementor-7492\">\n\t\t\t\t\t\t\t\t\t<section class=\"elementor-section elementor-top-section elementor-element elementor-element-51c23a4c elementor-section-boxed elementor-section-height-default elementor-section-height-default\" data-id=\"51c23a4c\" data-element_type=\"section\">\n\t\t\t\t\t\t<div class=\"elementor-container elementor-column-gap-default\">\n\t\t\t\t\t<div class=\"elementor-column elementor-col-100 elementor-top-column elementor-element elementor-element-7d2e0b6e\" data-id=\"7d2e0b6e\" data-element_type=\"column\">\n\t\t\t<div class=\"elementor-widget-wrap elementor-element-populated\">\n\t\t\t\t\t\t\t\t<div class=\"elementor-element elementor-element-2f2290cd elementor-widget elementor-widget-text-editor\" data-id=\"2f2290cd\" data-element_type=\"widget\" data-widget_type=\"text-editor.default\">\n\t\t\t\t<div class=\"elementor-widget-container\">\n\t\t\t<style>\/*! elementor - v3.10.2 - 29-01-2023 *\/\n.elementor-widget-text-editor.elementor-drop-cap-view-stacked .elementor-drop-cap{background-color:#818a91;color:#fff}.elementor-widget-text-editor.elementor-drop-cap-view-framed .elementor-drop-cap{color:#818a91;border:3px solid;background-color:transparent}.elementor-widget-text-editor:not(.elementor-drop-cap-view-default) .elementor-drop-cap{margin-top:8px}.elementor-widget-text-editor:not(.elementor-drop-cap-view-default) .elementor-drop-cap-letter{width:1em;height:1em}.elementor-widget-text-editor .elementor-drop-cap{float:left;text-align:center;line-height:1;font-size:50px}.elementor-widget-text-editor .elementor-drop-cap-letter{display:inline-block}<\/style>\t\t\t\t<p><strong>*Advierte el gobernador Menchaca\u00a0 que \u201cLa ley no proh\u00edbe que alguien haga algo malo, sanciona al que comete actos il\u00edcitos y el que atente contra el patrimonio de otra persona y atente contra el estado de derecho, va a tener la respuesta contundente del Estado\u201d<\/strong><\/p><p><strong>Tlaxcoapan, Hgo, 28 de abril 2023.- <\/strong>La entidad vive un proceso de reordenamiento en tema de\u00a0transporte p\u00fablico, derivado de las concesiones que se dieron al final de la administraci\u00f3n de Omar Fayad Meneses, las cuales, han causado desorden, se\u00f1al\u00f3 el entrevista el gobernador Julio Menchaca Salazar.<\/p><p>Lo anterior, porque en la entrevista \u00a0el gobernador fue cuestionado sobre el bloqueo que transportistas de Tula realizaron, por la molestia que estos tienen de la entrada de nuevas rutas a la demarcaci\u00f3n tolteca.<\/p><p>Al respecto, Menchaca Salazar manifest\u00f3 que actualmente, Lyzbeth Robles, titular de la\u00a0<a href=\"https:\/\/twitter.com\/MovilidadHgo?s=20\">Secretar\u00eda de Movilidad y Transporte (Semot)<\/a>\u00a0tiene la instrucci\u00f3n de identificar la problem\u00e1tica que cada municipio tiene en temas de movilidad y tomar decisiones para reordenar las rutas.<\/p><p>Esto es un proceso \u2013 dijo el mandatario- \u00a0que \u00a0hacer un an\u00e1lisis en el que se incluya a las partes involucradas, pero, el gobernador puntualiz\u00f3 que\u00a0en esta administraci\u00f3n no se ha dado ni una sola concesi\u00f3n nueva,\u00a0sino que las que est\u00e1n entrando son heredadas de la administraci\u00f3n pasada.<\/p><p>Respecto a la amenaza de concesionarios de Tula de quemar unidades si no son escuchados y atendidos, Menchaca Salazar destac\u00f3 que vivimos en un estado de derecho y quien quiera quebrantar la ley tendr\u00e1 que aceptar las consecuencias de sus actos.<\/p><p>Reiter\u00f3 el gobernador de Hidalgo.que \u201cLa ley no proh\u00edbe que alguien haga algo malo, sanciona al que comete actos il\u00edcitos y el que atente contra el patrimonio de otra persona y atente contra el estado de derecho, va a tener la respuesta contundente del Estado\u201d.\u00a0<\/p><p>\u00a0<\/p>\t\t\t\t\t\t<\/div>\n\t\t\t\t<\/div>\n\t\t\t\t\t<\/div>\n\t\t<\/div>\n\t\t\t\t\t\t\t<\/div>\n\t\t<\/section>\n\t\t\t\t\t\t\t<\/div>\n\t\t","protected":false},"excerpt":{"rendered":"<p>*Advierte el gobernador Menchaca\u00a0 que \u201cLa ley no proh\u00edbe que alguien haga algo malo, sanciona al que comete actos il\u00edcitos y el que atente contra el patrimonio de otra persona y atente contra el estado de derecho, va a tener la respuesta contundente del Estado\u201d Tlaxcoapan, Hgo, 28 de abril 2023.- La entidad vive un [&hellip;]<\/p>\n","protected":false},"author":1,"featured_media":7494,"comment_status":"closed","ping_status":"closed","sticky":false,"template":"","format":"standard","meta":[],"categories":[7],"tags":[],"_links":{"self":[{"href":"https:\/\/www.diarionoti7.com.mx\/index.php?rest_route=\/wp\/v2\/posts\/7492"}],"collection":[{"href":"https:\/\/www.diarionoti7.com.mx\/index.php?rest_route=\/wp\/v2\/posts"}],"about":[{"href":"https:\/\/www.diarionoti7.com.mx\/index.php?rest_route=\/wp\/v2\/types\/post"}],"author":[{"embeddable":true,"href":"https:\/\/www.diarionoti7.com.mx\/index.php?rest_route=\/wp\/v2\/users\/1"}],"replies":[{"embeddable":true,"href":"https:\/\/www.diarionoti7.com.mx\/index.php?rest_route=%2Fwp%2Fv2%2Fcomments&post=7492"}],"version-history":[{"count":4,"href":"https:\/\/www.diarionoti7.com.mx\/index.php?rest_route=\/wp\/v2\/posts\/7492\/revisions"}],"predecessor-version":[{"id":7497,"href":"https:\/\/www.diarionoti7.com.mx\/index.php?rest_route=\/wp\/v2\/posts\/7492\/revisions\/7497"}],"wp:featuredmedia":[{"embeddable":true,"href":"https:\/\/www.diarionoti7.com.mx\/index.php?rest_route=\/wp\/v2\/media\/7494"}],"wp:attachment":[{"href":"https:\/\/www.diarionoti7.com.mx\/index.php?rest_route=%2Fwp%2Fv2%2Fmedia&parent=7492"}],"wp:term":[{"taxonomy":"category","embeddable":true,"href":"https:\/\/www.diarionoti7.com.mx\/index.php?rest_route=%2Fwp%2Fv2%2Fcategories&post=7492"},{"taxonomy":"post_tag","embeddable":true,"href":"https:\/\/www.diarionoti7.com.mx\/index.php?rest_route=%2Fwp%2Fv2%2Ftags&post=7492"}],"curies":[{"name":"wp","href":"https:\/\/api.w.org\/{rel}","templated":true}]}}