{"id":7402,"date":"2023-04-28T08:42:16","date_gmt":"2023-04-28T08:42:16","guid":{"rendered":"https:\/\/www.diarionoti7.com.mx\/?p=7402"},"modified":"2023-04-28T08:44:08","modified_gmt":"2023-04-28T08:44:08","slug":"sentencian-a-80-anos-a-cuatro-sujetos-por-secuestro-agravado","status":"publish","type":"post","link":"https:\/\/www.diarionoti7.com.mx\/?p=7402","title":{"rendered":"Sentencian a 80 A\u00f1os a Cuatro Sujetos  Por Secuestro Agravado"},"content":{"rendered":"\t\t<div data-elementor-type=\"wp-post\" data-elementor-id=\"7402\" class=\"elementor elementor-7402\">\n\t\t\t\t\t\t\t\t\t<section class=\"elementor-section elementor-top-section elementor-element elementor-element-51c23a4c elementor-section-boxed elementor-section-height-default elementor-section-height-default\" data-id=\"51c23a4c\" data-element_type=\"section\">\n\t\t\t\t\t\t<div class=\"elementor-container elementor-column-gap-default\">\n\t\t\t\t\t<div class=\"elementor-column elementor-col-100 elementor-top-column elementor-element elementor-element-7d2e0b6e\" data-id=\"7d2e0b6e\" data-element_type=\"column\">\n\t\t\t<div class=\"elementor-widget-wrap elementor-element-populated\">\n\t\t\t\t\t\t\t\t<div class=\"elementor-element elementor-element-2f2290cd elementor-widget elementor-widget-text-editor\" data-id=\"2f2290cd\" data-element_type=\"widget\" data-widget_type=\"text-editor.default\">\n\t\t\t\t<div class=\"elementor-widget-container\">\n\t\t\t<style>\/*! elementor - v3.10.2 - 29-01-2023 *\/\n.elementor-widget-text-editor.elementor-drop-cap-view-stacked .elementor-drop-cap{background-color:#818a91;color:#fff}.elementor-widget-text-editor.elementor-drop-cap-view-framed .elementor-drop-cap{color:#818a91;border:3px solid;background-color:transparent}.elementor-widget-text-editor:not(.elementor-drop-cap-view-default) .elementor-drop-cap{margin-top:8px}.elementor-widget-text-editor:not(.elementor-drop-cap-view-default) .elementor-drop-cap-letter{width:1em;height:1em}.elementor-widget-text-editor .elementor-drop-cap{float:left;text-align:center;line-height:1;font-size:50px}.elementor-widget-text-editor .elementor-drop-cap-letter{display:inline-block}<\/style>\t\t\t\t<p><strong><em>Pachuca, Hgo, 27 de abril 2023.- \u00a0<\/em><\/strong>Cuatro sujetos fueron sentenciados a ochenta a\u00f1os de prisi\u00f3n por el delito de secuestro agravado. La imputaci\u00f3n \u00a0la realiz\u00f3 el Ministerio P\u00fablico \u00a0el 26 de octubre del 2019.<\/p><p>\u00a0La Procuradur\u00eda General de Justicia del Estado de Hidalgo (PGJEH) tom\u00f3 conocimiento de hechos ocurridos en el boulevard Las Torres, en los l\u00edmites de Pachuca y Zempoala, donde la v\u00edctima fue privada de su libertad para que posteriormente se exigiera a sus familiares un rescate.<\/p><p>El personal ministerial de la Unidad Especializada en el Combate al Secuestro (UECS) inici\u00f3 las investigaciones y un equipo multidisciplinario brind\u00f3 el acompa\u00f1amiento necesario a la familia de la v\u00edctima en el manejo de crisis y la negociaci\u00f3n.<\/p><p>Como resultado de los trabajos de inteligencia el 30 de octubre de 2019, en la comunidad de El Durazno, en San Agust\u00edn Tlaxiaca, la Polic\u00eda Investigadora logr\u00f3 la detenci\u00f3n en flagrancia de Benjam\u00edn \u201cN\u201d, Eduardo \u201cN\u201d, Jes\u00fas Eduardo \u201cN\u201d y Fabi\u00e1n \u201cN\u201d, quienes fueron presentadas ante la autoridad judicial, quien con base en la formulaci\u00f3n de la imputaci\u00f3n expuesta por el Ministerio P\u00fablico dict\u00f3 su vinculaci\u00f3n a proceso por los hechos mencionados.<\/p><p>En la audiencia de individualizaci\u00f3n se demostr\u00f3 ante un tribunal de enjuiciamiento, la responsabilidad de Benjam\u00edn \u201cN\u201d, Eduardo \u201cN\u201d, Jes\u00fas Eduardo \u201cN\u201d y Fabi\u00e1n \u201cN\u201d por secuestro agravado, por lo que dicha autoridad judicial dict\u00f3 sentencia condenatoria de 80 a\u00f1os de prisi\u00f3n.<\/p><p>\u00a0<\/p>\t\t\t\t\t\t<\/div>\n\t\t\t\t<\/div>\n\t\t\t\t\t<\/div>\n\t\t<\/div>\n\t\t\t\t\t\t\t<\/div>\n\t\t<\/section>\n\t\t\t\t\t\t\t<\/div>\n\t\t","protected":false},"excerpt":{"rendered":"<p>Pachuca, Hgo, 27 de abril 2023.- \u00a0Cuatro sujetos fueron sentenciados a ochenta a\u00f1os de prisi\u00f3n por el delito de secuestro agravado. La imputaci\u00f3n \u00a0la realiz\u00f3 el Ministerio P\u00fablico \u00a0el 26 de octubre del 2019. \u00a0La Procuradur\u00eda General de Justicia del Estado de Hidalgo (PGJEH) tom\u00f3 conocimiento de hechos ocurridos en el boulevard Las Torres, en [&hellip;]<\/p>\n","protected":false},"author":1,"featured_media":7404,"comment_status":"closed","ping_status":"closed","sticky":false,"template":"","format":"standard","meta":[],"categories":[22],"tags":[],"_links":{"self":[{"href":"https:\/\/www.diarionoti7.com.mx\/index.php?rest_route=\/wp\/v2\/posts\/7402"}],"collection":[{"href":"https:\/\/www.diarionoti7.com.mx\/index.php?rest_route=\/wp\/v2\/posts"}],"about":[{"href":"https:\/\/www.diarionoti7.com.mx\/index.php?rest_route=\/wp\/v2\/types\/post"}],"author":[{"embeddable":true,"href":"https:\/\/www.diarionoti7.com.mx\/index.php?rest_route=\/wp\/v2\/users\/1"}],"replies":[{"embeddable":true,"href":"https:\/\/www.diarionoti7.com.mx\/index.php?rest_route=%2Fwp%2Fv2%2Fcomments&post=7402"}],"version-history":[{"count":4,"href":"https:\/\/www.diarionoti7.com.mx\/index.php?rest_route=\/wp\/v2\/posts\/7402\/revisions"}],"predecessor-version":[{"id":7407,"href":"https:\/\/www.diarionoti7.com.mx\/index.php?rest_route=\/wp\/v2\/posts\/7402\/revisions\/7407"}],"wp:featuredmedia":[{"embeddable":true,"href":"https:\/\/www.diarionoti7.com.mx\/index.php?rest_route=\/wp\/v2\/media\/7404"}],"wp:attachment":[{"href":"https:\/\/www.diarionoti7.com.mx\/index.php?rest_route=%2Fwp%2Fv2%2Fmedia&parent=7402"}],"wp:term":[{"taxonomy":"category","embeddable":true,"href":"https:\/\/www.diarionoti7.com.mx\/index.php?rest_route=%2Fwp%2Fv2%2Fcategories&post=7402"},{"taxonomy":"post_tag","embeddable":true,"href":"https:\/\/www.diarionoti7.com.mx\/index.php?rest_route=%2Fwp%2Fv2%2Ftags&post=7402"}],"curies":[{"name":"wp","href":"https:\/\/api.w.org\/{rel}","templated":true}]}}