{"id":7393,"date":"2023-04-27T19:26:21","date_gmt":"2023-04-27T19:26:21","guid":{"rendered":"https:\/\/www.diarionoti7.com.mx\/?p=7393"},"modified":"2023-04-27T19:27:05","modified_gmt":"2023-04-27T19:27:05","slug":"participa-menchaca-en-reunion-sobre-seguridad-en-palacio-nacional","status":"publish","type":"post","link":"https:\/\/www.diarionoti7.com.mx\/?p=7393","title":{"rendered":"Participa Menchaca En Reuni\u00f3n Sobre Seguridad En Palacio Nacional"},"content":{"rendered":"\t\t<div data-elementor-type=\"wp-post\" data-elementor-id=\"7393\" class=\"elementor elementor-7393\">\n\t\t\t\t\t\t\t\t\t<section class=\"elementor-section elementor-top-section elementor-element elementor-element-51c23a4c elementor-section-boxed elementor-section-height-default elementor-section-height-default\" data-id=\"51c23a4c\" data-element_type=\"section\">\n\t\t\t\t\t\t<div class=\"elementor-container elementor-column-gap-default\">\n\t\t\t\t\t<div class=\"elementor-column elementor-col-100 elementor-top-column elementor-element elementor-element-7d2e0b6e\" data-id=\"7d2e0b6e\" data-element_type=\"column\">\n\t\t\t<div class=\"elementor-widget-wrap elementor-element-populated\">\n\t\t\t\t\t\t\t\t<div class=\"elementor-element elementor-element-2f2290cd elementor-widget elementor-widget-text-editor\" data-id=\"2f2290cd\" data-element_type=\"widget\" data-widget_type=\"text-editor.default\">\n\t\t\t\t<div class=\"elementor-widget-container\">\n\t\t\t<style>\/*! elementor - v3.10.2 - 29-01-2023 *\/\n.elementor-widget-text-editor.elementor-drop-cap-view-stacked .elementor-drop-cap{background-color:#818a91;color:#fff}.elementor-widget-text-editor.elementor-drop-cap-view-framed .elementor-drop-cap{color:#818a91;border:3px solid;background-color:transparent}.elementor-widget-text-editor:not(.elementor-drop-cap-view-default) .elementor-drop-cap{margin-top:8px}.elementor-widget-text-editor:not(.elementor-drop-cap-view-default) .elementor-drop-cap-letter{width:1em;height:1em}.elementor-widget-text-editor .elementor-drop-cap{float:left;text-align:center;line-height:1;font-size:50px}.elementor-widget-text-editor .elementor-drop-cap-letter{display:inline-block}<\/style>\t\t\t\t<p><strong>*El encuentro reuni\u00f3 a gobernadores y gobernadoras de 21 estados<\/strong><\/p><p><strong>Ciudad de M\u00e9xico 26 de arbil 2023.- <\/strong>Con el prop\u00f3sito de analizar los avances en materia de seguridad y programas sociales, Julio Menchaca Salazar, titular del Poder Ejecutivo de Hidalgo, particip\u00f3 en un encuentro que encabezaron Ad\u00e1n Augusto L\u00f3pez, secretario de Gobernaci\u00f3n; y Rosa Isela Rodr\u00edguez, secretar\u00eda de Seguridad y Protecci\u00f3n Ciudadana con gobernadores y gobernadoras\u00a0de\u00a0Morena.<\/p><p>Desde Palacio Nacional, el mandatario hidalguense se sum\u00f3 al di\u00e1logo con sus hom\u00f3logos de 20 estados, as\u00ed como con la Jefa de Gobierno de la Ciudad de M\u00e9xico, Claudia Sheinbaum Pardo.<\/p><p>Durante el encuentro se abordaron temas referentes a la Estrategia Nacional de Seguridad y el avance de los programas sociales para inhibir la pobreza; por lo que Menchaca Salazar enfatiz\u00f3 que su gobierno mantiene una estrecha relaci\u00f3n de colaboraci\u00f3n con la federaci\u00f3n en beneficio del pueblo hidalguense.<\/p><p>Cabe mencionar, la reuni\u00f3n fue convocada la semana pasada por el presidente, Andr\u00e9s Manuel L\u00f3pez Obrador, sin embargo, no asisti\u00f3 ya que se encuentra en aislamiento tras ser diagnosticado con covid-19.<\/p>\t\t\t\t\t\t<\/div>\n\t\t\t\t<\/div>\n\t\t\t\t\t<\/div>\n\t\t<\/div>\n\t\t\t\t\t\t\t<\/div>\n\t\t<\/section>\n\t\t\t\t\t\t\t<\/div>\n\t\t","protected":false},"excerpt":{"rendered":"<p>*El encuentro reuni\u00f3 a gobernadores y gobernadoras de 21 estados Ciudad de M\u00e9xico 26 de arbil 2023.- Con el prop\u00f3sito de analizar los avances en materia de seguridad y programas sociales, Julio Menchaca Salazar, titular del Poder Ejecutivo de Hidalgo, particip\u00f3 en un encuentro que encabezaron Ad\u00e1n Augusto L\u00f3pez, secretario de Gobernaci\u00f3n; y Rosa Isela [&hellip;]<\/p>\n","protected":false},"author":1,"featured_media":7395,"comment_status":"closed","ping_status":"closed","sticky":false,"template":"","format":"standard","meta":[],"categories":[7],"tags":[],"_links":{"self":[{"href":"https:\/\/www.diarionoti7.com.mx\/index.php?rest_route=\/wp\/v2\/posts\/7393"}],"collection":[{"href":"https:\/\/www.diarionoti7.com.mx\/index.php?rest_route=\/wp\/v2\/posts"}],"about":[{"href":"https:\/\/www.diarionoti7.com.mx\/index.php?rest_route=\/wp\/v2\/types\/post"}],"author":[{"embeddable":true,"href":"https:\/\/www.diarionoti7.com.mx\/index.php?rest_route=\/wp\/v2\/users\/1"}],"replies":[{"embeddable":true,"href":"https:\/\/www.diarionoti7.com.mx\/index.php?rest_route=%2Fwp%2Fv2%2Fcomments&post=7393"}],"version-history":[{"count":4,"href":"https:\/\/www.diarionoti7.com.mx\/index.php?rest_route=\/wp\/v2\/posts\/7393\/revisions"}],"predecessor-version":[{"id":7398,"href":"https:\/\/www.diarionoti7.com.mx\/index.php?rest_route=\/wp\/v2\/posts\/7393\/revisions\/7398"}],"wp:featuredmedia":[{"embeddable":true,"href":"https:\/\/www.diarionoti7.com.mx\/index.php?rest_route=\/wp\/v2\/media\/7395"}],"wp:attachment":[{"href":"https:\/\/www.diarionoti7.com.mx\/index.php?rest_route=%2Fwp%2Fv2%2Fmedia&parent=7393"}],"wp:term":[{"taxonomy":"category","embeddable":true,"href":"https:\/\/www.diarionoti7.com.mx\/index.php?rest_route=%2Fwp%2Fv2%2Fcategories&post=7393"},{"taxonomy":"post_tag","embeddable":true,"href":"https:\/\/www.diarionoti7.com.mx\/index.php?rest_route=%2Fwp%2Fv2%2Ftags&post=7393"}],"curies":[{"name":"wp","href":"https:\/\/api.w.org\/{rel}","templated":true}]}}