{"id":7387,"date":"2023-04-27T19:25:05","date_gmt":"2023-04-27T19:25:05","guid":{"rendered":"https:\/\/www.diarionoti7.com.mx\/?p=7387"},"modified":"2023-04-27T19:26:17","modified_gmt":"2023-04-27T19:26:17","slug":"soy-un-ser-politico-pertenezco-a-un-equipo-politico-y-las-decisiones-politicas-se-deben-tomar-en-equipo-en-grupo-en-consensonatividad-castrejon","status":"publish","type":"post","link":"https:\/\/www.diarionoti7.com.mx\/?p=7387","title":{"rendered":"\u201cSoy un ser pol\u00edtico, pertenezco a un equipo pol\u00edtico y las decisiones pol\u00edticas se deben tomar en equipo, en grupo, en consenso\u201d:Natividad Castrej\u00f3n"},"content":{"rendered":"\t\t<div data-elementor-type=\"wp-post\" data-elementor-id=\"7387\" class=\"elementor elementor-7387\">\n\t\t\t\t\t\t\t\t\t<section class=\"elementor-section elementor-top-section elementor-element elementor-element-51c23a4c elementor-section-boxed elementor-section-height-default elementor-section-height-default\" data-id=\"51c23a4c\" data-element_type=\"section\">\n\t\t\t\t\t\t<div class=\"elementor-container elementor-column-gap-default\">\n\t\t\t\t\t<div class=\"elementor-column elementor-col-100 elementor-top-column elementor-element elementor-element-7d2e0b6e\" data-id=\"7d2e0b6e\" data-element_type=\"column\">\n\t\t\t<div class=\"elementor-widget-wrap elementor-element-populated\">\n\t\t\t\t\t\t\t\t<div class=\"elementor-element elementor-element-2f2290cd elementor-widget elementor-widget-text-editor\" data-id=\"2f2290cd\" data-element_type=\"widget\" data-widget_type=\"text-editor.default\">\n\t\t\t\t<div class=\"elementor-widget-container\">\n\t\t\t<style>\/*! elementor - v3.10.2 - 29-01-2023 *\/\n.elementor-widget-text-editor.elementor-drop-cap-view-stacked .elementor-drop-cap{background-color:#818a91;color:#fff}.elementor-widget-text-editor.elementor-drop-cap-view-framed .elementor-drop-cap{color:#818a91;border:3px solid;background-color:transparent}.elementor-widget-text-editor:not(.elementor-drop-cap-view-default) .elementor-drop-cap{margin-top:8px}.elementor-widget-text-editor:not(.elementor-drop-cap-view-default) .elementor-drop-cap-letter{width:1em;height:1em}.elementor-widget-text-editor .elementor-drop-cap{float:left;text-align:center;line-height:1;font-size:50px}.elementor-widget-text-editor .elementor-drop-cap-letter{display:inline-block}<\/style>\t\t\t\t<p><strong>Pachuca, Hgo, 26 de abril 2023.- <\/strong>En el \u00a0a\u00f1o 2024 se elegir\u00e1n a los senadores y diputados que representar\u00e1n a Hidalgo en el poder legislativo, donde se escoger\u00e1n a las personas que mejor se encuentren en las encuestas, seg\u00fan los estatutos e Morena.<\/p><p>Seg\u00fan la encuesta presentada por\u00a0<a href=\"https:\/\/www.facebook.com\/3312-Agencia-de-estrategia-106576211632922\">3312 Agencia Estrat\u00e9gica<\/a>, pregunt\u00f3 a los usuarios \u00bfQu\u00e9 pol\u00edtico considera que har\u00eda un buen papel por Hidalgo, enfocado a obtener un lugar en el Senado de la Rep\u00fablica?<\/p><p>El mejor calificado fue el secretario de Educaci\u00f3n P\u00fablica de Hidalgo,\u00a0Natividad Castrej\u00f3n Valdez, quien obtuvo el 34 por ciento de las preferencias, seguido de\u00a0Miguel \u00c1ngel Tello Vargas, titular de la Unidad de Planeaci\u00f3n y Prospectiva de Hidalgo, quien obtuvo un 18 por ciento, luego aparecen \u00a0Cuauht\u00e9moc Ochoa Fern\u00e1ndez, con el 15 por ciento de aceptaci\u00f3n, el delegado de Bienestar,\u00a0Abraham Mendoza Zenteno\u00a0y el secretario de Gobierno,\u00a0Guillermo Olivares Reyna.<\/p><p>Por ello al termino de la instalaci\u00f3n\u00a0 del Primer Parlamento Juvenil del\u00a0 se cuestiono\u00a0 Natividad Castrej\u00f3n Valdez\u00a0 sobre si \u00bfestar\u00eda dispuesto a irse como candidato a senador? Castrej\u00f3n Valdez, dijo que todav\u00eda falta mucho tiempo para ese proceso.<\/p><p>Adem\u00e1s, el funcionario se\u00f1al\u00f3 que su actual cargo lo hace \u201cmuy feliz, me siento realmente muy contento, me siento agradecido con la oportunidad de servir en esta \u00e1rea\u201d. Pero \u00a0falta mucho y soy parte de un equipo dentro del \u00a0gabinete estatal y en \u00a0la secretar\u00eda estatal m\u00e1s grande.<\/p><p>Luego, record\u00f3 que \u00e9l comenz\u00f3 a trabajar a los 17 a\u00f1os, nunca lo ha dejado de hacer. \u201cHe sido candidato 4 o 5 ocasiones, cuando sab\u00edas que no hab\u00eda ninguna posibilidad de ganar. He coordinado muchas campa\u00f1as municipales, a diputados, a gobernadores\u201d.<\/p><p>Afirm\u00f3 que \u201cSoy un ser pol\u00edtico, pertenezco a un equipo pol\u00edtico y las decisiones pol\u00edticas se deben tomar en equipo, en grupo, en consenso\u201d.<\/p><p>Explic\u00f3 que en cuanto llegue el momento seguramente el partido y el gobernador platicar\u00e1 con cada uno y donde sea \u00fatil cada quien, pero falta mucho.<\/p><p>Luego refiri\u00f3 que en la pasada administraci\u00f3n hubo algunos personajes preferidos, uno o dos que andaban en todos los aparadores \u201c como las quincea\u00f1eras, bodas y bautizos y todo el equipo parec\u00eda que no exist\u00eda\u201d.<\/p><p>Hoy, \u201cel gobernador Julio Menchaca, ha sido generoso al permitirles tomar la decisi\u00f3n, \u00abes m\u00e1s, nos ha pedido que lo hagamos por dignidad personal. Que salgamos a las comunidades, que tengamos contacto con la gente\u201d.<\/p>\t\t\t\t\t\t<\/div>\n\t\t\t\t<\/div>\n\t\t\t\t\t<\/div>\n\t\t<\/div>\n\t\t\t\t\t\t\t<\/div>\n\t\t<\/section>\n\t\t\t\t\t\t\t<\/div>\n\t\t","protected":false},"excerpt":{"rendered":"<p>Pachuca, Hgo, 26 de abril 2023.- En el \u00a0a\u00f1o 2024 se elegir\u00e1n a los senadores y diputados que representar\u00e1n a Hidalgo en el poder legislativo, donde se escoger\u00e1n a las personas que mejor se encuentren en las encuestas, seg\u00fan los estatutos e Morena. Seg\u00fan la encuesta presentada por\u00a03312 Agencia Estrat\u00e9gica, pregunt\u00f3 a los usuarios \u00bfQu\u00e9 [&hellip;]<\/p>\n","protected":false},"author":1,"featured_media":7389,"comment_status":"closed","ping_status":"closed","sticky":false,"template":"","format":"standard","meta":[],"categories":[3],"tags":[],"_links":{"self":[{"href":"https:\/\/www.diarionoti7.com.mx\/index.php?rest_route=\/wp\/v2\/posts\/7387"}],"collection":[{"href":"https:\/\/www.diarionoti7.com.mx\/index.php?rest_route=\/wp\/v2\/posts"}],"about":[{"href":"https:\/\/www.diarionoti7.com.mx\/index.php?rest_route=\/wp\/v2\/types\/post"}],"author":[{"embeddable":true,"href":"https:\/\/www.diarionoti7.com.mx\/index.php?rest_route=\/wp\/v2\/users\/1"}],"replies":[{"embeddable":true,"href":"https:\/\/www.diarionoti7.com.mx\/index.php?rest_route=%2Fwp%2Fv2%2Fcomments&post=7387"}],"version-history":[{"count":4,"href":"https:\/\/www.diarionoti7.com.mx\/index.php?rest_route=\/wp\/v2\/posts\/7387\/revisions"}],"predecessor-version":[{"id":7392,"href":"https:\/\/www.diarionoti7.com.mx\/index.php?rest_route=\/wp\/v2\/posts\/7387\/revisions\/7392"}],"wp:featuredmedia":[{"embeddable":true,"href":"https:\/\/www.diarionoti7.com.mx\/index.php?rest_route=\/wp\/v2\/media\/7389"}],"wp:attachment":[{"href":"https:\/\/www.diarionoti7.com.mx\/index.php?rest_route=%2Fwp%2Fv2%2Fmedia&parent=7387"}],"wp:term":[{"taxonomy":"category","embeddable":true,"href":"https:\/\/www.diarionoti7.com.mx\/index.php?rest_route=%2Fwp%2Fv2%2Fcategories&post=7387"},{"taxonomy":"post_tag","embeddable":true,"href":"https:\/\/www.diarionoti7.com.mx\/index.php?rest_route=%2Fwp%2Fv2%2Ftags&post=7387"}],"curies":[{"name":"wp","href":"https:\/\/api.w.org\/{rel}","templated":true}]}}