{"id":7381,"date":"2023-04-27T19:24:08","date_gmt":"2023-04-27T19:24:08","guid":{"rendered":"https:\/\/www.diarionoti7.com.mx\/?p=7381"},"modified":"2023-04-27T19:24:55","modified_gmt":"2023-04-27T19:24:55","slug":"congreso-solo-intervendra-en-tasquillo-si-no-hay-consenso-del-cabildo-para-sustituir-a-la-presidenta","status":"publish","type":"post","link":"https:\/\/www.diarionoti7.com.mx\/?p=7381","title":{"rendered":"Congreso Solo Intervendr\u00e1 en Tasquillo si no Hay Consenso  del Cabildo Para Sustituir a la  Presidenta"},"content":{"rendered":"\t\t<div data-elementor-type=\"wp-post\" data-elementor-id=\"7381\" class=\"elementor elementor-7381\">\n\t\t\t\t\t\t\t\t\t<section class=\"elementor-section elementor-top-section elementor-element elementor-element-51c23a4c elementor-section-boxed elementor-section-height-default elementor-section-height-default\" data-id=\"51c23a4c\" data-element_type=\"section\">\n\t\t\t\t\t\t<div class=\"elementor-container elementor-column-gap-default\">\n\t\t\t\t\t<div class=\"elementor-column elementor-col-100 elementor-top-column elementor-element elementor-element-7d2e0b6e\" data-id=\"7d2e0b6e\" data-element_type=\"column\">\n\t\t\t<div class=\"elementor-widget-wrap elementor-element-populated\">\n\t\t\t\t\t\t\t\t<div class=\"elementor-element elementor-element-2f2290cd elementor-widget elementor-widget-text-editor\" data-id=\"2f2290cd\" data-element_type=\"widget\" data-widget_type=\"text-editor.default\">\n\t\t\t\t<div class=\"elementor-widget-container\">\n\t\t\t<style>\/*! elementor - v3.10.2 - 29-01-2023 *\/\n.elementor-widget-text-editor.elementor-drop-cap-view-stacked .elementor-drop-cap{background-color:#818a91;color:#fff}.elementor-widget-text-editor.elementor-drop-cap-view-framed .elementor-drop-cap{color:#818a91;border:3px solid;background-color:transparent}.elementor-widget-text-editor:not(.elementor-drop-cap-view-default) .elementor-drop-cap{margin-top:8px}.elementor-widget-text-editor:not(.elementor-drop-cap-view-default) .elementor-drop-cap-letter{width:1em;height:1em}.elementor-widget-text-editor .elementor-drop-cap{float:left;text-align:center;line-height:1;font-size:50px}.elementor-widget-text-editor .elementor-drop-cap-letter{display:inline-block}<\/style>\t\t\t\t<p><strong><em>El secretario municipal se mantiene al frente mientras se elige a uno de los regidores que ocupar\u00e1 el cargo<\/em><\/strong><\/p><p><strong>Pachuca, Hgo. 26 de abril 2023.- <\/strong>La presidenta municipal de Tasquillo, Mar\u00eda Isabel Guerrero Trejo, falleci\u00f3 este mi\u00e9rcoles 26 de abril, confirm\u00f3 el Ayuntamiento municipal a trav\u00e9s de publicaciones en sus p\u00e1ginas y redes sociales oficiales<\/p><p>El d\u00eda de ayer, martes 25 de abril, la alcaldesa Isabel Guerrero realiz\u00f3 una gira por diversos puntos de este denominado municipio Pueblo con Sabor, en compa\u00f1\u00eda de la secretaria de Turismo del gobierno estatal, Elizabeth Quintanar G\u00f3mez, siendo este su \u00faltimo evento oficial al frente de la alcald\u00eda<strong>.<\/strong><\/p><p>Ser\u00e1 el Ayuntamiento que decida qui\u00e9n de los regidores ocupe la presidencia, as\u00ed lo coment\u00f3 Julio Valera, diputado presidente de la Junta de Gobierno del Congreso del estado. Luego del fallecimiento de Mar\u00eda Isabel Guerrero Trejo, presidenta municipal de Tasquillo,<\/p><p>\u201cSiempre debemos seguir la ley y en esa l\u00f3gica saber que tenemos un caso at\u00edpico e hist\u00f3rico\u201d<strong><em>,\u00a0<\/em><\/strong>agreg\u00f3 Valera. Dicha ley contempla que tienen 15 d\u00edas para designar al suplente, y mientras tanto quien asume el cargo es el secretario municipal<\/p><p>En caso de que el cabildo no llegue a un acuerdo, el Congreso intervendr\u00e1:\u00a0\u201cestamos viendo si es necesaria la intervenci\u00f3n, estaremos en contacto con el cabildo para saber en qu\u00e9 podemos coadyuvar para que se tome la mejor decisi\u00f3n. Est\u00e1 en la mano de la Asamblea\u201d.<\/p><p>Se\u00f1al\u00f3 que se debe llegar a un consenso para que se elija al mejor perfil y le vaya bien a Tasquillo, y que si la gente eligi\u00f3 al\u00a0Partido Revolucionario Institucional\u00a0(PRI) para que gobernara ese lugar no habr\u00eda porqu\u00e9 hacer un cambio de colores<\/p>\t\t\t\t\t\t<\/div>\n\t\t\t\t<\/div>\n\t\t\t\t\t<\/div>\n\t\t<\/div>\n\t\t\t\t\t\t\t<\/div>\n\t\t<\/section>\n\t\t\t\t\t\t\t<\/div>\n\t\t","protected":false},"excerpt":{"rendered":"<p>El secretario municipal se mantiene al frente mientras se elige a uno de los regidores que ocupar\u00e1 el cargo Pachuca, Hgo. 26 de abril 2023.- La presidenta municipal de Tasquillo, Mar\u00eda Isabel Guerrero Trejo, falleci\u00f3 este mi\u00e9rcoles 26 de abril, confirm\u00f3 el Ayuntamiento municipal a trav\u00e9s de publicaciones en sus p\u00e1ginas y redes sociales oficiales [&hellip;]<\/p>\n","protected":false},"author":1,"featured_media":7383,"comment_status":"closed","ping_status":"closed","sticky":false,"template":"","format":"standard","meta":[],"categories":[3],"tags":[],"_links":{"self":[{"href":"https:\/\/www.diarionoti7.com.mx\/index.php?rest_route=\/wp\/v2\/posts\/7381"}],"collection":[{"href":"https:\/\/www.diarionoti7.com.mx\/index.php?rest_route=\/wp\/v2\/posts"}],"about":[{"href":"https:\/\/www.diarionoti7.com.mx\/index.php?rest_route=\/wp\/v2\/types\/post"}],"author":[{"embeddable":true,"href":"https:\/\/www.diarionoti7.com.mx\/index.php?rest_route=\/wp\/v2\/users\/1"}],"replies":[{"embeddable":true,"href":"https:\/\/www.diarionoti7.com.mx\/index.php?rest_route=%2Fwp%2Fv2%2Fcomments&post=7381"}],"version-history":[{"count":4,"href":"https:\/\/www.diarionoti7.com.mx\/index.php?rest_route=\/wp\/v2\/posts\/7381\/revisions"}],"predecessor-version":[{"id":7386,"href":"https:\/\/www.diarionoti7.com.mx\/index.php?rest_route=\/wp\/v2\/posts\/7381\/revisions\/7386"}],"wp:featuredmedia":[{"embeddable":true,"href":"https:\/\/www.diarionoti7.com.mx\/index.php?rest_route=\/wp\/v2\/media\/7383"}],"wp:attachment":[{"href":"https:\/\/www.diarionoti7.com.mx\/index.php?rest_route=%2Fwp%2Fv2%2Fmedia&parent=7381"}],"wp:term":[{"taxonomy":"category","embeddable":true,"href":"https:\/\/www.diarionoti7.com.mx\/index.php?rest_route=%2Fwp%2Fv2%2Fcategories&post=7381"},{"taxonomy":"post_tag","embeddable":true,"href":"https:\/\/www.diarionoti7.com.mx\/index.php?rest_route=%2Fwp%2Fv2%2Ftags&post=7381"}],"curies":[{"name":"wp","href":"https:\/\/api.w.org\/{rel}","templated":true}]}}