{"id":7303,"date":"2023-04-26T18:26:40","date_gmt":"2023-04-26T18:26:40","guid":{"rendered":"https:\/\/www.diarionoti7.com.mx\/?p=7303"},"modified":"2023-04-26T18:28:01","modified_gmt":"2023-04-26T18:28:01","slug":"rinden-protesta-ante-el-pleno-de-la-lxv-legislatura-30-integrantes-del-primer-congreso-juvenil-hidalgo-2023","status":"publish","type":"post","link":"https:\/\/www.diarionoti7.com.mx\/?p=7303","title":{"rendered":"Rinden Protesta Ante el Pleno de la LXV Legislatura 30 Integrantes del Primer Congreso Juvenil Hidalgo 2023"},"content":{"rendered":"\t\t<div data-elementor-type=\"wp-post\" data-elementor-id=\"7303\" class=\"elementor elementor-7303\">\n\t\t\t\t\t\t\t\t\t<section class=\"elementor-section elementor-top-section elementor-element elementor-element-51c23a4c elementor-section-boxed elementor-section-height-default elementor-section-height-default\" data-id=\"51c23a4c\" data-element_type=\"section\">\n\t\t\t\t\t\t<div class=\"elementor-container elementor-column-gap-default\">\n\t\t\t\t\t<div class=\"elementor-column elementor-col-100 elementor-top-column elementor-element elementor-element-7d2e0b6e\" data-id=\"7d2e0b6e\" data-element_type=\"column\">\n\t\t\t<div class=\"elementor-widget-wrap elementor-element-populated\">\n\t\t\t\t\t\t\t\t<div class=\"elementor-element elementor-element-2f2290cd elementor-widget elementor-widget-text-editor\" data-id=\"2f2290cd\" data-element_type=\"widget\" data-widget_type=\"text-editor.default\">\n\t\t\t\t<div class=\"elementor-widget-container\">\n\t\t\t<style>\/*! elementor - v3.10.2 - 29-01-2023 *\/\n.elementor-widget-text-editor.elementor-drop-cap-view-stacked .elementor-drop-cap{background-color:#818a91;color:#fff}.elementor-widget-text-editor.elementor-drop-cap-view-framed .elementor-drop-cap{color:#818a91;border:3px solid;background-color:transparent}.elementor-widget-text-editor:not(.elementor-drop-cap-view-default) .elementor-drop-cap{margin-top:8px}.elementor-widget-text-editor:not(.elementor-drop-cap-view-default) .elementor-drop-cap-letter{width:1em;height:1em}.elementor-widget-text-editor .elementor-drop-cap{float:left;text-align:center;line-height:1;font-size:50px}.elementor-widget-text-editor .elementor-drop-cap-letter{display:inline-block}<\/style>\t\t\t\t<p><strong>Pachuca, Hgo.\u00a0 25 de abril de 2023.-<\/strong>\u00a0En un hecho hist\u00f3rico, rindieron protesta en el Pleno del Poder Legislativo local, 30 integrantes del Primer Congreso Juvenil Hidalgo 2023 ante la presencia de diputadas y diputados locales, as\u00ed como del titular del Ejecutivo estatal, Julio Menchaca Salazar.<\/p><p>Despu\u00e9s de diversas mesas de trabajo interinstitucionales, fueron elegidos las y los j\u00f3venes hidalguenses de 14 a 17 a\u00f1os, poblaci\u00f3n que ha sido poco considerada en estos espacios.<\/p><p>El presidente de la Junta de Gobierno del Congreso de Hidalgo, Julio Valera Piedras, consider\u00f3 este d\u00eda como hist\u00f3rico en el Poder Legislativo, pues por primera ocasi\u00f3n, con la voluntad y el consenso, se llevar\u00e1 a cabo el Primer Congreso Juvenil.\u00a0<\/p><p>En su mensaje de bienvenida, el diputado priista coment\u00f3 a las diputadas y diputados j\u00f3venes, que este recinto tiene la bandera del di\u00e1logo, respeto y tolerancia para construir desde las diferencias y coincidencias un mejor futuro para todas y todos los hidalguenses.\u00a0<\/p><p>\u201cUstedes como legisladores juveniles que hoy toman protesta tendr\u00e1n la oportunidad, desde la m\u00e1s alta tribuna del estado, de plantear sus anhelos, inquietudes y necesidades; los convoco, en nombre de la LXV Legislatura del estado de Hidalgo a que lo hagan con la bandera del di\u00e1logo y la tolerancia\u201d.\u00a0<\/p><p>La diputada Erika Rodr\u00edguez Hern\u00e1ndez, presidenta de la Primera Comisi\u00f3n de la Ni\u00f1ez, la Juventud, el Deporte y la Familia, record\u00f3 que para la conformaci\u00f3n del Primer Congreso Juvenil se cont\u00f3 con el registro de 385 j\u00f3venes originarios de 78 municipios de la entidad, que de acuerdo a la convocatoria y al comit\u00e9 organizador realizaron un trabajo escrito en el cual desarrollaron percepciones de problemas y formulaci\u00f3n de propuestas, evaluado por un jurado integrado por representantes juveniles.<\/p><p>El Congreso Juvenil comprende a 12 j\u00f3venes por el criterio de Acci\u00f3n Afirmativa, dirigida a grupos en situaci\u00f3n de discriminaci\u00f3n: cuatro j\u00f3venes no escolarizados de las zonas rurales y urbanas; cuatro j\u00f3venes que se identifiquen como personas ind\u00edgenas o afrodescendientes; dos j\u00f3venes con discapacidad y dos j\u00f3venes de la diversidad sexual y con esto dar cumplimiento con el principio de inclusi\u00f3n.\u00a0<\/p><p>La diputada priista, explic\u00f3 que para garantizar la paridad de g\u00e9nero, se llev\u00f3 a cabo el sorteo para designar a las legisladoras y legisladores juveniles, representantes de los 18 distritos locales; resultando 19 mujeres, 10 hombres y una persona no binaria, superando la paridad, debido a una significativa participaci\u00f3n de las mujeres, adem\u00e1s, se contar\u00e1 con la primera Secretar\u00eda de Servicios Legislativos.\u00a0<\/p><p>A las y los j\u00f3venes diputados invit\u00f3 a que se preparen y estudien para ser competitivos, \u201cque luchen por estar en el camino correcto, por causas nobles, no bajar los brazos, que nunca se sientan derrotados y encaren siempre sus responsabilidades con la frente en alto del deber cumplido\u201d, expres\u00f3 la legisladora local.\u00a0<\/p><p>El gobernador de Hidalgo, Julio Menchaca Salazar, al dirigirse a las y los integrantes del Primer Congreso Juvenil, se\u00f1al\u00f3 que su participaci\u00f3n es significativa pues asumen el compromiso de trabajar, estudiar, prepararse y construir desde su trinchera.\u00a0<\/p><p>Llam\u00f3 a defender sus puntos de vista con respeto, pues cada quien tiene una concepci\u00f3n de entender la vida o preferencia. Adem\u00e1s, dijo, de las m\u00faltiples diferencias se aprende.\u00a0<\/p><p>Menchaca Salazar reconoci\u00f3 el trabajo realizado por las y los integrantes de la LXV Legislatura del Congreso de Hidalgo, pues a pesar de las diferencias, hay altura de miras en el respaldo de decisiones en favor de la entidad.\u00a0<\/p>\t\t\t\t\t\t<\/div>\n\t\t\t\t<\/div>\n\t\t\t\t\t<\/div>\n\t\t<\/div>\n\t\t\t\t\t\t\t<\/div>\n\t\t<\/section>\n\t\t\t\t\t\t\t<\/div>\n\t\t","protected":false},"excerpt":{"rendered":"<p>Pachuca, Hgo.\u00a0 25 de abril de 2023.-\u00a0En un hecho hist\u00f3rico, rindieron protesta en el Pleno del Poder Legislativo local, 30 integrantes del Primer Congreso Juvenil Hidalgo 2023 ante la presencia de diputadas y diputados locales, as\u00ed como del titular del Ejecutivo estatal, Julio Menchaca Salazar. Despu\u00e9s de diversas mesas de trabajo interinstitucionales, fueron elegidos las [&hellip;]<\/p>\n","protected":false},"author":1,"featured_media":7305,"comment_status":"closed","ping_status":"closed","sticky":false,"template":"","format":"standard","meta":[],"categories":[7],"tags":[],"_links":{"self":[{"href":"https:\/\/www.diarionoti7.com.mx\/index.php?rest_route=\/wp\/v2\/posts\/7303"}],"collection":[{"href":"https:\/\/www.diarionoti7.com.mx\/index.php?rest_route=\/wp\/v2\/posts"}],"about":[{"href":"https:\/\/www.diarionoti7.com.mx\/index.php?rest_route=\/wp\/v2\/types\/post"}],"author":[{"embeddable":true,"href":"https:\/\/www.diarionoti7.com.mx\/index.php?rest_route=\/wp\/v2\/users\/1"}],"replies":[{"embeddable":true,"href":"https:\/\/www.diarionoti7.com.mx\/index.php?rest_route=%2Fwp%2Fv2%2Fcomments&post=7303"}],"version-history":[{"count":4,"href":"https:\/\/www.diarionoti7.com.mx\/index.php?rest_route=\/wp\/v2\/posts\/7303\/revisions"}],"predecessor-version":[{"id":7308,"href":"https:\/\/www.diarionoti7.com.mx\/index.php?rest_route=\/wp\/v2\/posts\/7303\/revisions\/7308"}],"wp:featuredmedia":[{"embeddable":true,"href":"https:\/\/www.diarionoti7.com.mx\/index.php?rest_route=\/wp\/v2\/media\/7305"}],"wp:attachment":[{"href":"https:\/\/www.diarionoti7.com.mx\/index.php?rest_route=%2Fwp%2Fv2%2Fmedia&parent=7303"}],"wp:term":[{"taxonomy":"category","embeddable":true,"href":"https:\/\/www.diarionoti7.com.mx\/index.php?rest_route=%2Fwp%2Fv2%2Fcategories&post=7303"},{"taxonomy":"post_tag","embeddable":true,"href":"https:\/\/www.diarionoti7.com.mx\/index.php?rest_route=%2Fwp%2Fv2%2Ftags&post=7303"}],"curies":[{"name":"wp","href":"https:\/\/api.w.org\/{rel}","templated":true}]}}