{"id":7302,"date":"2023-04-26T18:26:36","date_gmt":"2023-04-26T18:26:36","guid":{"rendered":"https:\/\/www.diarionoti7.com.mx\/?p=7302"},"modified":"2023-04-26T18:29:28","modified_gmt":"2023-04-26T18:29:28","slug":"el-gobernador-julio-menchaca-fomenta-trabajo-coordinado-con-el-congreso-local","status":"publish","type":"post","link":"https:\/\/www.diarionoti7.com.mx\/?p=7302","title":{"rendered":"El Gobernador Julio Menchaca Fomenta Trabajo Coordinado con el Congreso Local"},"content":{"rendered":"\t\t<div data-elementor-type=\"wp-post\" data-elementor-id=\"7302\" class=\"elementor elementor-7302\">\n\t\t\t\t\t\t\t\t\t<section class=\"elementor-section elementor-top-section elementor-element elementor-element-51c23a4c elementor-section-boxed elementor-section-height-default elementor-section-height-default\" data-id=\"51c23a4c\" data-element_type=\"section\">\n\t\t\t\t\t\t<div class=\"elementor-container elementor-column-gap-default\">\n\t\t\t\t\t<div class=\"elementor-column elementor-col-100 elementor-top-column elementor-element elementor-element-7d2e0b6e\" data-id=\"7d2e0b6e\" data-element_type=\"column\">\n\t\t\t<div class=\"elementor-widget-wrap elementor-element-populated\">\n\t\t\t\t\t\t\t\t<div class=\"elementor-element elementor-element-2f2290cd elementor-widget elementor-widget-text-editor\" data-id=\"2f2290cd\" data-element_type=\"widget\" data-widget_type=\"text-editor.default\">\n\t\t\t\t<div class=\"elementor-widget-container\">\n\t\t\t<style>\/*! elementor - v3.10.2 - 29-01-2023 *\/\n.elementor-widget-text-editor.elementor-drop-cap-view-stacked .elementor-drop-cap{background-color:#818a91;color:#fff}.elementor-widget-text-editor.elementor-drop-cap-view-framed .elementor-drop-cap{color:#818a91;border:3px solid;background-color:transparent}.elementor-widget-text-editor:not(.elementor-drop-cap-view-default) .elementor-drop-cap{margin-top:8px}.elementor-widget-text-editor:not(.elementor-drop-cap-view-default) .elementor-drop-cap-letter{width:1em;height:1em}.elementor-widget-text-editor .elementor-drop-cap{float:left;text-align:center;line-height:1;font-size:50px}.elementor-widget-text-editor .elementor-drop-cap-letter{display:inline-block}<\/style>\t\t\t\t<p><strong>Pachuca, Hgo., 25 abril del 2023.-<\/strong>\u00a0El gobernador Julio Menchaca Salazar, durante su reciente visita a las instalaciones del Congreso Libre y Soberano del Estado de Hidalgo, particip\u00f3 en la inauguraci\u00f3n de un comedor, un almac\u00e9n y el aula audiovisual \u201cOlga Trevethan Cravioto\u201d, as\u00ed como de las obras de remodelaci\u00f3n en la Sala Constituyentes, jardines y \u00e1reas comunes del recinto legislativo.<\/p><p>Al finalizar el recorrido, el mandatario record\u00f3 que su administraci\u00f3n seguir\u00e1 trabajando de manera coordinada con los dem\u00e1s poderes con estricto apego a los principios de imparcialidad y respeto en su actuar.\u00a0<\/p><p>\u00a0<\/p>\t\t\t\t\t\t<\/div>\n\t\t\t\t<\/div>\n\t\t\t\t\t<\/div>\n\t\t<\/div>\n\t\t\t\t\t\t\t<\/div>\n\t\t<\/section>\n\t\t\t\t\t\t\t<\/div>\n\t\t","protected":false},"excerpt":{"rendered":"<p>Pachuca, Hgo., 25 abril del 2023.-\u00a0El gobernador Julio Menchaca Salazar, durante su reciente visita a las instalaciones del Congreso Libre y Soberano del Estado de Hidalgo, particip\u00f3 en la inauguraci\u00f3n de un comedor, un almac\u00e9n y el aula audiovisual \u201cOlga Trevethan Cravioto\u201d, as\u00ed como de las obras de remodelaci\u00f3n en la Sala Constituyentes, jardines y [&hellip;]<\/p>\n","protected":false},"author":1,"featured_media":7310,"comment_status":"closed","ping_status":"closed","sticky":false,"template":"","format":"standard","meta":[],"categories":[7],"tags":[],"_links":{"self":[{"href":"https:\/\/www.diarionoti7.com.mx\/index.php?rest_route=\/wp\/v2\/posts\/7302"}],"collection":[{"href":"https:\/\/www.diarionoti7.com.mx\/index.php?rest_route=\/wp\/v2\/posts"}],"about":[{"href":"https:\/\/www.diarionoti7.com.mx\/index.php?rest_route=\/wp\/v2\/types\/post"}],"author":[{"embeddable":true,"href":"https:\/\/www.diarionoti7.com.mx\/index.php?rest_route=\/wp\/v2\/users\/1"}],"replies":[{"embeddable":true,"href":"https:\/\/www.diarionoti7.com.mx\/index.php?rest_route=%2Fwp%2Fv2%2Fcomments&post=7302"}],"version-history":[{"count":4,"href":"https:\/\/www.diarionoti7.com.mx\/index.php?rest_route=\/wp\/v2\/posts\/7302\/revisions"}],"predecessor-version":[{"id":7313,"href":"https:\/\/www.diarionoti7.com.mx\/index.php?rest_route=\/wp\/v2\/posts\/7302\/revisions\/7313"}],"wp:featuredmedia":[{"embeddable":true,"href":"https:\/\/www.diarionoti7.com.mx\/index.php?rest_route=\/wp\/v2\/media\/7310"}],"wp:attachment":[{"href":"https:\/\/www.diarionoti7.com.mx\/index.php?rest_route=%2Fwp%2Fv2%2Fmedia&parent=7302"}],"wp:term":[{"taxonomy":"category","embeddable":true,"href":"https:\/\/www.diarionoti7.com.mx\/index.php?rest_route=%2Fwp%2Fv2%2Fcategories&post=7302"},{"taxonomy":"post_tag","embeddable":true,"href":"https:\/\/www.diarionoti7.com.mx\/index.php?rest_route=%2Fwp%2Fv2%2Ftags&post=7302"}],"curies":[{"name":"wp","href":"https:\/\/api.w.org\/{rel}","templated":true}]}}