{"id":73009,"date":"2025-03-12T08:13:32","date_gmt":"2025-03-12T08:13:32","guid":{"rendered":"https:\/\/www.diarionoti7.com.mx\/?p=73009"},"modified":"2025-03-12T18:15:07","modified_gmt":"2025-03-12T18:15:07","slug":"feria-nacional-de-empleo-promueve-participacion-de-mujeres-en-el-sector-laboral","status":"publish","type":"post","link":"https:\/\/www.diarionoti7.com.mx\/?p=73009","title":{"rendered":"Feria Nacional de Empleo Promueve Participaci\u00f3n de Mujeres en El Sector Laboral"},"content":{"rendered":"\t\t<div data-elementor-type=\"wp-post\" data-elementor-id=\"73009\" class=\"elementor elementor-73009\">\n\t\t\t\t\t\t\t\t\t<section class=\"elementor-section elementor-top-section elementor-element elementor-element-c09b8f0 elementor-section-boxed elementor-section-height-default elementor-section-height-default\" data-id=\"c09b8f0\" data-element_type=\"section\">\n\t\t\t\t\t\t<div class=\"elementor-container elementor-column-gap-default\">\n\t\t\t\t\t<div class=\"elementor-column elementor-col-100 elementor-top-column elementor-element elementor-element-955a561\" data-id=\"955a561\" data-element_type=\"column\">\n\t\t\t<div class=\"elementor-widget-wrap elementor-element-populated\">\n\t\t\t\t\t\t\t\t<div class=\"elementor-element elementor-element-0ce869c elementor-widget elementor-widget-text-editor\" data-id=\"0ce869c\" data-element_type=\"widget\" data-widget_type=\"text-editor.default\">\n\t\t\t\t<div class=\"elementor-widget-container\">\n\t\t\t<style>\/*! elementor - v3.10.2 - 29-01-2023 *\/\n.elementor-widget-text-editor.elementor-drop-cap-view-stacked .elementor-drop-cap{background-color:#818a91;color:#fff}.elementor-widget-text-editor.elementor-drop-cap-view-framed .elementor-drop-cap{color:#818a91;border:3px solid;background-color:transparent}.elementor-widget-text-editor:not(.elementor-drop-cap-view-default) .elementor-drop-cap{margin-top:8px}.elementor-widget-text-editor:not(.elementor-drop-cap-view-default) .elementor-drop-cap-letter{width:1em;height:1em}.elementor-widget-text-editor .elementor-drop-cap{float:left;text-align:center;line-height:1;font-size:50px}.elementor-widget-text-editor .elementor-drop-cap-letter{display:inline-block}<\/style>\t\t\t\t<p><strong>\u00a0\u00a0 -Adem\u00e1s de acercar las opciones laborales, se busca una mayor inclusi\u00f3n en puestos de trabajo en personas de 40 a 59 a\u00f1os de edad<\/strong><\/p><p><strong>\u00a0\u00a0\u00a0\u00a0 Mineral de la Reforma, Hgo., 11 de marzo de 2025.-<\/strong>El pr\u00f3ximo 19 de marzo en las instalaciones de la feria de Pachuca, se llevar\u00e1 a cabo la Feria Nacional de Empleo para las Mujeres, donde se contar\u00e1 con m\u00e1s de 30 empresas participantes, adelant\u00f3 el secretario del Trabajo y Previsi\u00f3n Social de Hidalgo, Oscar Javier Gonz\u00e1lez Hern\u00e1ndez.<\/p><p>Refiri\u00f3 que este evento, tiene como objetivo promover la vinculaci\u00f3n y colocaci\u00f3n de mujeres en un puesto de trabajo formal, adem\u00e1s de reivindicar los derechos laborales e impulsar la autonom\u00eda econ\u00f3mica de las mujeres.<\/p><p>La Feria Nacional de Empleo para las Mujeres acercar\u00e1 una oferta laboral de m\u00e1s de mil plazas disponibles entre la oferta de las empresas locales y regionales, as\u00ed como la Bolsa de Trabajo y el Portal del Empleo.<\/p><p>Destac\u00f3 que, a fin de impulsar la econom\u00eda local y el desarrollo de la poblaci\u00f3n, tambi\u00e9n se contar\u00e1 con la instalaci\u00f3n de un pabell\u00f3n de artesanos, emprendedores y m\u00f3dulos informativos de los diferentes \u00f3rdenes de gobierno, que brindan atenci\u00f3n especializada a la poblaci\u00f3n, principalmente a las mujeres.<\/p><p>El secretario del trabajo, subray\u00f3 que con este tipo de actividades se fortalece la pol\u00edtica de inclusi\u00f3n del gobernador Julio Menchaca y se focaliza la oferta laboral a mujeres, tambi\u00e9n se garantiza el espacio accesible e incluyente para todas las personas que se encuentran en la b\u00fasqueda de empleo, puesto que se contar\u00e1 con vacantes para hombres y personas con discapacidad.<\/p><p>En lo que va de 2025, la Secretar\u00eda del Trabajo y Previsi\u00f3n Social, a trav\u00e9s del Servicio Nacional de Empleo, ha realizado Expo laborales y artesanales en los municipios de Mixquiahuala, Epazoyucan, Tepeji del R\u00edo y una jornada de empleo en el municipio de Atotonilco de Tula, eventos donde se atendieron a sectores de la poblaci\u00f3n vulnerable como mujeres, personas con discapacidad, adultos mayores, as\u00ed como la poblaci\u00f3n buscadora de empleo en general.<\/p><p>Aunado a impulsar la colocaci\u00f3n de mujeres en un empleo formal, durante la Feria de Empleo Nacional, tambi\u00e9n se sensibilizar\u00e1 a empleadores para que puedan incluir dentro de sus plantillas de personal a mujeres buscadoras de empleo entre los 40 y los 59 a\u00f1os, destac\u00f3 el titular de la STPSH.<\/p><p>Las y los asistentes podr\u00e1n participar en los Talleres para Buscadores de Empleo, donde se les compartir\u00e1 informaci\u00f3n sobre c\u00f3mo desempe\u00f1arse en una entrevista de trabajo; estos talleres se impartir\u00e1n durante el evento, que dar\u00e1 inicio a partir de las 9:00 de la ma\u00f1ana hasta las 15:00 horas, por lo que las personas buscadoras de empleo deber\u00e1n asistir con solicitud de empleo y curr\u00edculum vitae.<\/p><p>Finalmente, resalt\u00f3 que en el marco de esta feria se realizar\u00e1 la firma de Convenios de Colaboraci\u00f3n con ayuntamientos de la zona metropolitana, a fin generar y fortalecer acciones que permitan el progreso y bienestar de la poblaci\u00f3n hidalguense, con estricto respeto a la normativa laboral vigente.<\/p>\t\t\t\t\t\t<\/div>\n\t\t\t\t<\/div>\n\t\t\t\t\t<\/div>\n\t\t<\/div>\n\t\t\t\t\t\t\t<\/div>\n\t\t<\/section>\n\t\t\t\t<section class=\"elementor-section elementor-top-section elementor-element elementor-element-5723434 elementor-section-boxed elementor-section-height-default elementor-section-height-default\" data-id=\"5723434\" data-element_type=\"section\">\n\t\t\t\t\t\t<div class=\"elementor-container elementor-column-gap-default\">\n\t\t\t\t\t<div class=\"elementor-column elementor-col-100 elementor-top-column elementor-element elementor-element-6325161\" data-id=\"6325161\" data-element_type=\"column\">\n\t\t\t<div class=\"elementor-widget-wrap elementor-element-populated\">\n\t\t\t\t\t\t\t\t<div class=\"elementor-element elementor-element-3a13837 elementor-aspect-ratio-169 elementor-widget elementor-widget-video\" data-id=\"3a13837\" data-element_type=\"widget\" data-settings=\"{&quot;youtube_url&quot;:&quot;https:\\\/\\\/youtu.be\\\/7YE6suan0F8&quot;,&quot;video_type&quot;:&quot;youtube&quot;,&quot;controls&quot;:&quot;yes&quot;,&quot;aspect_ratio&quot;:&quot;169&quot;}\" data-widget_type=\"video.default\">\n\t\t\t\t<div class=\"elementor-widget-container\">\n\t\t\t<style>\/*! elementor - v3.10.2 - 29-01-2023 *\/\n.elementor-widget-video .elementor-widget-container{overflow:hidden;transform:translateZ(0)}.elementor-widget-video .elementor-open-inline .elementor-custom-embed-image-overlay{position:absolute;top:0;left:0;width:100%;height:100%;background-size:cover;background-position:50%}.elementor-widget-video .elementor-custom-embed-image-overlay{cursor:pointer;text-align:center}.elementor-widget-video .elementor-custom-embed-image-overlay:hover .elementor-custom-embed-play i{opacity:1}.elementor-widget-video .elementor-custom-embed-image-overlay img{display:block;width:100%}.elementor-widget-video .e-hosted-video .elementor-video{-o-object-fit:cover;object-fit:cover}.e-con-inner>.elementor-widget-video,.e-con>.elementor-widget-video{width:var(--container-widget-width);--flex-grow:var(--container-widget-flex-grow)}<\/style>\t\t<div class=\"elementor-wrapper elementor-fit-aspect-ratio elementor-open-inline\">\n\t\t\t<div class=\"elementor-video\"><\/div>\t\t<\/div>\n\t\t\t\t<\/div>\n\t\t\t\t<\/div>\n\t\t\t\t\t<\/div>\n\t\t<\/div>\n\t\t\t\t\t\t\t<\/div>\n\t\t<\/section>\n\t\t\t\t\t\t\t<\/div>\n\t\t","protected":false},"excerpt":{"rendered":"<p>\u00a0\u00a0 -Adem\u00e1s de acercar las opciones laborales, se busca una mayor inclusi\u00f3n en puestos de trabajo en personas de 40 a 59 a\u00f1os de edad \u00a0\u00a0\u00a0\u00a0 Mineral de la Reforma, Hgo., 11 de marzo de 2025.-El pr\u00f3ximo 19 de marzo en las instalaciones de la feria de Pachuca, se llevar\u00e1 a cabo la Feria Nacional [&hellip;]<\/p>\n","protected":false},"author":1,"featured_media":73011,"comment_status":"closed","ping_status":"closed","sticky":false,"template":"","format":"standard","meta":[],"categories":[7],"tags":[],"_links":{"self":[{"href":"https:\/\/www.diarionoti7.com.mx\/index.php?rest_route=\/wp\/v2\/posts\/73009"}],"collection":[{"href":"https:\/\/www.diarionoti7.com.mx\/index.php?rest_route=\/wp\/v2\/posts"}],"about":[{"href":"https:\/\/www.diarionoti7.com.mx\/index.php?rest_route=\/wp\/v2\/types\/post"}],"author":[{"embeddable":true,"href":"https:\/\/www.diarionoti7.com.mx\/index.php?rest_route=\/wp\/v2\/users\/1"}],"replies":[{"embeddable":true,"href":"https:\/\/www.diarionoti7.com.mx\/index.php?rest_route=%2Fwp%2Fv2%2Fcomments&post=73009"}],"version-history":[{"count":7,"href":"https:\/\/www.diarionoti7.com.mx\/index.php?rest_route=\/wp\/v2\/posts\/73009\/revisions"}],"predecessor-version":[{"id":73017,"href":"https:\/\/www.diarionoti7.com.mx\/index.php?rest_route=\/wp\/v2\/posts\/73009\/revisions\/73017"}],"wp:featuredmedia":[{"embeddable":true,"href":"https:\/\/www.diarionoti7.com.mx\/index.php?rest_route=\/wp\/v2\/media\/73011"}],"wp:attachment":[{"href":"https:\/\/www.diarionoti7.com.mx\/index.php?rest_route=%2Fwp%2Fv2%2Fmedia&parent=73009"}],"wp:term":[{"taxonomy":"category","embeddable":true,"href":"https:\/\/www.diarionoti7.com.mx\/index.php?rest_route=%2Fwp%2Fv2%2Fcategories&post=73009"},{"taxonomy":"post_tag","embeddable":true,"href":"https:\/\/www.diarionoti7.com.mx\/index.php?rest_route=%2Fwp%2Fv2%2Ftags&post=73009"}],"curies":[{"name":"wp","href":"https:\/\/api.w.org\/{rel}","templated":true}]}}