{"id":72986,"date":"2025-03-12T08:06:29","date_gmt":"2025-03-12T08:06:29","guid":{"rendered":"https:\/\/www.diarionoti7.com.mx\/?p=72986"},"modified":"2025-03-12T18:07:21","modified_gmt":"2025-03-12T18:07:21","slug":"la-desigualdad-de-genero-implica-el-reconocimiento-de-las-multiples-problematicas-a-las-que-se-enfrentan-las-mujeres","status":"publish","type":"post","link":"https:\/\/www.diarionoti7.com.mx\/?p=72986","title":{"rendered":"\u201cLa Desigualdad de G\u00e9nero Implica El Reconocimiento de Las M\u00faltiples Problem\u00e1ticas a Las Que Se Enfrentan Las Mujeres\u201d"},"content":{"rendered":"\t\t<div data-elementor-type=\"wp-post\" data-elementor-id=\"72986\" class=\"elementor elementor-72986\">\n\t\t\t\t\t\t\t\t\t<section class=\"elementor-section elementor-top-section elementor-element elementor-element-c09b8f0 elementor-section-boxed elementor-section-height-default elementor-section-height-default\" data-id=\"c09b8f0\" data-element_type=\"section\">\n\t\t\t\t\t\t<div class=\"elementor-container elementor-column-gap-default\">\n\t\t\t\t\t<div class=\"elementor-column elementor-col-100 elementor-top-column elementor-element elementor-element-955a561\" data-id=\"955a561\" data-element_type=\"column\">\n\t\t\t<div class=\"elementor-widget-wrap elementor-element-populated\">\n\t\t\t\t\t\t\t\t<div class=\"elementor-element elementor-element-0ce869c elementor-widget elementor-widget-text-editor\" data-id=\"0ce869c\" data-element_type=\"widget\" data-widget_type=\"text-editor.default\">\n\t\t\t\t<div class=\"elementor-widget-container\">\n\t\t\t<style>\/*! elementor - v3.10.2 - 29-01-2023 *\/\n.elementor-widget-text-editor.elementor-drop-cap-view-stacked .elementor-drop-cap{background-color:#818a91;color:#fff}.elementor-widget-text-editor.elementor-drop-cap-view-framed .elementor-drop-cap{color:#818a91;border:3px solid;background-color:transparent}.elementor-widget-text-editor:not(.elementor-drop-cap-view-default) .elementor-drop-cap{margin-top:8px}.elementor-widget-text-editor:not(.elementor-drop-cap-view-default) .elementor-drop-cap-letter{width:1em;height:1em}.elementor-widget-text-editor .elementor-drop-cap{float:left;text-align:center;line-height:1;font-size:50px}.elementor-widget-text-editor .elementor-drop-cap-letter{display:inline-block}<\/style>\t\t\t\t<p><strong>Ciudad de M\u00e9xico, 11 de marzo de 2025.-<\/strong>La senadora hidalguense Simey Olvera Bautista (Morena) encabez\u00f3 el foro \u201cEnfoque Interseccional en el \u00c1mbito Legislativo, Inclusi\u00f3n y Paridad\u201d, una actividad que contribuye al reconocimiento de la participaci\u00f3n de las mujeres en la vida p\u00fablica, pol\u00edtica y social, as\u00ed como a las problem\u00e1ticas a las que ellas se enfrentan d\u00eda a d\u00eda por razones de g\u00e9nero.<\/p><p>La interseccionalidad es un enfoque que nos invita a mirar m\u00e1s all\u00e1 de las categor\u00edas individuales de identidad, como el g\u00e9nero, la raza, la clase social, la orientaci\u00f3n sexual y muchas otras, y a considerar c\u00f3mo estas identidades se entrelazan y afectan las experiencias y oportunidades en la vida.<\/p><p>Este foro tiene como prop\u00f3sito generar un espacio de reflexi\u00f3n con un abordaje multidisciplinario sobre las distintas problem\u00e1ticas que enfrentan las mujeres en nuestro pa\u00eds. \u201cA quienes estamos en este espacio y representamos a las mujeres de este pa\u00eds en el Senado, nos toca trabajar para que nuestras experiencias se reflejen en la legislaci\u00f3n\u201d, destac\u00f3 la representante hidalguense.<\/p><p>Porque la igualdad no se alcanza si no se tiene en cuenta la diversidad de las vivencias, luchas y necesidades de cada individuo, es fundamental el enfoque interseccional, ya que en este radica la capacidad de visibilizar las desigualdades que a menudo pasan desapercibidas.<\/p><p>Dicho enfoque permite reconocer que las luchas por la justicia social no son homog\u00e9neas. \u201cCada persona enfrenta un conjunto distinto de circunstancias que influyen en su vida. Adem\u00e1s, nos invita a ser m\u00e1s emp\u00e1ticos y a entender las diferencias. Nos recuerda que cada persona lleva consigo una historia \u00fanica y que, al escuchar y aprender de las experiencias de las dem\u00e1s, podemos construir un mundo m\u00e1s justo y equitativo\u201d, expres\u00f3.<\/p><p>Esta actividad se realiz\u00f3 como complemento a la conmemoraci\u00f3n del 8M, una lucha de las mujeres para visibilizar problem\u00e1ticas como la violencia de g\u00e9nero, los feminicidios y la desigualdad.<\/p><p>En este sentido, Simey Olvera se\u00f1al\u00f3: \u201cCuando ninguna mujer sufra violencia, dejaremos de hacer ruido. Y violencia no solo significa f\u00edsica, tambi\u00e9n psicol\u00f3gica, econ\u00f3mica, pol\u00edtica, entre otras. Ese d\u00eda dejaremos de alzar la voz, pero creo que todav\u00eda nos falta trabajo por hacer para que llegue ese momento\u201d.<\/p><p>En el \u00e1mbito legislativo, el enfoque interseccional permitir\u00e1 identificar c\u00f3mo las iniciativas propuestas tendr\u00e1n un impacto positivo o negativo en diferentes individuos y grupos sociales. Esto garantizar\u00e1 que las leyes y las pol\u00edticas p\u00fablicas sean dise\u00f1adas de manera que incluyan las diversas experiencias de quienes integran la poblaci\u00f3n.<\/p><p>En este foro estuvieron presentes la senadora Mal\u00fa Micher, presidenta de la Comisi\u00f3n para la Igualdad de G\u00e9nero; las senadoras Reyna Celeste Ascencio, presidenta de la Comisi\u00f3n de Derechos Humanos, y Laura Estrada Mauro, legisladora de Oaxaca. De igual forma, participaron Ma\u00efsa Huber Chakour, subdirectora de Equis Justicia para Mujeres; Margarita Cort\u00e9s Cid, de la Secretar\u00eda de Relaciones Exteriores, y Gellis Quintero Renter\u00eda, especialista en materia electoral, entre otras destacadas mujeres que han impulsado acciones afirmativas en favor de las mujeres.<\/p>\t\t\t\t\t\t<\/div>\n\t\t\t\t<\/div>\n\t\t\t\t\t<\/div>\n\t\t<\/div>\n\t\t\t\t\t\t\t<\/div>\n\t\t<\/section>\n\t\t\t\t\t\t\t<\/div>\n\t\t","protected":false},"excerpt":{"rendered":"<p>Ciudad de M\u00e9xico, 11 de marzo de 2025.-La senadora hidalguense Simey Olvera Bautista (Morena) encabez\u00f3 el foro \u201cEnfoque Interseccional en el \u00c1mbito Legislativo, Inclusi\u00f3n y Paridad\u201d, una actividad que contribuye al reconocimiento de la participaci\u00f3n de las mujeres en la vida p\u00fablica, pol\u00edtica y social, as\u00ed como a las problem\u00e1ticas a las que ellas se [&hellip;]<\/p>\n","protected":false},"author":1,"featured_media":72988,"comment_status":"closed","ping_status":"closed","sticky":false,"template":"","format":"standard","meta":[],"categories":[3],"tags":[],"_links":{"self":[{"href":"https:\/\/www.diarionoti7.com.mx\/index.php?rest_route=\/wp\/v2\/posts\/72986"}],"collection":[{"href":"https:\/\/www.diarionoti7.com.mx\/index.php?rest_route=\/wp\/v2\/posts"}],"about":[{"href":"https:\/\/www.diarionoti7.com.mx\/index.php?rest_route=\/wp\/v2\/types\/post"}],"author":[{"embeddable":true,"href":"https:\/\/www.diarionoti7.com.mx\/index.php?rest_route=\/wp\/v2\/users\/1"}],"replies":[{"embeddable":true,"href":"https:\/\/www.diarionoti7.com.mx\/index.php?rest_route=%2Fwp%2Fv2%2Fcomments&post=72986"}],"version-history":[{"count":4,"href":"https:\/\/www.diarionoti7.com.mx\/index.php?rest_route=\/wp\/v2\/posts\/72986\/revisions"}],"predecessor-version":[{"id":72991,"href":"https:\/\/www.diarionoti7.com.mx\/index.php?rest_route=\/wp\/v2\/posts\/72986\/revisions\/72991"}],"wp:featuredmedia":[{"embeddable":true,"href":"https:\/\/www.diarionoti7.com.mx\/index.php?rest_route=\/wp\/v2\/media\/72988"}],"wp:attachment":[{"href":"https:\/\/www.diarionoti7.com.mx\/index.php?rest_route=%2Fwp%2Fv2%2Fmedia&parent=72986"}],"wp:term":[{"taxonomy":"category","embeddable":true,"href":"https:\/\/www.diarionoti7.com.mx\/index.php?rest_route=%2Fwp%2Fv2%2Fcategories&post=72986"},{"taxonomy":"post_tag","embeddable":true,"href":"https:\/\/www.diarionoti7.com.mx\/index.php?rest_route=%2Fwp%2Fv2%2Ftags&post=72986"}],"curies":[{"name":"wp","href":"https:\/\/api.w.org\/{rel}","templated":true}]}}