{"id":7296,"date":"2023-04-26T18:25:19","date_gmt":"2023-04-26T18:25:19","guid":{"rendered":"https:\/\/www.diarionoti7.com.mx\/?p=7296"},"modified":"2023-04-26T18:26:32","modified_gmt":"2023-04-26T18:26:32","slug":"hagamos-del-dif-un-sistema-profesional-y-columna-vertebral-de-las-alcaldias-vite","status":"publish","type":"post","link":"https:\/\/www.diarionoti7.com.mx\/?p=7296","title":{"rendered":"Hagamos del DIF un Sistema Profesional y Columna Vertebral de las Alcald\u00edas: Vite"},"content":{"rendered":"\t\t<div data-elementor-type=\"wp-post\" data-elementor-id=\"7296\" class=\"elementor elementor-7296\">\n\t\t\t\t\t\t\t\t\t<section class=\"elementor-section elementor-top-section elementor-element elementor-element-51c23a4c elementor-section-boxed elementor-section-height-default elementor-section-height-default\" data-id=\"51c23a4c\" data-element_type=\"section\">\n\t\t\t\t\t\t<div class=\"elementor-container elementor-column-gap-default\">\n\t\t\t\t\t<div class=\"elementor-column elementor-col-100 elementor-top-column elementor-element elementor-element-7d2e0b6e\" data-id=\"7d2e0b6e\" data-element_type=\"column\">\n\t\t\t<div class=\"elementor-widget-wrap elementor-element-populated\">\n\t\t\t\t\t\t\t\t<div class=\"elementor-element elementor-element-2f2290cd elementor-widget elementor-widget-text-editor\" data-id=\"2f2290cd\" data-element_type=\"widget\" data-widget_type=\"text-editor.default\">\n\t\t\t\t<div class=\"elementor-widget-container\">\n\t\t\t<style>\/*! elementor - v3.10.2 - 29-01-2023 *\/\n.elementor-widget-text-editor.elementor-drop-cap-view-stacked .elementor-drop-cap{background-color:#818a91;color:#fff}.elementor-widget-text-editor.elementor-drop-cap-view-framed .elementor-drop-cap{color:#818a91;border:3px solid;background-color:transparent}.elementor-widget-text-editor:not(.elementor-drop-cap-view-default) .elementor-drop-cap{margin-top:8px}.elementor-widget-text-editor:not(.elementor-drop-cap-view-default) .elementor-drop-cap-letter{width:1em;height:1em}.elementor-widget-text-editor .elementor-drop-cap{float:left;text-align:center;line-height:1;font-size:50px}.elementor-widget-text-editor .elementor-drop-cap-letter{display:inline-block}<\/style>\t\t\t\t<p><strong>*La presidenta del Patronato se reuni\u00f3 con autoridades de 11 municipios en Tulancingo<\/strong><\/p><p><strong>Pachuca, Hg. 25 de abril 2023.- <\/strong>\u201cSistemas DIF en Hidalgo deben ser m\u00e1s humanos, sensibles y cercanos a la gente<em>\u201d<\/em>, afirm\u00f3 Edda Vite Ramos, presidenta del Patronato del organismo asistencial, al dirigir las actividades de la Segunda Reuni\u00f3n para el Fortalecimiento de Sistemas Municipales DIF Regi\u00f3n 2, en Tulancingo.<\/p><p>Durante el encuentro, que reuni\u00f3 a las presidentas de los DIF de Acatl\u00e1n, Acaxochitl\u00e1n, Cuautepec, Huehuetla, Metepec, Singuilucan, Tenango, San Bartolo Tutotepec, Agua Blanca, Santiago Tulantepec y Tulancingo, Vite Ramos alent\u00f3 a las funcionarias a asumir la responsabilidad de la administraci\u00f3n p\u00fablica que les corresponde, para aminorar la desigualdad en pro del inter\u00e9s p\u00fablico y de los grupos prioritarios:<\/p><p>\u201cTenemos que empezar a ver al DIF como una instituci\u00f3n con much\u00edsimo valor, el m\u00e1s humano, el m\u00e1s sensible; esto es un trabajo profesional y quiero que as\u00ed lo veamos. Es crear nosotras mismas nuestras pol\u00edticas p\u00fablicas. Hidalgo va a crecer con la presencia de ustedes y con el trabajo que realicen; sobre todo, tenemos que acercar esa brecha que hay entre el que m\u00e1s tiene y el que m\u00e1s lo necesita\u201d, expres\u00f3 y consider\u00f3 que los organismos asistenciales en el estado enfrentan enormes retos debido al abandono hist\u00f3rico, la falta de enfoque y profesionalizaci\u00f3n del mismo.<\/p><p>Durante el encuentro, se efectuaron las exposiciones sobre Protecci\u00f3n y Procuraci\u00f3n de Derechos para Ni\u00f1as, Ni\u00f1os y Adolescentes; Delimitaci\u00f3n y Mantenimiento de Equipo para UBR; Asistencia Social conformada por Servicios Integrales PAMAR y CAIC; Red de Alimentaci\u00f3n y Desarrollo Comunitario; Gama de Servicios y Canalizaci\u00f3n por parte del Hospital del Ni\u00f1o DIF.<\/p><p>Finalmente, el titular del DIF Hidalgo, Javier Rodr\u00edguez Sagah\u00f3n, hizo un llamado a las presidentas y autoridades a multiplicar esfuerzos de forma regionalizada para implementar programas al alcance del presupuesto asignado por cada municipio; y ratific\u00f3 la voluntad de la Familia DIFH para colaborar como un punto de apoyo a trav\u00e9s del verdadero aprovechamiento de las herramientas que ofrece la asistencia social.<\/p>\t\t\t\t\t\t<\/div>\n\t\t\t\t<\/div>\n\t\t\t\t\t<\/div>\n\t\t<\/div>\n\t\t\t\t\t\t\t<\/div>\n\t\t<\/section>\n\t\t\t\t\t\t\t<\/div>\n\t\t","protected":false},"excerpt":{"rendered":"<p>*La presidenta del Patronato se reuni\u00f3 con autoridades de 11 municipios en Tulancingo Pachuca, Hg. 25 de abril 2023.- \u201cSistemas DIF en Hidalgo deben ser m\u00e1s humanos, sensibles y cercanos a la gente\u201d, afirm\u00f3 Edda Vite Ramos, presidenta del Patronato del organismo asistencial, al dirigir las actividades de la Segunda Reuni\u00f3n para el Fortalecimiento de [&hellip;]<\/p>\n","protected":false},"author":1,"featured_media":7298,"comment_status":"closed","ping_status":"closed","sticky":false,"template":"","format":"standard","meta":[],"categories":[7],"tags":[],"_links":{"self":[{"href":"https:\/\/www.diarionoti7.com.mx\/index.php?rest_route=\/wp\/v2\/posts\/7296"}],"collection":[{"href":"https:\/\/www.diarionoti7.com.mx\/index.php?rest_route=\/wp\/v2\/posts"}],"about":[{"href":"https:\/\/www.diarionoti7.com.mx\/index.php?rest_route=\/wp\/v2\/types\/post"}],"author":[{"embeddable":true,"href":"https:\/\/www.diarionoti7.com.mx\/index.php?rest_route=\/wp\/v2\/users\/1"}],"replies":[{"embeddable":true,"href":"https:\/\/www.diarionoti7.com.mx\/index.php?rest_route=%2Fwp%2Fv2%2Fcomments&post=7296"}],"version-history":[{"count":4,"href":"https:\/\/www.diarionoti7.com.mx\/index.php?rest_route=\/wp\/v2\/posts\/7296\/revisions"}],"predecessor-version":[{"id":7301,"href":"https:\/\/www.diarionoti7.com.mx\/index.php?rest_route=\/wp\/v2\/posts\/7296\/revisions\/7301"}],"wp:featuredmedia":[{"embeddable":true,"href":"https:\/\/www.diarionoti7.com.mx\/index.php?rest_route=\/wp\/v2\/media\/7298"}],"wp:attachment":[{"href":"https:\/\/www.diarionoti7.com.mx\/index.php?rest_route=%2Fwp%2Fv2%2Fmedia&parent=7296"}],"wp:term":[{"taxonomy":"category","embeddable":true,"href":"https:\/\/www.diarionoti7.com.mx\/index.php?rest_route=%2Fwp%2Fv2%2Fcategories&post=7296"},{"taxonomy":"post_tag","embeddable":true,"href":"https:\/\/www.diarionoti7.com.mx\/index.php?rest_route=%2Fwp%2Fv2%2Ftags&post=7296"}],"curies":[{"name":"wp","href":"https:\/\/api.w.org\/{rel}","templated":true}]}}