{"id":72710,"date":"2025-03-08T09:01:39","date_gmt":"2025-03-08T09:01:39","guid":{"rendered":"https:\/\/www.diarionoti7.com.mx\/?p=72710"},"modified":"2025-03-08T19:02:50","modified_gmt":"2025-03-08T19:02:50","slug":"unidad-de-genero-del-congreso-de-hidalgo-conmemora-dia-internacional-de-la-mujer-con-reconocimiento-a-artesana-martina-garcia","status":"publish","type":"post","link":"https:\/\/www.diarionoti7.com.mx\/?p=72710","title":{"rendered":"Unidad de G\u00e9nero del Congreso de Hidalgo Conmemora D\u00eda Internacional de La Mujer Con Reconocimiento a Artesana Martina Garc\u00eda"},"content":{"rendered":"\t\t<div data-elementor-type=\"wp-post\" data-elementor-id=\"72710\" class=\"elementor elementor-72710\">\n\t\t\t\t\t\t\t\t\t<section class=\"elementor-section elementor-top-section elementor-element elementor-element-c09b8f0 elementor-section-boxed elementor-section-height-default elementor-section-height-default\" data-id=\"c09b8f0\" data-element_type=\"section\">\n\t\t\t\t\t\t<div class=\"elementor-container elementor-column-gap-default\">\n\t\t\t\t\t<div class=\"elementor-column elementor-col-100 elementor-top-column elementor-element elementor-element-955a561\" data-id=\"955a561\" data-element_type=\"column\">\n\t\t\t<div class=\"elementor-widget-wrap elementor-element-populated\">\n\t\t\t\t\t\t\t\t<div class=\"elementor-element elementor-element-0ce869c elementor-widget elementor-widget-text-editor\" data-id=\"0ce869c\" data-element_type=\"widget\" data-widget_type=\"text-editor.default\">\n\t\t\t\t<div class=\"elementor-widget-container\">\n\t\t\t<style>\/*! elementor - v3.10.2 - 29-01-2023 *\/\n.elementor-widget-text-editor.elementor-drop-cap-view-stacked .elementor-drop-cap{background-color:#818a91;color:#fff}.elementor-widget-text-editor.elementor-drop-cap-view-framed .elementor-drop-cap{color:#818a91;border:3px solid;background-color:transparent}.elementor-widget-text-editor:not(.elementor-drop-cap-view-default) .elementor-drop-cap{margin-top:8px}.elementor-widget-text-editor:not(.elementor-drop-cap-view-default) .elementor-drop-cap-letter{width:1em;height:1em}.elementor-widget-text-editor .elementor-drop-cap{float:left;text-align:center;line-height:1;font-size:50px}.elementor-widget-text-editor .elementor-drop-cap-letter{display:inline-block}<\/style>\t\t\t\t<p><strong>Pachuca, Hgo., 7 de marzo de 2025.- <\/strong>En el marco del D\u00eda Internacional de la Mujer, la Unidad Institucional de G\u00e9nero del Congreso del Estado Libre y Soberano de Hidalgo, a cargo de la Lic. Mariana Monzalvo God\u00ednez, present\u00f3 la historia de vida de Martina Garc\u00eda Cruz, tejedora originaria de El Mejay, municipio de Chilcuautla, en el evento \u201cHilos de sabidur\u00eda. El arte del tejido ind\u00edgena hidalguense\u201d.<\/p><p>Con el objetivo de generar conciencia sobre los derechos de las mujeres ind\u00edgenas y la importancia de su inclusi\u00f3n en la vida econ\u00f3mica y cultural del Estado, en esta pl\u00e1tica la mujer artesana de origen h\u00f1ah\u00f1u comparti\u00f3 su amor por el telar, oficio que le ense\u00f1\u00f3 su familia.<\/p><p>Tambi\u00e9n record\u00f3 que ha llevado sus obras en telar de cintura a otros pa\u00edses, por lo que ha recibido m\u00faltiples premios a nivel nacional; adem\u00e1s, gracias a su trabajo conoci\u00f3 al Papa Francisco, en la Ciudad del Vaticano. Con humildad, refiere que no entiende c\u00f3mo es que ha logrado tanto reconocimiento, sin embargo, ha contribuido a preservar esta tradici\u00f3n de generaci\u00f3n en generaci\u00f3n.<\/p><p>En el evento, la presidenta de la mesa directiva de marzo, diputada Alma Rosa El\u00edas Paso destac\u00f3 la historia y el origen de Martina Garc\u00eda: \u201cnos sentimos muy honradas con su presencia en este espacio porque muchas mujeres como ella all\u00e1 afuera siguen trabajando, siguen generando historia y gracias a ellas, nosotras estamos en estos espacios\u201d.<\/p><p>Mientras que la titular de la Unidad de G\u00e9nero, Lic. Mariana Monzalvo mencion\u00f3 que a\u00fan existe una deuda hist\u00f3rica importante con las mujeres ind\u00edgenas: \u201cEn este a\u00f1o la presidenta de M\u00e9xico, Claudia Sheinbaum ha decretado que sea el A\u00f1o de la Mujer Ind\u00edgena 2025. Y como mujer ind\u00edgena nos dejas un legado muy importante, no s\u00f3lo al estado de Hidalgo, sino tambi\u00e9n a toda nuestra Rep\u00fablica\u201d.<\/p><p>En representaci\u00f3n del presidente de la Junta de Gobierno, diputado Andr\u00e9s Vel\u00e1zquez V\u00e1zquez, el coordinador de Asesor\u00eda, el Mtro. Eduardo L\u00f3pez Palma celebr\u00f3 que el trabajo de Martina Garc\u00eda Cruz se encuentre en el Congreso. Adem\u00e1s, hizo un reconocimiento a las mujeres \u201cpor la ardua labor que realizan d\u00eda a d\u00eda, no s\u00f3lo son trabajadoras, legisladoras, tienen un sinf\u00edn de roles en el hogar, en la familia, en todas las esferas jur\u00eddico-pol\u00edticas, sociales y econ\u00f3micas en esta sociedad\u201d.<\/p>\t\t\t\t\t\t<\/div>\n\t\t\t\t<\/div>\n\t\t\t\t\t<\/div>\n\t\t<\/div>\n\t\t\t\t\t\t\t<\/div>\n\t\t<\/section>\n\t\t\t\t\t\t\t<\/div>\n\t\t","protected":false},"excerpt":{"rendered":"<p>Pachuca, Hgo., 7 de marzo de 2025.- En el marco del D\u00eda Internacional de la Mujer, la Unidad Institucional de G\u00e9nero del Congreso del Estado Libre y Soberano de Hidalgo, a cargo de la Lic. Mariana Monzalvo God\u00ednez, present\u00f3 la historia de vida de Martina Garc\u00eda Cruz, tejedora originaria de El Mejay, municipio de Chilcuautla, [&hellip;]<\/p>\n","protected":false},"author":1,"featured_media":72713,"comment_status":"closed","ping_status":"closed","sticky":false,"template":"","format":"standard","meta":[],"categories":[3],"tags":[],"_links":{"self":[{"href":"https:\/\/www.diarionoti7.com.mx\/index.php?rest_route=\/wp\/v2\/posts\/72710"}],"collection":[{"href":"https:\/\/www.diarionoti7.com.mx\/index.php?rest_route=\/wp\/v2\/posts"}],"about":[{"href":"https:\/\/www.diarionoti7.com.mx\/index.php?rest_route=\/wp\/v2\/types\/post"}],"author":[{"embeddable":true,"href":"https:\/\/www.diarionoti7.com.mx\/index.php?rest_route=\/wp\/v2\/users\/1"}],"replies":[{"embeddable":true,"href":"https:\/\/www.diarionoti7.com.mx\/index.php?rest_route=%2Fwp%2Fv2%2Fcomments&post=72710"}],"version-history":[{"count":4,"href":"https:\/\/www.diarionoti7.com.mx\/index.php?rest_route=\/wp\/v2\/posts\/72710\/revisions"}],"predecessor-version":[{"id":72716,"href":"https:\/\/www.diarionoti7.com.mx\/index.php?rest_route=\/wp\/v2\/posts\/72710\/revisions\/72716"}],"wp:featuredmedia":[{"embeddable":true,"href":"https:\/\/www.diarionoti7.com.mx\/index.php?rest_route=\/wp\/v2\/media\/72713"}],"wp:attachment":[{"href":"https:\/\/www.diarionoti7.com.mx\/index.php?rest_route=%2Fwp%2Fv2%2Fmedia&parent=72710"}],"wp:term":[{"taxonomy":"category","embeddable":true,"href":"https:\/\/www.diarionoti7.com.mx\/index.php?rest_route=%2Fwp%2Fv2%2Fcategories&post=72710"},{"taxonomy":"post_tag","embeddable":true,"href":"https:\/\/www.diarionoti7.com.mx\/index.php?rest_route=%2Fwp%2Fv2%2Ftags&post=72710"}],"curies":[{"name":"wp","href":"https:\/\/api.w.org\/{rel}","templated":true}]}}