{"id":72704,"date":"2025-03-08T09:00:15","date_gmt":"2025-03-08T09:00:15","guid":{"rendered":"https:\/\/www.diarionoti7.com.mx\/?p=72704"},"modified":"2025-03-08T19:01:23","modified_gmt":"2025-03-08T19:01:23","slug":"la-presidenta-ha-convertido-a-la-igualdad-sustantiva-y-los-derechos-de-las-mujeres-en-ejes-centrales-de-todas-las-politicas-de-gobierno-segob","status":"publish","type":"post","link":"https:\/\/www.diarionoti7.com.mx\/?p=72704","title":{"rendered":"La Presidenta ha Convertido a la Igualdad Sustantiva y los Derechos de las Mujeres en Ejes Centrales de Todas Las Pol\u00edticas de Gobierno: SEGOB"},"content":{"rendered":"\t\t<div data-elementor-type=\"wp-post\" data-elementor-id=\"72704\" class=\"elementor elementor-72704\">\n\t\t\t\t\t\t\t\t\t<section class=\"elementor-section elementor-top-section elementor-element elementor-element-c09b8f0 elementor-section-boxed elementor-section-height-default elementor-section-height-default\" data-id=\"c09b8f0\" data-element_type=\"section\">\n\t\t\t\t\t\t<div class=\"elementor-container elementor-column-gap-default\">\n\t\t\t\t\t<div class=\"elementor-column elementor-col-100 elementor-top-column elementor-element elementor-element-955a561\" data-id=\"955a561\" data-element_type=\"column\">\n\t\t\t<div class=\"elementor-widget-wrap elementor-element-populated\">\n\t\t\t\t\t\t\t\t<div class=\"elementor-element elementor-element-0ce869c elementor-widget elementor-widget-text-editor\" data-id=\"0ce869c\" data-element_type=\"widget\" data-widget_type=\"text-editor.default\">\n\t\t\t\t<div class=\"elementor-widget-container\">\n\t\t\t<style>\/*! elementor - v3.10.2 - 29-01-2023 *\/\n.elementor-widget-text-editor.elementor-drop-cap-view-stacked .elementor-drop-cap{background-color:#818a91;color:#fff}.elementor-widget-text-editor.elementor-drop-cap-view-framed .elementor-drop-cap{color:#818a91;border:3px solid;background-color:transparent}.elementor-widget-text-editor:not(.elementor-drop-cap-view-default) .elementor-drop-cap{margin-top:8px}.elementor-widget-text-editor:not(.elementor-drop-cap-view-default) .elementor-drop-cap-letter{width:1em;height:1em}.elementor-widget-text-editor .elementor-drop-cap{float:left;text-align:center;line-height:1;font-size:50px}.elementor-widget-text-editor .elementor-drop-cap-letter{display:inline-block}<\/style>\t\t\t\t<p><strong>Ciudad de M\u00e9xico 7 de marzo 2025.-\u00a0<\/strong>En el marco del D\u00eda Internacional de la Mujer, Rosa Icela Rodr\u00edguez Secretar\u00eda de Gobernaci\u00f3n reafirma su compromiso de impulsar y fortalecer la pol\u00edtica nacional de igualdad sustantiva, trabajando desde la gobernanza para construir un pa\u00eds m\u00e1s justo y equitativo.<\/p><p>Celebro, hoy, que el Instituto Nacional Electoral organice esta Memoria de Participaci\u00f3n Pol\u00edtica de las mujeres en M\u00e9xico, desde que logramos ejercer nuestro voto hasta que alcanzamos la paridad en todo, la paridad en todo, tambi\u00e9n el Instituto Nacional Electoral.<\/p><p>Ha sido largo el camino. Hago un breve recuento de los logros.<\/p><p>Por primera vez en la historia de M\u00e9xico, una mujer es Presidenta, la Doctora Claudia Sheinbaum Pardo.<\/p><p>Por primera vez en la historia de M\u00e9xico tenemos una reforma constitucional para garantizar el principio de paridad de g\u00e9nero en todos los poderes del Estado mexicano.<\/p><p>Hoy, la paridad de g\u00e9nero es una realidad en 25 congresos locales.<\/p><p>Hoy, contamos con la reforma constitucional en materia de igualdad sustantiva, impulsada por la Presidenta Claudia Sheinbaum.<\/p><p>Las mujeres ya estamos en la Constituci\u00f3n.<\/p><p>La Presidenta instaur\u00f3 una beca para las mujeres de 60 a 64 a\u00f1os, con la que se reconoce el trabajo dom\u00e9stico y de cuidados que realizamos y que por d\u00e9cadas han estado a cargo de las mujeres.<\/p><p>Tambi\u00e9n cre\u00f3 la Secretar\u00eda de las Mujeres.<\/p><p>Y en un hecho hist\u00f3rico, la Presidenta ha convertido a la igualdad sustantiva y los derechos de las mujeres en ejes centrales de todas las pol\u00edticas de gobierno.<\/p><p>No es un discurso, es un mandato de acci\u00f3n, y as\u00ed quedar\u00e1 establecido en el Plan Nacional de Desarrollo 2025-2030.<\/p><p>Hoy, los derechos de las mujeres son una pol\u00edtica de Estado.<\/p><p>Por eso insistimos en que hoy las mujeres somos actoras de cambio; transformamos la vida p\u00fablica de manera radical y hemos demostrado que otra forma de servir es posible, sin m\u00e1scara, sin privilegios, con la certeza de que ser mujer en el servicio p\u00fablico no es una limitante, sino una fortaleza para reescribir las reglas de la democracia y encauzar los destinos de la patria.<\/p><p>Que el orgullo de ser mujer deje de ser un acto de rebeld\u00eda y se convierta en el cimiento de una sociedad m\u00e1s justa y democr\u00e1tica, con respeto a la dignidad de las mujeres.<\/p><p>Desterremos la discriminaci\u00f3n en sus distintas formas, el machismo y la misoginia de todos los \u00e1mbitos de la vida, para que las ni\u00f1as mexicanas crezcan en una patria donde se enorgullezcan de ser mujeres.<\/p><p>Y en el marco del 8 de marzo, D\u00eda Internacional de la Mujer, honramos la memoria de las mujeres sufragistas y su lucha por nuestros derechos pol\u00edticos.<\/p><p><strong>\u00a0<\/strong><\/p><p>Esta ma\u00f1ana, no s\u00f3lo conmemoramos una fecha hist\u00f3rica: El 8 de marzo, D\u00eda Internacional de la Mujer, sino que honramos a miles de mujeres mexicanas que, con su valent\u00eda y rebeld\u00eda, abrieron el camino para que hoy otras mujeres ejerzamos nuestros derechos.<\/p><p>Su lucha no fue en vano, sembraron la libertad que hoy cosechamos.<\/p><p>Hoy introduciremos a la Urna Conmemorativa, Memoria de la Participaci\u00f3n Pol\u00edtica de las Mujeres en M\u00e9xico, documentos que ejemplifican avances en favor de las mujeres, porque la transformaci\u00f3n tiene rostro de mujer y hacemos memoria de las mujeres que, en \u00e9pocas de silencio, cuando ni siquiera \u00e9ramos consideradas ciudadanas, alzaron la voz para escribir con sangre, sudor y dignidad el primer cap\u00edtulo de nuestra participaci\u00f3n pol\u00edtica.<\/p><p>Mujeres ind\u00edgenas, mujeres obreras, intelectuales y madres que desafiaron un orden pol\u00edtico que las relegaba, y nos ense\u00f1aron que la democracia no se concede, se conquista.<\/p><p>Por ellas, hoy ocupamos esca\u00f1os, firmamos leyes y gobernamos, no s\u00f3lo en estados y municipios, sino desde la Presidencia de la Rep\u00fablica.<\/p><p>Su sacrificio no fue en vano, convirtieron los sue\u00f1os de igualdad en cimientos para construir una patria, donde ninguna mujer vuelva a ser invisible.<\/p><p>Gracias a las sufragistas, hoy las mujeres mexicanas contamos con el reconocimiento de nuestra ciudadan\u00eda, que nos permite ejercer plenamente nuestros derechos pol\u00edticos.<\/p><p>Gracias, tambi\u00e9n, a miles de mujeres que han formado parte del movimiento feminista, el m\u00e1s revolucionario en la historia de M\u00e9xico.<\/p><p>Hoy podemos ejercer, no s\u00f3lo nuestro derecho al voto, sino el derecho a ser electas y a representar con orgullo a m\u00e1s del 50% de la poblaci\u00f3n mexicana.<\/p><p>Es tiempo de dignificar y honrar a todas las mujeres valientes, mujeres forjadoras de la patria, porque la grandeza de nuestro pa\u00eds no ser\u00eda posible sin la participaci\u00f3n de las mujeres mexicanas.<\/p><p>Ellas, todas, lucharon porque hoy tengamos derechos fundamentales: El derecho a la educaci\u00f3n, el derecho al trabajo, a un trabajo digno y bien remunerado, derecho a la salud integral y, sobre todo, derecho a vivir libres de violencia.<\/p><p>Gracias a mujeres como Sor Juana In\u00e9s de Asbaje Ram\u00edrez, Josefa Ortiz T\u00e9llez Gir\u00f3n, Leona Vicario, Carmen Serd\u00e1n, Hermila Galindo, Elvia Carrillo Puerto y muchas m\u00e1s, avanzamos en el camino hacia nuestra plena emancipaci\u00f3n pol\u00edtica.<\/p><p>Su legado nos inspira a seguir transformando la historia.<\/p><p>Todas las que han sido nombradas, las que se abrieron paso en los pueblos y en cada rinc\u00f3n del pa\u00eds; las que recorremos las calles bajo el sol, las que acompa\u00f1amos las luchas vecinales y tocamos puerta por puerta para escuchar, atender y defender las causas de las mujeres, porque cada una de nosotras somos parte de una lucha hist\u00f3rica.<\/p><p>En 2018, con el triunfo del presidente Andr\u00e9s Manuel L\u00f3pez Obrador, no s\u00f3lo lleg\u00f3 un nuevo gobierno, sino que inici\u00f3 la Cuarta Transformaci\u00f3n de la vida p\u00fablica de M\u00e9xico, un proyecto nacional que busca devolver al pueblo el lugar central de la construcci\u00f3n de un pa\u00eds m\u00e1s justo, honesto y soberano.<\/p><p>Este movimiento est\u00e1 arraigado en la voluntad popular, y es el inicio de una nueva era, donde la esperanza y la participaci\u00f3n colectiva son pilares para transformar la realidad de nuestra naci\u00f3n desde su ra\u00edz.<\/p><p>Hoy, en el segundo piso de la Cuarta Transformaci\u00f3n, M\u00e9xico est\u00e1 forjando un nuevo proyecto de naci\u00f3n; un pa\u00eds donde el Estado de Derecho no es un discurso, sino una realidad, basada en los derechos humanos, la perspectiva de g\u00e9nero y el respeto a la diversidad cultural.<\/p><p>Nuestro objetivo es atender las causas profundas de la violencia, erradicar la pobreza, reducir las desigualdades, y poner fin a la violencia de g\u00e9nero, que durante d\u00e9cadas ha afectado a nuestras familias.<\/p><p>Este proyecto se sostiene en tres ejes fundamentales: La defensa irrenunciable de los derechos humanos, la igualdad de g\u00e9nero y el respeto a la riqueza pluricultural, que nos define como naci\u00f3n.<\/p><p>Se\u00f1oras y se\u00f1ores, la participaci\u00f3n pol\u00edtica de las mujeres en M\u00e9xico ha sido una lucha constante, marcada por desaf\u00edos y obst\u00e1culos, pero tambi\u00e9n por importantes avances y conquistas.<\/p><p>Cada paso ha sido un triunfo en el camino hacia la igualdad.<\/p>\t\t\t\t\t\t<\/div>\n\t\t\t\t<\/div>\n\t\t\t\t\t<\/div>\n\t\t<\/div>\n\t\t\t\t\t\t\t<\/div>\n\t\t<\/section>\n\t\t\t\t\t\t\t<\/div>\n\t\t","protected":false},"excerpt":{"rendered":"<p>Ciudad de M\u00e9xico 7 de marzo 2025.-\u00a0En el marco del D\u00eda Internacional de la Mujer, Rosa Icela Rodr\u00edguez Secretar\u00eda de Gobernaci\u00f3n reafirma su compromiso de impulsar y fortalecer la pol\u00edtica nacional de igualdad sustantiva, trabajando desde la gobernanza para construir un pa\u00eds m\u00e1s justo y equitativo. Celebro, hoy, que el Instituto Nacional Electoral organice esta [&hellip;]<\/p>\n","protected":false},"author":1,"featured_media":72706,"comment_status":"closed","ping_status":"closed","sticky":false,"template":"","format":"standard","meta":[],"categories":[3],"tags":[],"_links":{"self":[{"href":"https:\/\/www.diarionoti7.com.mx\/index.php?rest_route=\/wp\/v2\/posts\/72704"}],"collection":[{"href":"https:\/\/www.diarionoti7.com.mx\/index.php?rest_route=\/wp\/v2\/posts"}],"about":[{"href":"https:\/\/www.diarionoti7.com.mx\/index.php?rest_route=\/wp\/v2\/types\/post"}],"author":[{"embeddable":true,"href":"https:\/\/www.diarionoti7.com.mx\/index.php?rest_route=\/wp\/v2\/users\/1"}],"replies":[{"embeddable":true,"href":"https:\/\/www.diarionoti7.com.mx\/index.php?rest_route=%2Fwp%2Fv2%2Fcomments&post=72704"}],"version-history":[{"count":4,"href":"https:\/\/www.diarionoti7.com.mx\/index.php?rest_route=\/wp\/v2\/posts\/72704\/revisions"}],"predecessor-version":[{"id":72709,"href":"https:\/\/www.diarionoti7.com.mx\/index.php?rest_route=\/wp\/v2\/posts\/72704\/revisions\/72709"}],"wp:featuredmedia":[{"embeddable":true,"href":"https:\/\/www.diarionoti7.com.mx\/index.php?rest_route=\/wp\/v2\/media\/72706"}],"wp:attachment":[{"href":"https:\/\/www.diarionoti7.com.mx\/index.php?rest_route=%2Fwp%2Fv2%2Fmedia&parent=72704"}],"wp:term":[{"taxonomy":"category","embeddable":true,"href":"https:\/\/www.diarionoti7.com.mx\/index.php?rest_route=%2Fwp%2Fv2%2Fcategories&post=72704"},{"taxonomy":"post_tag","embeddable":true,"href":"https:\/\/www.diarionoti7.com.mx\/index.php?rest_route=%2Fwp%2Fv2%2Ftags&post=72704"}],"curies":[{"name":"wp","href":"https:\/\/api.w.org\/{rel}","templated":true}]}}