{"id":72686,"date":"2025-03-08T08:57:00","date_gmt":"2025-03-08T08:57:00","guid":{"rendered":"https:\/\/www.diarionoti7.com.mx\/?p=72686"},"modified":"2025-03-08T18:58:12","modified_gmt":"2025-03-08T18:58:12","slug":"sebiso-reforzara-conocimiento-sobre-equidad-de-genero","status":"publish","type":"post","link":"https:\/\/www.diarionoti7.com.mx\/?p=72686","title":{"rendered":"SEBISO Reforzar\u00e1 Conocimiento Sobre Equidad de G\u00e9nero"},"content":{"rendered":"\t\t<div data-elementor-type=\"wp-post\" data-elementor-id=\"72686\" class=\"elementor elementor-72686\">\n\t\t\t\t\t\t\t\t\t<section class=\"elementor-section elementor-top-section elementor-element elementor-element-c09b8f0 elementor-section-boxed elementor-section-height-default elementor-section-height-default\" data-id=\"c09b8f0\" data-element_type=\"section\">\n\t\t\t\t\t\t<div class=\"elementor-container elementor-column-gap-default\">\n\t\t\t\t\t<div class=\"elementor-column elementor-col-100 elementor-top-column elementor-element elementor-element-955a561\" data-id=\"955a561\" data-element_type=\"column\">\n\t\t\t<div class=\"elementor-widget-wrap elementor-element-populated\">\n\t\t\t\t\t\t\t\t<div class=\"elementor-element elementor-element-0ce869c elementor-widget elementor-widget-text-editor\" data-id=\"0ce869c\" data-element_type=\"widget\" data-widget_type=\"text-editor.default\">\n\t\t\t\t<div class=\"elementor-widget-container\">\n\t\t\t<style>\/*! elementor - v3.10.2 - 29-01-2023 *\/\n.elementor-widget-text-editor.elementor-drop-cap-view-stacked .elementor-drop-cap{background-color:#818a91;color:#fff}.elementor-widget-text-editor.elementor-drop-cap-view-framed .elementor-drop-cap{color:#818a91;border:3px solid;background-color:transparent}.elementor-widget-text-editor:not(.elementor-drop-cap-view-default) .elementor-drop-cap{margin-top:8px}.elementor-widget-text-editor:not(.elementor-drop-cap-view-default) .elementor-drop-cap-letter{width:1em;height:1em}.elementor-widget-text-editor .elementor-drop-cap{float:left;text-align:center;line-height:1;font-size:50px}.elementor-widget-text-editor .elementor-drop-cap-letter{display:inline-block}<\/style>\t\t\t\t<p><strong>*Con conferencias, pl\u00e1ticas talleres y actividades deportivas <\/strong><\/p><p><strong>Pachuca, Hgo., 7 de marzo de 2025.- <\/strong>En el marco de la conmemoraci\u00f3n por el d\u00eda Internacional de Mujer, la Secretar\u00eda de Bienestar e Inclusi\u00f3n Social (SEBISO) llevar\u00e1 a cabo una serie de acciones durante el mes de marzo, con el objetivo de fortalecer los valores institucionales que fomenten la equidad y el respeto entre todas las personas.<\/p><p>El titular de la SEBISO, Ricardo G\u00f3mez Moreno coment\u00f3 que lo que se est\u00e1 buscando con esta coordinaci\u00f3n es fortalecer a la dependencia a su cargo con un mensaje de equidad de g\u00e9nero y respeto, dotando a las personas servidoras p\u00fablicas con las herramientas gu\u00eda, que les ayuden a mantener un comportamiento adecuado dentro y fuera de la instituci\u00f3n.<\/p><p>Record\u00f3 que estos conocimientos que se reforzar\u00e1n a trav\u00e9s de talleres, charlas y conferencias ser\u00e1n semillas que proliferar\u00e1n en los hogares de todas las regiones, pues el gobierno de Hidalgo est\u00e1 constituido por personas de todo el territorio estatal.<\/p><p>Por su parte, la titular de la Unidad Institucional para la Igualdad de G\u00e9nero entre Mujeres y Hombres, Irma Fernanda Z\u00fa\u00f1iga V\u00e1zquez, expres\u00f3 que las acciones comenzar\u00e1n este lunes 10 y culminen el 30 de marzo en un esfuerzo que llevar\u00e1 por nombre \u201cMujeres Red, tejiendo inclusi\u00f3n y bienestar\u201d.<\/p><p>Entre las actividades, destacan: el taller: \u201cSanando mi vida, sanando mis heridas\u201d; Pl\u00e1tica Trastornos Musculoesquel\u00e9ticos; Partido de Futbol mixto; Baile-terapia; Intercambio de libros y conferencia \u201cMujeres con Discapacidad\u201d; Introducci\u00f3n a las nuevas masculinidades; y cine-debate.<\/p><p>En su participaci\u00f3n, el subsecretario de Desarrollo Social y Humano, David Robles Hern\u00e1ndez, expres\u00f3 que se sigue atendiendo el cambio de la mentalidad persistente, por ello, se trabaja con este tipo de esquemas en el que se concientiza, se informa y se forma a las y los servidores p\u00fablicos por el camino de la equidad y el respeto.<\/p><p>Esta estrategia se present\u00f3 ante Consejo General de Planeaci\u00f3n para la Agenda de G\u00e9nero, mesa que presidi\u00f3 el titular de la SEBISO, Ricardo G\u00f3mez y donde participaron la subsecretaria de Participaci\u00f3n Social y Fomento Artesanal, Areli Maya Monzalvo, el subsecretario David Robles Hern\u00e1ndez, as\u00ed como representantes de las Direcciones Generales de esta dependencia.<\/p>\t\t\t\t\t\t<\/div>\n\t\t\t\t<\/div>\n\t\t\t\t\t<\/div>\n\t\t<\/div>\n\t\t\t\t\t\t\t<\/div>\n\t\t<\/section>\n\t\t\t\t\t\t\t<\/div>\n\t\t","protected":false},"excerpt":{"rendered":"<p>*Con conferencias, pl\u00e1ticas talleres y actividades deportivas Pachuca, Hgo., 7 de marzo de 2025.- En el marco de la conmemoraci\u00f3n por el d\u00eda Internacional de Mujer, la Secretar\u00eda de Bienestar e Inclusi\u00f3n Social (SEBISO) llevar\u00e1 a cabo una serie de acciones durante el mes de marzo, con el objetivo de fortalecer los valores institucionales que [&hellip;]<\/p>\n","protected":false},"author":1,"featured_media":72688,"comment_status":"closed","ping_status":"closed","sticky":false,"template":"","format":"standard","meta":[],"categories":[7],"tags":[],"_links":{"self":[{"href":"https:\/\/www.diarionoti7.com.mx\/index.php?rest_route=\/wp\/v2\/posts\/72686"}],"collection":[{"href":"https:\/\/www.diarionoti7.com.mx\/index.php?rest_route=\/wp\/v2\/posts"}],"about":[{"href":"https:\/\/www.diarionoti7.com.mx\/index.php?rest_route=\/wp\/v2\/types\/post"}],"author":[{"embeddable":true,"href":"https:\/\/www.diarionoti7.com.mx\/index.php?rest_route=\/wp\/v2\/users\/1"}],"replies":[{"embeddable":true,"href":"https:\/\/www.diarionoti7.com.mx\/index.php?rest_route=%2Fwp%2Fv2%2Fcomments&post=72686"}],"version-history":[{"count":4,"href":"https:\/\/www.diarionoti7.com.mx\/index.php?rest_route=\/wp\/v2\/posts\/72686\/revisions"}],"predecessor-version":[{"id":72691,"href":"https:\/\/www.diarionoti7.com.mx\/index.php?rest_route=\/wp\/v2\/posts\/72686\/revisions\/72691"}],"wp:featuredmedia":[{"embeddable":true,"href":"https:\/\/www.diarionoti7.com.mx\/index.php?rest_route=\/wp\/v2\/media\/72688"}],"wp:attachment":[{"href":"https:\/\/www.diarionoti7.com.mx\/index.php?rest_route=%2Fwp%2Fv2%2Fmedia&parent=72686"}],"wp:term":[{"taxonomy":"category","embeddable":true,"href":"https:\/\/www.diarionoti7.com.mx\/index.php?rest_route=%2Fwp%2Fv2%2Fcategories&post=72686"},{"taxonomy":"post_tag","embeddable":true,"href":"https:\/\/www.diarionoti7.com.mx\/index.php?rest_route=%2Fwp%2Fv2%2Ftags&post=72686"}],"curies":[{"name":"wp","href":"https:\/\/api.w.org\/{rel}","templated":true}]}}