{"id":72415,"date":"2025-03-05T08:48:40","date_gmt":"2025-03-05T08:48:40","guid":{"rendered":"https:\/\/www.diarionoti7.com.mx\/?p=72415"},"modified":"2025-03-05T18:54:19","modified_gmt":"2025-03-05T18:54:19","slug":"gobierno-estatal-atendera-la-escrituracion-de-predios-dara-atencion-a-obras-que-piden-habitantes-de-ixmiquilpan","status":"publish","type":"post","link":"https:\/\/www.diarionoti7.com.mx\/?p=72415","title":{"rendered":"Gobierno Estatal Atender\u00e1 La Escrituraci\u00f3n de Predios Dar\u00e1 Atenci\u00f3n a Obras Que Piden Habitantes de Ixmiquilpan"},"content":{"rendered":"\t\t<div data-elementor-type=\"wp-post\" data-elementor-id=\"72415\" class=\"elementor elementor-72415\">\n\t\t\t\t\t\t\t\t\t<section class=\"elementor-section elementor-top-section elementor-element elementor-element-c09b8f0 elementor-section-boxed elementor-section-height-default elementor-section-height-default\" data-id=\"c09b8f0\" data-element_type=\"section\">\n\t\t\t\t\t\t<div class=\"elementor-container elementor-column-gap-default\">\n\t\t\t\t\t<div class=\"elementor-column elementor-col-100 elementor-top-column elementor-element elementor-element-955a561\" data-id=\"955a561\" data-element_type=\"column\">\n\t\t\t<div class=\"elementor-widget-wrap elementor-element-populated\">\n\t\t\t\t\t\t\t\t<div class=\"elementor-element elementor-element-0ce869c elementor-widget elementor-widget-text-editor\" data-id=\"0ce869c\" data-element_type=\"widget\" data-widget_type=\"text-editor.default\">\n\t\t\t\t<div class=\"elementor-widget-container\">\n\t\t\t<style>\/*! elementor - v3.10.2 - 29-01-2023 *\/\n.elementor-widget-text-editor.elementor-drop-cap-view-stacked .elementor-drop-cap{background-color:#818a91;color:#fff}.elementor-widget-text-editor.elementor-drop-cap-view-framed .elementor-drop-cap{color:#818a91;border:3px solid;background-color:transparent}.elementor-widget-text-editor:not(.elementor-drop-cap-view-default) .elementor-drop-cap{margin-top:8px}.elementor-widget-text-editor:not(.elementor-drop-cap-view-default) .elementor-drop-cap-letter{width:1em;height:1em}.elementor-widget-text-editor .elementor-drop-cap{float:left;text-align:center;line-height:1;font-size:50px}.elementor-widget-text-editor .elementor-drop-cap-letter{display:inline-block}<\/style>\t\t\t\t<p><strong>Pachuca, Hgo., 4 de marzo 2025.- <\/strong>Luego de varias horas de protesta por parte de habitantes de siete comunidades del municipio de Ixmiquilpan, llegaron a un acuerdo con autoridades del gobierno estatal para atender el tema de la escrituraci\u00f3n de predios y atenci\u00f3n a obras que pide la poblaci\u00f3n.<\/p><p>\u00a0\u201cNo ven\u00edamos con intenci\u00f3n de perjudicar, aseguraron que la agrupaci\u00f3n cuenta con m\u00e1s de mil 200 personas que acudieron de manera pac\u00edfica a solicitar de nueva cuenta el apoyo al gobierno del estado para la escrituraci\u00f3n de algunos predios. Sin embargo, fueron recibidos por un grupo de polic\u00edas que les impidi\u00f3 seguir su camino, por lo que dejaron varados los 20 camiones en los que se transportaron para continuar su ruta a pie hacia Plaza Ju\u00e1rez.<\/p><p>Precisaron los inconformes, \u201cLlevamos a\u00f1o y medio pidiendo apoyos, para escrituraci\u00f3n, venimos sufriendo problemas agrarios desde 2014, el gobierno anterior ten\u00eda conocimiento, Fayad nos dio apoyo de escriturar con ese apoyo, pero este gobierno se hace de la vista gorda, que no existe el programa, que no hay apoyo\u201d, extern\u00f3.<\/p><p>Al concluir la mesa de negociaci\u00f3n, el abogado de los manifestantes, Mateo Yerbafr\u00eda Lara, fue informado que gobierno federal ser\u00e1 el encargado de llevar a cabo la escrituraci\u00f3n de los predios irregulares a trav\u00e9s de \u201cuna dependencia especial\u201d por lo que las personas que tienen proyectos de escrituraci\u00f3n, deben acudir al jur\u00eddico del gobierno del estado para saber c\u00f3mo darles salida.<\/p><p>Respecto a las personas que ya obtuvieron sentencia de parte del juez para inscribir su lote en el registro p\u00fablico de la propiedad, deber\u00e1n acercarse a los colegios de notarios para realizar el tr\u00e1mite; mientras que las personas que no han hecho tr\u00e1mite de escrituraci\u00f3n tendr\u00e1n que ser asesorados para redireccionarlos con las instancias correspondientes.<\/p><p>En relaci\u00f3n a las obras que se solicitaron, el secretario de gobierno, Guillermo Olivares Reyna, dio la instrucci\u00f3n de analizar los expedientes relacionados con el tema de agua, mientras que en el caso de otros obras, se sostendr\u00e1n reuniones para conocer cada expediente y valorar los prioritarios.<\/p><p><strong>Acuerdos Alcanzados<\/strong><\/p><p>Visita de autoridades al lugar: El pr\u00f3ximo viernes 7 de marzo del presente, representantes del Instituto Nacional del Suelo Sustentable (INSUS, el subsecretario de Protecci\u00f3n Civil de Gobierno del Estado en compa\u00f1\u00eda del presidente municipal, acudir\u00e1n a la zona para evaluar la viabilidad del proceso de regularizaci\u00f3n.<\/p><p>Seguimiento jur\u00eddico: a trav\u00e9s del abogado Mateo Yerbafr\u00eda Lara, la Coordinaci\u00f3n General Jur\u00eddica del Gobierno del Estado, recibir\u00e1 y analizar\u00e1 la informaci\u00f3n necesaria para dar continuidad al tr\u00e1mite de regularizaci\u00f3n de predios.<\/p><p>Pr\u00f3xima reuni\u00f3n de seguimiento: una vez que las dependencias estatales, federales y municipales concluyan sus trabajos a cargo, se llevar\u00e1 a cabo una nueva reuni\u00f3n con los delegados para programar los siguientes pasos y garantizar el cumplimiento de los acuerdos.<\/p><p>Las autoridades reiteraron su compromiso de mantener el di\u00e1logo abierto y dar seguimiento a las solicitudes de los habitantes del Valle del Mezquital, siempre en apego a la legalidad y con el objetivo de brindar certeza jur\u00eddica a las familias que habitan en la zona.<\/p><p>La reuni\u00f3n fue programada para el 4 de abril y ser\u00e1 con el presidente municipal, el secretario de infraestructura y autoridades que pudieran estar relacionadas con las necesidades de los pobladores de Ixmiquilpan.<\/p>\t\t\t\t\t\t<\/div>\n\t\t\t\t<\/div>\n\t\t\t\t\t<\/div>\n\t\t<\/div>\n\t\t\t\t\t\t\t<\/div>\n\t\t<\/section>\n\t\t\t\t\t\t\t<\/div>\n\t\t","protected":false},"excerpt":{"rendered":"<p>Pachuca, Hgo., 4 de marzo 2025.- Luego de varias horas de protesta por parte de habitantes de siete comunidades del municipio de Ixmiquilpan, llegaron a un acuerdo con autoridades del gobierno estatal para atender el tema de la escrituraci\u00f3n de predios y atenci\u00f3n a obras que pide la poblaci\u00f3n. \u00a0\u201cNo ven\u00edamos con intenci\u00f3n de perjudicar, [&hellip;]<\/p>\n","protected":false},"author":1,"featured_media":72417,"comment_status":"closed","ping_status":"closed","sticky":false,"template":"","format":"standard","meta":[],"categories":[7],"tags":[],"_links":{"self":[{"href":"https:\/\/www.diarionoti7.com.mx\/index.php?rest_route=\/wp\/v2\/posts\/72415"}],"collection":[{"href":"https:\/\/www.diarionoti7.com.mx\/index.php?rest_route=\/wp\/v2\/posts"}],"about":[{"href":"https:\/\/www.diarionoti7.com.mx\/index.php?rest_route=\/wp\/v2\/types\/post"}],"author":[{"embeddable":true,"href":"https:\/\/www.diarionoti7.com.mx\/index.php?rest_route=\/wp\/v2\/users\/1"}],"replies":[{"embeddable":true,"href":"https:\/\/www.diarionoti7.com.mx\/index.php?rest_route=%2Fwp%2Fv2%2Fcomments&post=72415"}],"version-history":[{"count":4,"href":"https:\/\/www.diarionoti7.com.mx\/index.php?rest_route=\/wp\/v2\/posts\/72415\/revisions"}],"predecessor-version":[{"id":72420,"href":"https:\/\/www.diarionoti7.com.mx\/index.php?rest_route=\/wp\/v2\/posts\/72415\/revisions\/72420"}],"wp:featuredmedia":[{"embeddable":true,"href":"https:\/\/www.diarionoti7.com.mx\/index.php?rest_route=\/wp\/v2\/media\/72417"}],"wp:attachment":[{"href":"https:\/\/www.diarionoti7.com.mx\/index.php?rest_route=%2Fwp%2Fv2%2Fmedia&parent=72415"}],"wp:term":[{"taxonomy":"category","embeddable":true,"href":"https:\/\/www.diarionoti7.com.mx\/index.php?rest_route=%2Fwp%2Fv2%2Fcategories&post=72415"},{"taxonomy":"post_tag","embeddable":true,"href":"https:\/\/www.diarionoti7.com.mx\/index.php?rest_route=%2Fwp%2Fv2%2Ftags&post=72415"}],"curies":[{"name":"wp","href":"https:\/\/api.w.org\/{rel}","templated":true}]}}