{"id":72394,"date":"2025-03-05T08:43:54","date_gmt":"2025-03-05T08:43:54","guid":{"rendered":"https:\/\/www.diarionoti7.com.mx\/?p=72394"},"modified":"2025-03-05T18:45:09","modified_gmt":"2025-03-05T18:45:09","slug":"dif-hidalgo-y-seph-entregan-lentes-graduados-a-30-beneficiarias-y-beneficiarios-de-centros-de-asistencia-social","status":"publish","type":"post","link":"https:\/\/www.diarionoti7.com.mx\/?p=72394","title":{"rendered":"DIF Hidalgo y SEPH Entregan Lentes Graduados a 30 Beneficiarias y Beneficiarios de Centros de Asistencia Social"},"content":{"rendered":"\t\t<div data-elementor-type=\"wp-post\" data-elementor-id=\"72394\" class=\"elementor elementor-72394\">\n\t\t\t\t\t\t\t\t\t<section class=\"elementor-section elementor-top-section elementor-element elementor-element-c09b8f0 elementor-section-boxed elementor-section-height-default elementor-section-height-default\" data-id=\"c09b8f0\" data-element_type=\"section\">\n\t\t\t\t\t\t<div class=\"elementor-container elementor-column-gap-default\">\n\t\t\t\t\t<div class=\"elementor-column elementor-col-100 elementor-top-column elementor-element elementor-element-955a561\" data-id=\"955a561\" data-element_type=\"column\">\n\t\t\t<div class=\"elementor-widget-wrap elementor-element-populated\">\n\t\t\t\t\t\t\t\t<div class=\"elementor-element elementor-element-0ce869c elementor-widget elementor-widget-text-editor\" data-id=\"0ce869c\" data-element_type=\"widget\" data-widget_type=\"text-editor.default\">\n\t\t\t\t<div class=\"elementor-widget-container\">\n\t\t\t<style>\/*! elementor - v3.10.2 - 29-01-2023 *\/\n.elementor-widget-text-editor.elementor-drop-cap-view-stacked .elementor-drop-cap{background-color:#818a91;color:#fff}.elementor-widget-text-editor.elementor-drop-cap-view-framed .elementor-drop-cap{color:#818a91;border:3px solid;background-color:transparent}.elementor-widget-text-editor:not(.elementor-drop-cap-view-default) .elementor-drop-cap{margin-top:8px}.elementor-widget-text-editor:not(.elementor-drop-cap-view-default) .elementor-drop-cap-letter{width:1em;height:1em}.elementor-widget-text-editor .elementor-drop-cap{float:left;text-align:center;line-height:1;font-size:50px}.elementor-widget-text-editor .elementor-drop-cap-letter{display:inline-block}<\/style>\t\t\t\t<p><strong>Pachuca, Hgo., 4 de marzo de 2025.- <\/strong>Edda Vite, presidenta del Patronato del Sistema DIF Hidalgo, presidi\u00f3 la entrega de lentes graduados del Programa \u201cVer Bien para Aprender Mejor\u201d a 30 beneficiarias y beneficiarios de los Centros de Asistencia Social (CAS), Casa Cuna, Casa de la Ni\u00f1a, Casa del Ni\u00f1o y Casa de la Adolescente y de Transici\u00f3n.<\/p><p>Durante la entrega, llevada a cabo en el Centro de Expresi\u00f3n Juvenil de Hidalgo (CEJuH), Edda Vite agradeci\u00f3 al equipo de la Secretar\u00eda de Educaci\u00f3n P\u00fablica de Hidalgo (SEPH), representado por Virginia Hurtado, titular de la Unidad de Promoci\u00f3n Voluntaria, por la entrega de los lentes que, afirm\u00f3, abrir\u00e1n un mundo de posibilidades para las y los peque\u00f1os al impulsar su aprovechamiento escolar.<\/p><p>\u201cQuiero que sepan que no solo nos interesa que tengan espacios dignos, sino que tambi\u00e9n su salud visual, auditiva, bucal y emocional son fundamentales para nosotros\u201d, expres\u00f3 Edda Vite.<\/p><p>De igual forma, destac\u00f3 el gran esfuerzo realizado a trav\u00e9s del programa para procurar la salud visual de m\u00e1s de 20 mil ni\u00f1as y ni\u00f1os en todo el estado, un logro significativo en el cuidado integral de los menores que se encuentran cursando su educaci\u00f3n b\u00e1sica.<\/p><p>Por otra parte, pidi\u00f3 a las y los beneficiarios de los CAS utilizar estos lentes como herramientas que mejorar\u00e1n su calidad de vida y su desempe\u00f1o en todo tipo de actividades.<\/p><p>As\u00ed mismo, inst\u00f3 a las y los gu\u00edas de los centros, as\u00ed como a sus responsables, a continuar manteni\u00e9ndose atentos a la detecci\u00f3n de la debilidad visual en la ni\u00f1ez y adolescencia, ya que ahora cuentan con el respaldo del programa para dar pronta respuesta a estas necesidades.<\/p><p>Finalmente, Edda Vite asegur\u00f3 que la Familia DIFH seguir\u00e1 trabajando en conjunto con la SEPH con el objetivo de procurar todas las esferas de bienestar involucradas en el desarrollo de las infancias.<\/p><p><strong>\u00a0<\/strong><\/p>\t\t\t\t\t\t<\/div>\n\t\t\t\t<\/div>\n\t\t\t\t\t<\/div>\n\t\t<\/div>\n\t\t\t\t\t\t\t<\/div>\n\t\t<\/section>\n\t\t\t\t<section class=\"elementor-section elementor-top-section elementor-element elementor-element-1c35255 elementor-section-boxed elementor-section-height-default elementor-section-height-default\" data-id=\"1c35255\" data-element_type=\"section\">\n\t\t\t\t\t\t<div class=\"elementor-container elementor-column-gap-default\">\n\t\t\t\t\t<div class=\"elementor-column elementor-col-100 elementor-top-column elementor-element elementor-element-4a768ae\" data-id=\"4a768ae\" data-element_type=\"column\">\n\t\t\t<div class=\"elementor-widget-wrap elementor-element-populated\">\n\t\t\t\t\t\t\t\t<div class=\"elementor-element elementor-element-250c64a elementor-aspect-ratio-169 elementor-widget elementor-widget-video\" data-id=\"250c64a\" data-element_type=\"widget\" data-settings=\"{&quot;youtube_url&quot;:&quot;https:\\\/\\\/youtu.be\\\/fgRppWqrVw0&quot;,&quot;video_type&quot;:&quot;youtube&quot;,&quot;controls&quot;:&quot;yes&quot;,&quot;aspect_ratio&quot;:&quot;169&quot;}\" data-widget_type=\"video.default\">\n\t\t\t\t<div class=\"elementor-widget-container\">\n\t\t\t<style>\/*! elementor - v3.10.2 - 29-01-2023 *\/\n.elementor-widget-video .elementor-widget-container{overflow:hidden;transform:translateZ(0)}.elementor-widget-video .elementor-open-inline .elementor-custom-embed-image-overlay{position:absolute;top:0;left:0;width:100%;height:100%;background-size:cover;background-position:50%}.elementor-widget-video .elementor-custom-embed-image-overlay{cursor:pointer;text-align:center}.elementor-widget-video .elementor-custom-embed-image-overlay:hover .elementor-custom-embed-play i{opacity:1}.elementor-widget-video .elementor-custom-embed-image-overlay img{display:block;width:100%}.elementor-widget-video .e-hosted-video .elementor-video{-o-object-fit:cover;object-fit:cover}.e-con-inner>.elementor-widget-video,.e-con>.elementor-widget-video{width:var(--container-widget-width);--flex-grow:var(--container-widget-flex-grow)}<\/style>\t\t<div class=\"elementor-wrapper elementor-fit-aspect-ratio elementor-open-inline\">\n\t\t\t<div class=\"elementor-video\"><\/div>\t\t<\/div>\n\t\t\t\t<\/div>\n\t\t\t\t<\/div>\n\t\t\t\t\t<\/div>\n\t\t<\/div>\n\t\t\t\t\t\t\t<\/div>\n\t\t<\/section>\n\t\t\t\t\t\t\t<\/div>\n\t\t","protected":false},"excerpt":{"rendered":"<p>Pachuca, Hgo., 4 de marzo de 2025.- Edda Vite, presidenta del Patronato del Sistema DIF Hidalgo, presidi\u00f3 la entrega de lentes graduados del Programa \u201cVer Bien para Aprender Mejor\u201d a 30 beneficiarias y beneficiarios de los Centros de Asistencia Social (CAS), Casa Cuna, Casa de la Ni\u00f1a, Casa del Ni\u00f1o y Casa de la Adolescente [&hellip;]<\/p>\n","protected":false},"author":1,"featured_media":72396,"comment_status":"closed","ping_status":"closed","sticky":false,"template":"","format":"standard","meta":[],"categories":[7],"tags":[],"_links":{"self":[{"href":"https:\/\/www.diarionoti7.com.mx\/index.php?rest_route=\/wp\/v2\/posts\/72394"}],"collection":[{"href":"https:\/\/www.diarionoti7.com.mx\/index.php?rest_route=\/wp\/v2\/posts"}],"about":[{"href":"https:\/\/www.diarionoti7.com.mx\/index.php?rest_route=\/wp\/v2\/types\/post"}],"author":[{"embeddable":true,"href":"https:\/\/www.diarionoti7.com.mx\/index.php?rest_route=\/wp\/v2\/users\/1"}],"replies":[{"embeddable":true,"href":"https:\/\/www.diarionoti7.com.mx\/index.php?rest_route=%2Fwp%2Fv2%2Fcomments&post=72394"}],"version-history":[{"count":7,"href":"https:\/\/www.diarionoti7.com.mx\/index.php?rest_route=\/wp\/v2\/posts\/72394\/revisions"}],"predecessor-version":[{"id":72402,"href":"https:\/\/www.diarionoti7.com.mx\/index.php?rest_route=\/wp\/v2\/posts\/72394\/revisions\/72402"}],"wp:featuredmedia":[{"embeddable":true,"href":"https:\/\/www.diarionoti7.com.mx\/index.php?rest_route=\/wp\/v2\/media\/72396"}],"wp:attachment":[{"href":"https:\/\/www.diarionoti7.com.mx\/index.php?rest_route=%2Fwp%2Fv2%2Fmedia&parent=72394"}],"wp:term":[{"taxonomy":"category","embeddable":true,"href":"https:\/\/www.diarionoti7.com.mx\/index.php?rest_route=%2Fwp%2Fv2%2Fcategories&post=72394"},{"taxonomy":"post_tag","embeddable":true,"href":"https:\/\/www.diarionoti7.com.mx\/index.php?rest_route=%2Fwp%2Fv2%2Ftags&post=72394"}],"curies":[{"name":"wp","href":"https:\/\/api.w.org\/{rel}","templated":true}]}}