{"id":70021,"date":"2025-02-06T09:28:08","date_gmt":"2025-02-06T09:28:08","guid":{"rendered":"https:\/\/www.diarionoti7.com.mx\/?p=70021"},"modified":"2025-02-06T18:29:22","modified_gmt":"2025-02-06T18:29:22","slug":"conmemoran-la-promulgacion-de-la-constitucion-con-llamado-a-la-unidad-nacional","status":"publish","type":"post","link":"https:\/\/www.diarionoti7.com.mx\/?p=70021","title":{"rendered":"Conmemoran la Promulgaci\u00f3n de la Constituci\u00f3n Con Llamado a la Unidad Nacional"},"content":{"rendered":"\t\t<div data-elementor-type=\"wp-post\" data-elementor-id=\"70021\" class=\"elementor elementor-70021\">\n\t\t\t\t\t\t\t\t\t<section class=\"elementor-section elementor-top-section elementor-element elementor-element-c09b8f0 elementor-section-boxed elementor-section-height-default elementor-section-height-default\" data-id=\"c09b8f0\" data-element_type=\"section\">\n\t\t\t\t\t\t<div class=\"elementor-container elementor-column-gap-default\">\n\t\t\t\t\t<div class=\"elementor-column elementor-col-100 elementor-top-column elementor-element elementor-element-955a561\" data-id=\"955a561\" data-element_type=\"column\">\n\t\t\t<div class=\"elementor-widget-wrap elementor-element-populated\">\n\t\t\t\t\t\t\t\t<div class=\"elementor-element elementor-element-0ce869c elementor-widget elementor-widget-text-editor\" data-id=\"0ce869c\" data-element_type=\"widget\" data-widget_type=\"text-editor.default\">\n\t\t\t\t<div class=\"elementor-widget-container\">\n\t\t\t<style>\/*! elementor - v3.10.2 - 29-01-2023 *\/\n.elementor-widget-text-editor.elementor-drop-cap-view-stacked .elementor-drop-cap{background-color:#818a91;color:#fff}.elementor-widget-text-editor.elementor-drop-cap-view-framed .elementor-drop-cap{color:#818a91;border:3px solid;background-color:transparent}.elementor-widget-text-editor:not(.elementor-drop-cap-view-default) .elementor-drop-cap{margin-top:8px}.elementor-widget-text-editor:not(.elementor-drop-cap-view-default) .elementor-drop-cap-letter{width:1em;height:1em}.elementor-widget-text-editor .elementor-drop-cap{float:left;text-align:center;line-height:1;font-size:50px}.elementor-widget-text-editor .elementor-drop-cap-letter{display:inline-block}<\/style>\t\t\t\t<p><strong>*Julio Menchaca destac\u00f3 el apoyo del pueblo hidalguense para el gobierno que encabeza Claudia Sheinbaum<\/strong><\/p><p><strong>Quer\u00e9taro, Quer\u00e9taro, 5 de febrero de 2025.-<\/strong>En el marco de la ceremonia conmemorativa del 108\u00b0 Aniversario de la Promulgaci\u00f3n de la Constituci\u00f3n Pol\u00edtica de los Estados Unidos Mexicanos, el gobernador de Hidalgo, Julio Menchaca Salazar, respald\u00f3 a la presidenta de M\u00e9xico, Claudia Sheinbaum Pardo.<\/p><p>Desde la ciudad de Santiago de Quer\u00e9taro, Quer\u00e9taro, la jefa del Ejecutivo federal destac\u00f3 que la Constituci\u00f3n de 1917 fue pionera en reconocer los derechos individuales y sociales, subrayando que la lucha hist\u00f3rica de M\u00e9xico no s\u00f3lo ha sido por la soberan\u00eda, sino tambi\u00e9n por la justicia social.<\/p><p>Adem\u00e1s, enfatiz\u00f3 que la Constituci\u00f3n es el escudo que protege a la naci\u00f3n, reafirmando que M\u00e9xico no permitir\u00e1 que se viole su soberan\u00eda ni se pisotee la dignidad de su pueblo.<\/p><p>Sheinbaum Pardo tambi\u00e9n anunci\u00f3 que envi\u00f3 dos iniciativas al Congreso de la Uni\u00f3n: una para prohibir la reelecci\u00f3n en cualquier puesto de elecci\u00f3n popular, y otra para impedir que los familiares sucedan de manera inmediata a un cargo p\u00fablico, con el objetivo de fortalecer la transparencia y la equidad en el ejercicio del poder.<\/p><p>Una vez concluido el acto protocolario, Menchaca Salazar reafirm\u00f3 el apoyo del pueblo de Hidalgo hacia las recientes decisiones que tom\u00f3 la presidenta de M\u00e9xico, destacando que la unidad es esencial para alcanzar un mejor estado y un mejor pa\u00eds.<\/p><p>\u201cNuestra Carta Magna es el fundamento del Estado, de las instituciones y de las normas que aseguran una convivencia social pac\u00edfica. En este momento, es nuestro deber respaldar el documento que define la soberan\u00eda nacional, por la cual hemos luchado como pueblo\u201d, subray\u00f3 el mandatario estatal.<\/p><p>En esta conmemoraci\u00f3n tambi\u00e9n estuvieron presentes integrantes del Gobierno de M\u00e9xico, las y los gobernadores, as\u00ed como representantes de los Poderes Legislativo y Judicial. \u00a0\u00a0\u00a0<\/p>\t\t\t\t\t\t<\/div>\n\t\t\t\t<\/div>\n\t\t\t\t\t<\/div>\n\t\t<\/div>\n\t\t\t\t\t\t\t<\/div>\n\t\t<\/section>\n\t\t\t\t\t\t\t<\/div>\n\t\t","protected":false},"excerpt":{"rendered":"<p>*Julio Menchaca destac\u00f3 el apoyo del pueblo hidalguense para el gobierno que encabeza Claudia Sheinbaum Quer\u00e9taro, Quer\u00e9taro, 5 de febrero de 2025.-En el marco de la ceremonia conmemorativa del 108\u00b0 Aniversario de la Promulgaci\u00f3n de la Constituci\u00f3n Pol\u00edtica de los Estados Unidos Mexicanos, el gobernador de Hidalgo, Julio Menchaca Salazar, respald\u00f3 a la presidenta de [&hellip;]<\/p>\n","protected":false},"author":1,"featured_media":70023,"comment_status":"closed","ping_status":"closed","sticky":false,"template":"","format":"standard","meta":[],"categories":[7],"tags":[],"_links":{"self":[{"href":"https:\/\/www.diarionoti7.com.mx\/index.php?rest_route=\/wp\/v2\/posts\/70021"}],"collection":[{"href":"https:\/\/www.diarionoti7.com.mx\/index.php?rest_route=\/wp\/v2\/posts"}],"about":[{"href":"https:\/\/www.diarionoti7.com.mx\/index.php?rest_route=\/wp\/v2\/types\/post"}],"author":[{"embeddable":true,"href":"https:\/\/www.diarionoti7.com.mx\/index.php?rest_route=\/wp\/v2\/users\/1"}],"replies":[{"embeddable":true,"href":"https:\/\/www.diarionoti7.com.mx\/index.php?rest_route=%2Fwp%2Fv2%2Fcomments&post=70021"}],"version-history":[{"count":4,"href":"https:\/\/www.diarionoti7.com.mx\/index.php?rest_route=\/wp\/v2\/posts\/70021\/revisions"}],"predecessor-version":[{"id":70026,"href":"https:\/\/www.diarionoti7.com.mx\/index.php?rest_route=\/wp\/v2\/posts\/70021\/revisions\/70026"}],"wp:featuredmedia":[{"embeddable":true,"href":"https:\/\/www.diarionoti7.com.mx\/index.php?rest_route=\/wp\/v2\/media\/70023"}],"wp:attachment":[{"href":"https:\/\/www.diarionoti7.com.mx\/index.php?rest_route=%2Fwp%2Fv2%2Fmedia&parent=70021"}],"wp:term":[{"taxonomy":"category","embeddable":true,"href":"https:\/\/www.diarionoti7.com.mx\/index.php?rest_route=%2Fwp%2Fv2%2Fcategories&post=70021"},{"taxonomy":"post_tag","embeddable":true,"href":"https:\/\/www.diarionoti7.com.mx\/index.php?rest_route=%2Fwp%2Fv2%2Ftags&post=70021"}],"curies":[{"name":"wp","href":"https:\/\/api.w.org\/{rel}","templated":true}]}}