{"id":70015,"date":"2025-02-06T09:26:01","date_gmt":"2025-02-06T09:26:01","guid":{"rendered":"https:\/\/www.diarionoti7.com.mx\/?p=70015"},"modified":"2025-02-06T18:28:00","modified_gmt":"2025-02-06T18:28:00","slug":"congreso-garantiza-el-derecho-de-acceso-a-la-informacion-y-de-la-proteccion-de-datos-personales","status":"publish","type":"post","link":"https:\/\/www.diarionoti7.com.mx\/?p=70015","title":{"rendered":"Congreso Garantiza el Derecho de Acceso a la Informaci\u00f3n y de la Protecci\u00f3n de Datos Personales"},"content":{"rendered":"\t\t<div data-elementor-type=\"wp-post\" data-elementor-id=\"70015\" class=\"elementor elementor-70015\">\n\t\t\t\t\t\t\t\t\t<section class=\"elementor-section elementor-top-section elementor-element elementor-element-c09b8f0 elementor-section-boxed elementor-section-height-default elementor-section-height-default\" data-id=\"c09b8f0\" data-element_type=\"section\">\n\t\t\t\t\t\t<div class=\"elementor-container elementor-column-gap-default\">\n\t\t\t\t\t<div class=\"elementor-column elementor-col-100 elementor-top-column elementor-element elementor-element-955a561\" data-id=\"955a561\" data-element_type=\"column\">\n\t\t\t<div class=\"elementor-widget-wrap elementor-element-populated\">\n\t\t\t\t\t\t\t\t<div class=\"elementor-element elementor-element-0ce869c elementor-widget elementor-widget-text-editor\" data-id=\"0ce869c\" data-element_type=\"widget\" data-widget_type=\"text-editor.default\">\n\t\t\t\t<div class=\"elementor-widget-container\">\n\t\t\t<style>\/*! elementor - v3.10.2 - 29-01-2023 *\/\n.elementor-widget-text-editor.elementor-drop-cap-view-stacked .elementor-drop-cap{background-color:#818a91;color:#fff}.elementor-widget-text-editor.elementor-drop-cap-view-framed .elementor-drop-cap{color:#818a91;border:3px solid;background-color:transparent}.elementor-widget-text-editor:not(.elementor-drop-cap-view-default) .elementor-drop-cap{margin-top:8px}.elementor-widget-text-editor:not(.elementor-drop-cap-view-default) .elementor-drop-cap-letter{width:1em;height:1em}.elementor-widget-text-editor .elementor-drop-cap{float:left;text-align:center;line-height:1;font-size:50px}.elementor-widget-text-editor .elementor-drop-cap-letter{display:inline-block}<\/style>\t\t\t\t<p><strong>Pachuca, Hgo; 5 de febrero de 2025.- <\/strong>El diputado de Morena, Andr\u00e9s Vel\u00e1zquez V\u00e1zquez present\u00f3 la iniciativa con proyecto de decreto por el que se reforman, adicionan y derogan disposiciones de la Constituci\u00f3n Pol\u00edtica del Estado de Hidalgo, en materia de simplificaci\u00f3n org\u00e1nica para garantizar el derecho de acceso a la informaci\u00f3n y de protecci\u00f3n de datos personales.<\/p><p>El objetivo de este proyecto es dar cumplimiento al decreto por el que se reforman, adicionan y derogan diversas disposiciones de la Constituci\u00f3n Pol\u00edtica de los Estados Unidos Mexicanos, en materia de simplificaci\u00f3n org\u00e1nica, publicado en el Diario Oficial de la Federaci\u00f3n el 20 de diciembre de 2024, para lo cual se propone extinguir el \u00f3rgano garante aut\u00f3nomo (Instituto de Transparencia, Acceso a la Informaci\u00f3n P\u00fablica Gubernamental y Protecci\u00f3n de Datos Personales del Estado de Hidalgo), sin que ello implique dejar de garantizar la transparencia, el derecho de acceso a la informaci\u00f3n, protecci\u00f3n de datos personales y la rendici\u00f3n de cuentas.<\/p><p>El presidente de la Junta de Gobierno indic\u00f3 que la iniciativa, adem\u00e1s de cumplir con el mandato de la constituci\u00f3n federal, busca reducir la carga presupuestal que genera el mantener al Instituto de Transparencia, Acceso a la Informaci\u00f3n P\u00fablica Gubernamental y Protecci\u00f3n de Datos Personales, \u201csin este organismo tambi\u00e9n se puede garantizar la transparencia, asegurando que toda informaci\u00f3n llegue a todas y todos\u201d.<\/p><p>Asegur\u00f3 que esta reforma constitucional abre la oportunidad para fortalecer la transparencia y acceso a la informaci\u00f3n, \u201ctendremos una instituci\u00f3n fuerte con la encomienda de hacer p\u00fablico lo p\u00fablico\u201d.<\/p><p>El diputado presidente indic\u00f3 que esta medida responde a la necesidad de fortalecer el combate a la corrupci\u00f3n, alineando los principios de austeridad y eficiencia con exigencia de un gobierno cercano a la ciudadan\u00eda. \u201cNo se trata de quitarle al pueblo sus derechos, sino garantizar que los recursos se usen con responsabilidad y sin derroche\u201d.<\/p><p>En consecuencia, esta reforma plantea lo siguiente: se faculta a la Secretar\u00eda de la Contralor\u00eda del Poder Ejecutivo para ser la responsable de garantizar el derecho de acceso a la informaci\u00f3n p\u00fablica y de protecci\u00f3n de datos personales. Los recursos materiales, as\u00ed como los registros, padrones, plataformas y sistemas electr\u00f3nicos del Instituto de Transparencia, Acceso a la Informaci\u00f3n P\u00fablica, Gubernamental y Protecci\u00f3n de Datos Personales del Estado de Hidalgo, pasar\u00e1n a formar parte de la Secretar\u00eda de la Contralor\u00eda del Poder Ejecutivo.<\/p><p>Los recursos humanos con que cuenta el instituto ser\u00e1n parte de la Secretar\u00eda de la Contralor\u00eda del Poder Ejecutivo y los derechos laborales de las personas servidoras p\u00fablicas ser\u00e1n respetados en su totalidad de manera categ\u00f3rica.<\/p><p>\u201cNo estamos debilitando la transparencia ni la rendici\u00f3n de cuentas, sino fortaleciendo la optimizaci\u00f3n de recursos y la eliminaci\u00f3n de estructuras burocr\u00e1ticas ineficientes\u201d, finaliz\u00f3.<\/p>\t\t\t\t\t\t<\/div>\n\t\t\t\t<\/div>\n\t\t\t\t\t<\/div>\n\t\t<\/div>\n\t\t\t\t\t\t\t<\/div>\n\t\t<\/section>\n\t\t\t\t<section class=\"elementor-section elementor-top-section elementor-element elementor-element-7c2194e elementor-section-boxed elementor-section-height-default elementor-section-height-default\" data-id=\"7c2194e\" data-element_type=\"section\">\n\t\t\t\t\t\t<div class=\"elementor-container elementor-column-gap-default\">\n\t\t\t\t\t<div class=\"elementor-column elementor-col-100 elementor-top-column elementor-element elementor-element-94f3178\" data-id=\"94f3178\" data-element_type=\"column\">\n\t\t\t<div class=\"elementor-widget-wrap elementor-element-populated\">\n\t\t\t\t\t\t\t\t<div class=\"elementor-element elementor-element-341917c elementor-aspect-ratio-169 elementor-widget elementor-widget-video\" data-id=\"341917c\" data-element_type=\"widget\" data-settings=\"{&quot;youtube_url&quot;:&quot;https:\\\/\\\/youtu.be\\\/bvFakoHj-8E&quot;,&quot;video_type&quot;:&quot;youtube&quot;,&quot;controls&quot;:&quot;yes&quot;,&quot;aspect_ratio&quot;:&quot;169&quot;}\" data-widget_type=\"video.default\">\n\t\t\t\t<div class=\"elementor-widget-container\">\n\t\t\t<style>\/*! elementor - v3.10.2 - 29-01-2023 *\/\n.elementor-widget-video .elementor-widget-container{overflow:hidden;transform:translateZ(0)}.elementor-widget-video .elementor-open-inline .elementor-custom-embed-image-overlay{position:absolute;top:0;left:0;width:100%;height:100%;background-size:cover;background-position:50%}.elementor-widget-video .elementor-custom-embed-image-overlay{cursor:pointer;text-align:center}.elementor-widget-video .elementor-custom-embed-image-overlay:hover .elementor-custom-embed-play i{opacity:1}.elementor-widget-video .elementor-custom-embed-image-overlay img{display:block;width:100%}.elementor-widget-video .e-hosted-video .elementor-video{-o-object-fit:cover;object-fit:cover}.e-con-inner>.elementor-widget-video,.e-con>.elementor-widget-video{width:var(--container-widget-width);--flex-grow:var(--container-widget-flex-grow)}<\/style>\t\t<div class=\"elementor-wrapper elementor-fit-aspect-ratio elementor-open-inline\">\n\t\t\t<div class=\"elementor-video\"><\/div>\t\t<\/div>\n\t\t\t\t<\/div>\n\t\t\t\t<\/div>\n\t\t\t\t\t<\/div>\n\t\t<\/div>\n\t\t\t\t\t\t\t<\/div>\n\t\t<\/section>\n\t\t\t\t\t\t\t<\/div>\n\t\t","protected":false},"excerpt":{"rendered":"<p>Pachuca, Hgo; 5 de febrero de 2025.- El diputado de Morena, Andr\u00e9s Vel\u00e1zquez V\u00e1zquez present\u00f3 la iniciativa con proyecto de decreto por el que se reforman, adicionan y derogan disposiciones de la Constituci\u00f3n Pol\u00edtica del Estado de Hidalgo, en materia de simplificaci\u00f3n org\u00e1nica para garantizar el derecho de acceso a la informaci\u00f3n y de protecci\u00f3n [&hellip;]<\/p>\n","protected":false},"author":1,"featured_media":70017,"comment_status":"closed","ping_status":"closed","sticky":false,"template":"","format":"standard","meta":[],"categories":[3],"tags":[],"_links":{"self":[{"href":"https:\/\/www.diarionoti7.com.mx\/index.php?rest_route=\/wp\/v2\/posts\/70015"}],"collection":[{"href":"https:\/\/www.diarionoti7.com.mx\/index.php?rest_route=\/wp\/v2\/posts"}],"about":[{"href":"https:\/\/www.diarionoti7.com.mx\/index.php?rest_route=\/wp\/v2\/types\/post"}],"author":[{"embeddable":true,"href":"https:\/\/www.diarionoti7.com.mx\/index.php?rest_route=\/wp\/v2\/users\/1"}],"replies":[{"embeddable":true,"href":"https:\/\/www.diarionoti7.com.mx\/index.php?rest_route=%2Fwp%2Fv2%2Fcomments&post=70015"}],"version-history":[{"count":4,"href":"https:\/\/www.diarionoti7.com.mx\/index.php?rest_route=\/wp\/v2\/posts\/70015\/revisions"}],"predecessor-version":[{"id":70020,"href":"https:\/\/www.diarionoti7.com.mx\/index.php?rest_route=\/wp\/v2\/posts\/70015\/revisions\/70020"}],"wp:featuredmedia":[{"embeddable":true,"href":"https:\/\/www.diarionoti7.com.mx\/index.php?rest_route=\/wp\/v2\/media\/70017"}],"wp:attachment":[{"href":"https:\/\/www.diarionoti7.com.mx\/index.php?rest_route=%2Fwp%2Fv2%2Fmedia&parent=70015"}],"wp:term":[{"taxonomy":"category","embeddable":true,"href":"https:\/\/www.diarionoti7.com.mx\/index.php?rest_route=%2Fwp%2Fv2%2Fcategories&post=70015"},{"taxonomy":"post_tag","embeddable":true,"href":"https:\/\/www.diarionoti7.com.mx\/index.php?rest_route=%2Fwp%2Fv2%2Ftags&post=70015"}],"curies":[{"name":"wp","href":"https:\/\/api.w.org\/{rel}","templated":true}]}}