{"id":69999,"date":"2025-02-06T09:18:53","date_gmt":"2025-02-06T09:18:53","guid":{"rendered":"https:\/\/www.diarionoti7.com.mx\/?p=69999"},"modified":"2025-02-06T18:22:48","modified_gmt":"2025-02-06T18:22:48","slug":"iniciativa-de-morena-para-garantizar-el-derecho-a-la-salud-a-personas-victimas-de-violencia-familiar","status":"publish","type":"post","link":"https:\/\/www.diarionoti7.com.mx\/?p=69999","title":{"rendered":"Iniciativa de Morena Para Garantizar el Derecho a la Salud a Personas V\u00edctimas de Violencia Familiar"},"content":{"rendered":"\t\t<div data-elementor-type=\"wp-post\" data-elementor-id=\"69999\" class=\"elementor elementor-69999\">\n\t\t\t\t\t\t\t\t\t<section class=\"elementor-section elementor-top-section elementor-element elementor-element-c09b8f0 elementor-section-boxed elementor-section-height-default elementor-section-height-default\" data-id=\"c09b8f0\" data-element_type=\"section\">\n\t\t\t\t\t\t<div class=\"elementor-container elementor-column-gap-default\">\n\t\t\t\t\t<div class=\"elementor-column elementor-col-100 elementor-top-column elementor-element elementor-element-955a561\" data-id=\"955a561\" data-element_type=\"column\">\n\t\t\t<div class=\"elementor-widget-wrap elementor-element-populated\">\n\t\t\t\t\t\t\t\t<div class=\"elementor-element elementor-element-0ce869c elementor-widget elementor-widget-text-editor\" data-id=\"0ce869c\" data-element_type=\"widget\" data-widget_type=\"text-editor.default\">\n\t\t\t\t<div class=\"elementor-widget-container\">\n\t\t\t<style>\/*! elementor - v3.10.2 - 29-01-2023 *\/\n.elementor-widget-text-editor.elementor-drop-cap-view-stacked .elementor-drop-cap{background-color:#818a91;color:#fff}.elementor-widget-text-editor.elementor-drop-cap-view-framed .elementor-drop-cap{color:#818a91;border:3px solid;background-color:transparent}.elementor-widget-text-editor:not(.elementor-drop-cap-view-default) .elementor-drop-cap{margin-top:8px}.elementor-widget-text-editor:not(.elementor-drop-cap-view-default) .elementor-drop-cap-letter{width:1em;height:1em}.elementor-widget-text-editor .elementor-drop-cap{float:left;text-align:center;line-height:1;font-size:50px}.elementor-widget-text-editor .elementor-drop-cap-letter{display:inline-block}<\/style>\t\t\t\t<p><strong>Pachuca, Hgo., 5 de febrero de 2025.- <\/strong>Juli\u00e1n Nochebuena Hern\u00e1ndez, legislador de Morena, detall\u00f3 la iniciativa con proyecto de decreto por la que se adicionan y se reforman disposiciones de la Ley de Salud para el Estado de Hidalgo, con el fin de garantizar el derecho a la salud de las personas v\u00edctimas de violencia familiar.<\/p><p>De acuerdo con el proyecto, el fin es cumplir con la obligaci\u00f3n que tiene el estado frente a las v\u00edctimas de violencia familiar, entre las que se encuentran brindar atenci\u00f3n m\u00e9dica integral y especializada, facilitar que accedan a ex\u00e1menes y tratamientos para la prevenci\u00f3n de enfermedades, traumas f\u00edsicos y emocionales, asegurar la reparaci\u00f3n por el da\u00f1o sufrido, proporcionar una atenci\u00f3n por parte de un equipo multidisciplinario de profesionales, como m\u00e9dicos, psic\u00f3logos y trabajadores sociales.<\/p><p>El objetivo, precis\u00f3 el diputado, es que las personas v\u00edctimas de violencia familiar ejerzan de manera real, efectiva y plena su derecho fundamental de acceso a la salud, maximizando sus garant\u00edas, al asegurar que la autoridad sanitaria cuente con las facultades y atribuciones necesarias, removiendo y disminuyendo los obst\u00e1culos que impiden condiciones de paridad, \u201clo cual se alcanzar\u00e1 mediante el reconocimiento a quienes por un principio de igualdad sustantiva debe considerarse como usuarios y poblaci\u00f3n de atenci\u00f3n prioritaria\u201d.<\/p><p>Consider\u00f3 imperante fortalecer las competencias de las instituciones de salud para realizar el dise\u00f1o, aplicaci\u00f3n y evaluaci\u00f3n de programas de promoci\u00f3n y educaci\u00f3n para la prevenci\u00f3n y conservaci\u00f3n de la salud, acciones que deben calificarse como prioritarias cuando se traten de violencia familiar, ya que esta provoca consecuencias en la salud, no solo f\u00edsica, tambi\u00e9n mental, tanto en la v\u00edctima directa como en todos los dem\u00e1s integrantes de la familia.<\/p>\t\t\t\t\t\t<\/div>\n\t\t\t\t<\/div>\n\t\t\t\t\t<\/div>\n\t\t<\/div>\n\t\t\t\t\t\t\t<\/div>\n\t\t<\/section>\n\t\t\t\t\t\t\t<\/div>\n\t\t","protected":false},"excerpt":{"rendered":"<p>Pachuca, Hgo., 5 de febrero de 2025.- Juli\u00e1n Nochebuena Hern\u00e1ndez, legislador de Morena, detall\u00f3 la iniciativa con proyecto de decreto por la que se adicionan y se reforman disposiciones de la Ley de Salud para el Estado de Hidalgo, con el fin de garantizar el derecho a la salud de las personas v\u00edctimas de violencia [&hellip;]<\/p>\n","protected":false},"author":1,"featured_media":70001,"comment_status":"closed","ping_status":"closed","sticky":false,"template":"","format":"standard","meta":[],"categories":[5],"tags":[],"_links":{"self":[{"href":"https:\/\/www.diarionoti7.com.mx\/index.php?rest_route=\/wp\/v2\/posts\/69999"}],"collection":[{"href":"https:\/\/www.diarionoti7.com.mx\/index.php?rest_route=\/wp\/v2\/posts"}],"about":[{"href":"https:\/\/www.diarionoti7.com.mx\/index.php?rest_route=\/wp\/v2\/types\/post"}],"author":[{"embeddable":true,"href":"https:\/\/www.diarionoti7.com.mx\/index.php?rest_route=\/wp\/v2\/users\/1"}],"replies":[{"embeddable":true,"href":"https:\/\/www.diarionoti7.com.mx\/index.php?rest_route=%2Fwp%2Fv2%2Fcomments&post=69999"}],"version-history":[{"count":4,"href":"https:\/\/www.diarionoti7.com.mx\/index.php?rest_route=\/wp\/v2\/posts\/69999\/revisions"}],"predecessor-version":[{"id":70004,"href":"https:\/\/www.diarionoti7.com.mx\/index.php?rest_route=\/wp\/v2\/posts\/69999\/revisions\/70004"}],"wp:featuredmedia":[{"embeddable":true,"href":"https:\/\/www.diarionoti7.com.mx\/index.php?rest_route=\/wp\/v2\/media\/70001"}],"wp:attachment":[{"href":"https:\/\/www.diarionoti7.com.mx\/index.php?rest_route=%2Fwp%2Fv2%2Fmedia&parent=69999"}],"wp:term":[{"taxonomy":"category","embeddable":true,"href":"https:\/\/www.diarionoti7.com.mx\/index.php?rest_route=%2Fwp%2Fv2%2Fcategories&post=69999"},{"taxonomy":"post_tag","embeddable":true,"href":"https:\/\/www.diarionoti7.com.mx\/index.php?rest_route=%2Fwp%2Fv2%2Ftags&post=69999"}],"curies":[{"name":"wp","href":"https:\/\/api.w.org\/{rel}","templated":true}]}}