{"id":69993,"date":"2025-02-06T09:17:39","date_gmt":"2025-02-06T09:17:39","guid":{"rendered":"https:\/\/www.diarionoti7.com.mx\/?p=69993"},"modified":"2025-02-06T18:18:41","modified_gmt":"2025-02-06T18:18:41","slug":"morena-propone-base-legal-para-reconocer-al-maguey-como-parte-del-patrimonio-biocultural-del-estado","status":"publish","type":"post","link":"https:\/\/www.diarionoti7.com.mx\/?p=69993","title":{"rendered":"Morena Propone Base Legal Para Reconocer al Maguey Como Parte del Patrimonio Biocultural del Estado"},"content":{"rendered":"\t\t<div data-elementor-type=\"wp-post\" data-elementor-id=\"69993\" class=\"elementor elementor-69993\">\n\t\t\t\t\t\t\t\t\t<section class=\"elementor-section elementor-top-section elementor-element elementor-element-c09b8f0 elementor-section-boxed elementor-section-height-default elementor-section-height-default\" data-id=\"c09b8f0\" data-element_type=\"section\">\n\t\t\t\t\t\t<div class=\"elementor-container elementor-column-gap-default\">\n\t\t\t\t\t<div class=\"elementor-column elementor-col-100 elementor-top-column elementor-element elementor-element-955a561\" data-id=\"955a561\" data-element_type=\"column\">\n\t\t\t<div class=\"elementor-widget-wrap elementor-element-populated\">\n\t\t\t\t\t\t\t\t<div class=\"elementor-element elementor-element-0ce869c elementor-widget elementor-widget-text-editor\" data-id=\"0ce869c\" data-element_type=\"widget\" data-widget_type=\"text-editor.default\">\n\t\t\t\t<div class=\"elementor-widget-container\">\n\t\t\t<style>\/*! elementor - v3.10.2 - 29-01-2023 *\/\n.elementor-widget-text-editor.elementor-drop-cap-view-stacked .elementor-drop-cap{background-color:#818a91;color:#fff}.elementor-widget-text-editor.elementor-drop-cap-view-framed .elementor-drop-cap{color:#818a91;border:3px solid;background-color:transparent}.elementor-widget-text-editor:not(.elementor-drop-cap-view-default) .elementor-drop-cap{margin-top:8px}.elementor-widget-text-editor:not(.elementor-drop-cap-view-default) .elementor-drop-cap-letter{width:1em;height:1em}.elementor-widget-text-editor .elementor-drop-cap{float:left;text-align:center;line-height:1;font-size:50px}.elementor-widget-text-editor .elementor-drop-cap-letter{display:inline-block}<\/style>\t\t\t\t<p><strong>Pachuca, Hgo., 5 de febrero de 2025.- <\/strong>Yarabi Gonz\u00e1lez Mart\u00ednez, legisladora de Morena, presento la iniciativa con proyecto de decreto por la que se reforman y derogan disposiciones de la Ley para el Manejo Sustentable del Maguey del Estado de Hidalgo y de la Ley para la Protecci\u00f3n al Ambiente del Estado de Hidalgo, en materia de patrimonio biocultural y preservaci\u00f3n gen\u00e9tica.<\/p><p>La diputada detall\u00f3 que el objetivo es proveer una base legal para el reconocimiento del maguey como parte del patrimonio biocultural del estado y contribuir a la preservaci\u00f3n de esa planta y de todas las especies, incluidas las silvestres, semicultivadas y cultivadas, mediante la creaci\u00f3n de bancos de reserva gen\u00e9tica.<\/p>\t\t\t\t\t\t<\/div>\n\t\t\t\t<\/div>\n\t\t\t\t\t<\/div>\n\t\t<\/div>\n\t\t\t\t\t\t\t<\/div>\n\t\t<\/section>\n\t\t\t\t\t\t\t<\/div>\n\t\t","protected":false},"excerpt":{"rendered":"<p>Pachuca, Hgo., 5 de febrero de 2025.- Yarabi Gonz\u00e1lez Mart\u00ednez, legisladora de Morena, presento la iniciativa con proyecto de decreto por la que se reforman y derogan disposiciones de la Ley para el Manejo Sustentable del Maguey del Estado de Hidalgo y de la Ley para la Protecci\u00f3n al Ambiente del Estado de Hidalgo, en [&hellip;]<\/p>\n","protected":false},"author":1,"featured_media":69995,"comment_status":"closed","ping_status":"closed","sticky":false,"template":"","format":"standard","meta":[],"categories":[7],"tags":[],"_links":{"self":[{"href":"https:\/\/www.diarionoti7.com.mx\/index.php?rest_route=\/wp\/v2\/posts\/69993"}],"collection":[{"href":"https:\/\/www.diarionoti7.com.mx\/index.php?rest_route=\/wp\/v2\/posts"}],"about":[{"href":"https:\/\/www.diarionoti7.com.mx\/index.php?rest_route=\/wp\/v2\/types\/post"}],"author":[{"embeddable":true,"href":"https:\/\/www.diarionoti7.com.mx\/index.php?rest_route=\/wp\/v2\/users\/1"}],"replies":[{"embeddable":true,"href":"https:\/\/www.diarionoti7.com.mx\/index.php?rest_route=%2Fwp%2Fv2%2Fcomments&post=69993"}],"version-history":[{"count":4,"href":"https:\/\/www.diarionoti7.com.mx\/index.php?rest_route=\/wp\/v2\/posts\/69993\/revisions"}],"predecessor-version":[{"id":69998,"href":"https:\/\/www.diarionoti7.com.mx\/index.php?rest_route=\/wp\/v2\/posts\/69993\/revisions\/69998"}],"wp:featuredmedia":[{"embeddable":true,"href":"https:\/\/www.diarionoti7.com.mx\/index.php?rest_route=\/wp\/v2\/media\/69995"}],"wp:attachment":[{"href":"https:\/\/www.diarionoti7.com.mx\/index.php?rest_route=%2Fwp%2Fv2%2Fmedia&parent=69993"}],"wp:term":[{"taxonomy":"category","embeddable":true,"href":"https:\/\/www.diarionoti7.com.mx\/index.php?rest_route=%2Fwp%2Fv2%2Fcategories&post=69993"},{"taxonomy":"post_tag","embeddable":true,"href":"https:\/\/www.diarionoti7.com.mx\/index.php?rest_route=%2Fwp%2Fv2%2Ftags&post=69993"}],"curies":[{"name":"wp","href":"https:\/\/api.w.org\/{rel}","templated":true}]}}