{"id":69545,"date":"2025-02-01T08:46:45","date_gmt":"2025-02-01T08:46:45","guid":{"rendered":"https:\/\/www.diarionoti7.com.mx\/?p=69545"},"modified":"2025-02-01T17:47:35","modified_gmt":"2025-02-01T17:47:35","slug":"preparatoria-numero-8-crece-con-tecnologia-y-responsabilidad-social-en-2024","status":"publish","type":"post","link":"https:\/\/www.diarionoti7.com.mx\/?p=69545","title":{"rendered":"Preparatoria N\u00famero 8 crece con tecnolog\u00eda y responsabilidad social en 2024"},"content":{"rendered":"\t\t<div data-elementor-type=\"wp-post\" data-elementor-id=\"69545\" class=\"elementor elementor-69545\">\n\t\t\t\t\t\t\t\t\t<section class=\"elementor-section elementor-top-section elementor-element elementor-element-c09b8f0 elementor-section-boxed elementor-section-height-default elementor-section-height-default\" data-id=\"c09b8f0\" data-element_type=\"section\">\n\t\t\t\t\t\t<div class=\"elementor-container elementor-column-gap-default\">\n\t\t\t\t\t<div class=\"elementor-column elementor-col-100 elementor-top-column elementor-element elementor-element-955a561\" data-id=\"955a561\" data-element_type=\"column\">\n\t\t\t<div class=\"elementor-widget-wrap elementor-element-populated\">\n\t\t\t\t\t\t\t\t<div class=\"elementor-element elementor-element-0ce869c elementor-widget elementor-widget-text-editor\" data-id=\"0ce869c\" data-element_type=\"widget\" data-widget_type=\"text-editor.default\">\n\t\t\t\t<div class=\"elementor-widget-container\">\n\t\t\t<style>\/*! elementor - v3.10.2 - 29-01-2023 *\/\n.elementor-widget-text-editor.elementor-drop-cap-view-stacked .elementor-drop-cap{background-color:#818a91;color:#fff}.elementor-widget-text-editor.elementor-drop-cap-view-framed .elementor-drop-cap{color:#818a91;border:3px solid;background-color:transparent}.elementor-widget-text-editor:not(.elementor-drop-cap-view-default) .elementor-drop-cap{margin-top:8px}.elementor-widget-text-editor:not(.elementor-drop-cap-view-default) .elementor-drop-cap-letter{width:1em;height:1em}.elementor-widget-text-editor .elementor-drop-cap{float:left;text-align:center;line-height:1;font-size:50px}.elementor-widget-text-editor .elementor-drop-cap-letter{display:inline-block}<\/style>\t\t\t\t<p><strong>*Aunque la Preparatoria es de reciente creaci\u00f3n, su objetivo es acercar la excelencia acad\u00e9mica para contribuir al desarrollo regional<\/strong><\/p><p><strong>Acaxochitl\u00e1n, Hidalgo. \u2013<\/strong> Hegel Mart\u00ednez Ba\u00f1os, director de la Escuela Preparatoria N\u00famero 8 de la Universidad Aut\u00f3noma del Estado de Hidalgo (UAEH), present\u00f3 su primer informe de actividades, en el que destac\u00f3 el compromiso del personal docente y administrativo, quienes han trabajado de manera colaborativa para hacer de este Bachillerato una realidad para la regi\u00f3n Otom\u00ed-Tepehua.<\/p><p>Mart\u00ednez Ba\u00f1os destac\u00f3 que, aunque la preparatoria es de reciente creaci\u00f3n, su objetivo es acercar la excelencia acad\u00e9mica para contribuir al desarrollo regional. Por ello, el plantel se encuentra equipado con tecnolog\u00eda de vanguardia, lo que permite a estudiantes y docentes contar con herramientas innovadoras que enriquezcan el proceso educativo y fomenten el desarrollo de habilidades digitales esenciales para el futuro.<\/p><p>\u201cPara nosotros es muy satisfactorio el avance que hemos tenido en tan poco tiempo. No queda m\u00e1s que agradecer el apoyo de nuestras autoridades universitarias, cuya visi\u00f3n y compromiso nos permiten brindar educaci\u00f3n a los municipios de la regi\u00f3n Otom\u00ed-Tepehua. Nuestro trabajo reci\u00e9n comienza, seguiremos prepar\u00e1ndonos para ser cada vez mejores y responder a la confianza que la sociedad deposita en nosotros\u201d, sostuvo el director.<\/p><p>Durante su intervenci\u00f3n, Lidia Garc\u00eda Anaya, presidenta del Patronato Universitario, reconoci\u00f3 el esfuerzo del personal de este plantel, pues su apoyo es fundamental para el crecimiento de la UAEH, la cual tiene presencia en 17 municipios del estado. \u201cHoy, esta instituci\u00f3n es una realidad. Estamos convencidos de que la educaci\u00f3n puede marcar la diferencia. Tengan la certeza de que lo que aprendan en estas aulas puede cambiar el mundo\u201d, remarc\u00f3.<\/p><p>En tanto, Jos\u00e9 Ocadiz Barraza, subsecretario general de la UAEH, resalt\u00f3 la importancia de contar con docentes altamente capacitados, as\u00ed como con un programa educativo actualizado que se adapte a las necesidades globales. Ya que esto permite que las y los estudiantes alcancen su m\u00e1ximo potencial, lo cual tambi\u00e9n se refleja en la producci\u00f3n cient\u00edfica, un \u00e1rea en la que la Aut\u00f3noma de Hidalgo destaca como l\u00edder en la entidad.<\/p><p>Durante el informe, se dio a conocer que esta unidad acad\u00e9mica actualmente cuenta con seis aulas multidisciplinarias, cada una con capacidad para 40 estudiantes, una la biblioteca, un centro de autoaprendizaje de idiomas, dos centros de c\u00f3mputo, cuatro cub\u00edculos de tutor\u00edas, un club de rob\u00f3tica para fomentar la creatividad entre el alumnado, y un laboratorio multidisciplinario equipado con tecnolog\u00eda de \u00faltima generaci\u00f3n.<\/p><p>La Preparatoria N\u00famero 8 cuenta con un cuerpo docente conformado por 12 acad\u00e9micos y acad\u00e9micas, as\u00ed como una matr\u00edcula estudiantil de 139 j\u00f3venes, lo que representa un incremento significativo en comparaci\u00f3n con el inicio de actividades en febrero del a\u00f1o pasado, cuando solo hab\u00eda nueve personas. Este crecimiento refleja la confianza de la sociedad y el compromiso de la comunidad Garza con la superaci\u00f3n acad\u00e9mica.<\/p><p>Asimismo, durante 2024, se realizaron cuatro reuniones de academias en modalidades presencial, virtual e h\u00edbrida, para promover un ambiente educativo enfocado en el bienestar y el rendimiento del estudiantado. En materia social, participaron en la Novena Edici\u00f3n del Festival del Hongo y la Manzana, lo que permiti\u00f3 posicionar a la instituci\u00f3n y estrechar lazos con la comunidad, fomentando el intercambio acad\u00e9mico y cultural.<\/p><p>Cabe mencionar que durante este primer informe de actividades se cont\u00f3 con la presencia de Patricia Torres Samperio, presidenta del Voluntariado Universitario, y Dami\u00e1n Sosa Castel\u00e1n.<\/p>\t\t\t\t\t\t<\/div>\n\t\t\t\t<\/div>\n\t\t\t\t\t<\/div>\n\t\t<\/div>\n\t\t\t\t\t\t\t<\/div>\n\t\t<\/section>\n\t\t\t\t\t\t\t<\/div>\n\t\t","protected":false},"excerpt":{"rendered":"<p>*Aunque la Preparatoria es de reciente creaci\u00f3n, su objetivo es acercar la excelencia acad\u00e9mica para contribuir al desarrollo regional Acaxochitl\u00e1n, Hidalgo. \u2013 Hegel Mart\u00ednez Ba\u00f1os, director de la Escuela Preparatoria N\u00famero 8 de la Universidad Aut\u00f3noma del Estado de Hidalgo (UAEH), present\u00f3 su primer informe de actividades, en el que destac\u00f3 el compromiso del personal [&hellip;]<\/p>\n","protected":false},"author":1,"featured_media":69547,"comment_status":"closed","ping_status":"closed","sticky":false,"template":"","format":"standard","meta":[],"categories":[4],"tags":[],"_links":{"self":[{"href":"https:\/\/www.diarionoti7.com.mx\/index.php?rest_route=\/wp\/v2\/posts\/69545"}],"collection":[{"href":"https:\/\/www.diarionoti7.com.mx\/index.php?rest_route=\/wp\/v2\/posts"}],"about":[{"href":"https:\/\/www.diarionoti7.com.mx\/index.php?rest_route=\/wp\/v2\/types\/post"}],"author":[{"embeddable":true,"href":"https:\/\/www.diarionoti7.com.mx\/index.php?rest_route=\/wp\/v2\/users\/1"}],"replies":[{"embeddable":true,"href":"https:\/\/www.diarionoti7.com.mx\/index.php?rest_route=%2Fwp%2Fv2%2Fcomments&post=69545"}],"version-history":[{"count":4,"href":"https:\/\/www.diarionoti7.com.mx\/index.php?rest_route=\/wp\/v2\/posts\/69545\/revisions"}],"predecessor-version":[{"id":69550,"href":"https:\/\/www.diarionoti7.com.mx\/index.php?rest_route=\/wp\/v2\/posts\/69545\/revisions\/69550"}],"wp:featuredmedia":[{"embeddable":true,"href":"https:\/\/www.diarionoti7.com.mx\/index.php?rest_route=\/wp\/v2\/media\/69547"}],"wp:attachment":[{"href":"https:\/\/www.diarionoti7.com.mx\/index.php?rest_route=%2Fwp%2Fv2%2Fmedia&parent=69545"}],"wp:term":[{"taxonomy":"category","embeddable":true,"href":"https:\/\/www.diarionoti7.com.mx\/index.php?rest_route=%2Fwp%2Fv2%2Fcategories&post=69545"},{"taxonomy":"post_tag","embeddable":true,"href":"https:\/\/www.diarionoti7.com.mx\/index.php?rest_route=%2Fwp%2Fv2%2Ftags&post=69545"}],"curies":[{"name":"wp","href":"https:\/\/api.w.org\/{rel}","templated":true}]}}