{"id":69522,"date":"2025-01-31T09:05:02","date_gmt":"2025-01-31T09:05:02","guid":{"rendered":"https:\/\/www.diarionoti7.com.mx\/?p=69522"},"modified":"2025-01-31T19:06:30","modified_gmt":"2025-01-31T19:06:30","slug":"gobierno-de-hidalgo-promueve-el-derecho-a-la-libertad-de-culto","status":"publish","type":"post","link":"https:\/\/www.diarionoti7.com.mx\/?p=69522","title":{"rendered":"Gobierno de Hidalgo Promueve el Derecho a la Libertad de Culto"},"content":{"rendered":"\t\t<div data-elementor-type=\"wp-post\" data-elementor-id=\"69522\" class=\"elementor elementor-69522\">\n\t\t\t\t\t\t\t\t\t<section class=\"elementor-section elementor-top-section elementor-element elementor-element-c09b8f0 elementor-section-boxed elementor-section-height-default elementor-section-height-default\" data-id=\"c09b8f0\" data-element_type=\"section\">\n\t\t\t\t\t\t<div class=\"elementor-container elementor-column-gap-default\">\n\t\t\t\t\t<div class=\"elementor-column elementor-col-100 elementor-top-column elementor-element elementor-element-955a561\" data-id=\"955a561\" data-element_type=\"column\">\n\t\t\t<div class=\"elementor-widget-wrap elementor-element-populated\">\n\t\t\t\t\t\t\t\t<div class=\"elementor-element elementor-element-0ce869c elementor-widget elementor-widget-text-editor\" data-id=\"0ce869c\" data-element_type=\"widget\" data-widget_type=\"text-editor.default\">\n\t\t\t\t<div class=\"elementor-widget-container\">\n\t\t\t<style>\/*! elementor - v3.10.2 - 29-01-2023 *\/\n.elementor-widget-text-editor.elementor-drop-cap-view-stacked .elementor-drop-cap{background-color:#818a91;color:#fff}.elementor-widget-text-editor.elementor-drop-cap-view-framed .elementor-drop-cap{color:#818a91;border:3px solid;background-color:transparent}.elementor-widget-text-editor:not(.elementor-drop-cap-view-default) .elementor-drop-cap{margin-top:8px}.elementor-widget-text-editor:not(.elementor-drop-cap-view-default) .elementor-drop-cap-letter{width:1em;height:1em}.elementor-widget-text-editor .elementor-drop-cap{float:left;text-align:center;line-height:1;font-size:50px}.elementor-widget-text-editor .elementor-drop-cap-letter{display:inline-block}<\/style>\t\t\t\t<p><strong>-Realizan mesa de di\u00e1logo interreligioso en la sede del Poder Ejecutivo<\/strong><\/p><p><strong>-Este ejercicio se replicar\u00e1 en cada regi\u00f3n de la entidad <\/strong><\/p><p><strong>Pachuca, Hgo., 30 de enero de 2025.- <\/strong>Con el objetivo de garantizar el derecho humano de las personas a profesar su fe sin discriminaci\u00f3n, as\u00ed como para fortalecer las relaciones entre la administraci\u00f3n estatal y las comunidades religiosas, el secretario de Gobierno, Guillermo Olivares Reyna, encabez\u00f3 la mesa de di\u00e1logo que tuvo lugar en la Sala de Exgobernadores.<\/p><p>Durante la reuni\u00f3n, Olivares Reyna reafirm\u00f3 el compromiso de impulsar acciones en favor de sectores vulnerables, como migrantes, personas en condici\u00f3n de adicci\u00f3n y quienes viven en situaci\u00f3n de calle.<\/p><p>Tambi\u00e9n destac\u00f3 la importancia del respeto a los usos y costumbres que no deben interponerse en el ejercicio del derecho humano a la libertad religiosa.<\/p><p>En este encuentro participaron representantes de las Iglesias cat\u00f3lica, cristiana, evang\u00e9lica, metodista, bautista, presbiteriana y de Jesucristo de los Santos de los \u00daltimos D\u00edas, as\u00ed como diversas alianzas provenientes de municipios como Tlanchinol, Xochiatipan, Tulancingo de Bravo y Tula de Allende.<\/p><p>Asimismo, se dieron cita miembros de agrupaciones de Tepeji del R\u00edo, Pachuca de Soto, Mineral de la Reforma, Emiliano Zapata, Tepeapulco, San Agust\u00edn Tlaxiaca, Atotonilco el Grande y Zimap\u00e1n, quienes expresaron sus opiniones e inquietudes, y brindaron sugerencias para asegurar la convivencia respetuosa y arm\u00f3nica.<\/p><p>Margarita Cabrera Rom\u00e1n, titular de la Direcci\u00f3n General de Asuntos Religiosos y de Usos y Costumbres, subray\u00f3 la relevancia de estos espacios de di\u00e1logo, se\u00f1alando que las comunidades religiosas y su trabajo cercano a la sociedad contribuyen al fortalecimiento del tejido social, en beneficio de la poblaci\u00f3n hidalguense.<\/p><p>Para concluir la reuni\u00f3n, las partes, acordaron realizar este ejercicio en cada regi\u00f3n de la entidad, para promover el derecho a la libertad de culto y el goce pleno de los derechos humanos entre la poblaci\u00f3n hidalguense.<\/p>\t\t\t\t\t\t<\/div>\n\t\t\t\t<\/div>\n\t\t\t\t\t<\/div>\n\t\t<\/div>\n\t\t\t\t\t\t\t<\/div>\n\t\t<\/section>\n\t\t\t\t\t\t\t<\/div>\n\t\t","protected":false},"excerpt":{"rendered":"<p>-Realizan mesa de di\u00e1logo interreligioso en la sede del Poder Ejecutivo -Este ejercicio se replicar\u00e1 en cada regi\u00f3n de la entidad Pachuca, Hgo., 30 de enero de 2025.- Con el objetivo de garantizar el derecho humano de las personas a profesar su fe sin discriminaci\u00f3n, as\u00ed como para fortalecer las relaciones entre la administraci\u00f3n estatal [&hellip;]<\/p>\n","protected":false},"author":1,"featured_media":69524,"comment_status":"closed","ping_status":"closed","sticky":false,"template":"","format":"standard","meta":[],"categories":[7],"tags":[],"_links":{"self":[{"href":"https:\/\/www.diarionoti7.com.mx\/index.php?rest_route=\/wp\/v2\/posts\/69522"}],"collection":[{"href":"https:\/\/www.diarionoti7.com.mx\/index.php?rest_route=\/wp\/v2\/posts"}],"about":[{"href":"https:\/\/www.diarionoti7.com.mx\/index.php?rest_route=\/wp\/v2\/types\/post"}],"author":[{"embeddable":true,"href":"https:\/\/www.diarionoti7.com.mx\/index.php?rest_route=\/wp\/v2\/users\/1"}],"replies":[{"embeddable":true,"href":"https:\/\/www.diarionoti7.com.mx\/index.php?rest_route=%2Fwp%2Fv2%2Fcomments&post=69522"}],"version-history":[{"count":4,"href":"https:\/\/www.diarionoti7.com.mx\/index.php?rest_route=\/wp\/v2\/posts\/69522\/revisions"}],"predecessor-version":[{"id":69527,"href":"https:\/\/www.diarionoti7.com.mx\/index.php?rest_route=\/wp\/v2\/posts\/69522\/revisions\/69527"}],"wp:featuredmedia":[{"embeddable":true,"href":"https:\/\/www.diarionoti7.com.mx\/index.php?rest_route=\/wp\/v2\/media\/69524"}],"wp:attachment":[{"href":"https:\/\/www.diarionoti7.com.mx\/index.php?rest_route=%2Fwp%2Fv2%2Fmedia&parent=69522"}],"wp:term":[{"taxonomy":"category","embeddable":true,"href":"https:\/\/www.diarionoti7.com.mx\/index.php?rest_route=%2Fwp%2Fv2%2Fcategories&post=69522"},{"taxonomy":"post_tag","embeddable":true,"href":"https:\/\/www.diarionoti7.com.mx\/index.php?rest_route=%2Fwp%2Fv2%2Ftags&post=69522"}],"curies":[{"name":"wp","href":"https:\/\/api.w.org\/{rel}","templated":true}]}}