{"id":69510,"date":"2025-01-31T09:01:26","date_gmt":"2025-01-31T09:01:26","guid":{"rendered":"https:\/\/www.diarionoti7.com.mx\/?p=69510"},"modified":"2025-01-31T19:02:39","modified_gmt":"2025-01-31T19:02:39","slug":"andres-velazquez-presenta-iniciativa-para-que-hidalguenses-repatriados-reciban-trato-seguro-y-digno","status":"publish","type":"post","link":"https:\/\/www.diarionoti7.com.mx\/?p=69510","title":{"rendered":"Andr\u00e9s Vel\u00e1zquez Presenta Iniciativa Para Que Hidalguenses Repatriados Reciban Trato Seguro y Digno"},"content":{"rendered":"\t\t<div data-elementor-type=\"wp-post\" data-elementor-id=\"69510\" class=\"elementor elementor-69510\">\n\t\t\t\t\t\t\t\t\t<section class=\"elementor-section elementor-top-section elementor-element elementor-element-c09b8f0 elementor-section-boxed elementor-section-height-default elementor-section-height-default\" data-id=\"c09b8f0\" data-element_type=\"section\">\n\t\t\t\t\t\t<div class=\"elementor-container elementor-column-gap-default\">\n\t\t\t\t\t<div class=\"elementor-column elementor-col-100 elementor-top-column elementor-element elementor-element-955a561\" data-id=\"955a561\" data-element_type=\"column\">\n\t\t\t<div class=\"elementor-widget-wrap elementor-element-populated\">\n\t\t\t\t\t\t\t\t<div class=\"elementor-element elementor-element-0ce869c elementor-widget elementor-widget-text-editor\" data-id=\"0ce869c\" data-element_type=\"widget\" data-widget_type=\"text-editor.default\">\n\t\t\t\t<div class=\"elementor-widget-container\">\n\t\t\t<style>\/*! elementor - v3.10.2 - 29-01-2023 *\/\n.elementor-widget-text-editor.elementor-drop-cap-view-stacked .elementor-drop-cap{background-color:#818a91;color:#fff}.elementor-widget-text-editor.elementor-drop-cap-view-framed .elementor-drop-cap{color:#818a91;border:3px solid;background-color:transparent}.elementor-widget-text-editor:not(.elementor-drop-cap-view-default) .elementor-drop-cap{margin-top:8px}.elementor-widget-text-editor:not(.elementor-drop-cap-view-default) .elementor-drop-cap-letter{width:1em;height:1em}.elementor-widget-text-editor .elementor-drop-cap{float:left;text-align:center;line-height:1;font-size:50px}.elementor-widget-text-editor .elementor-drop-cap-letter{display:inline-block}<\/style>\t\t\t\t<p><strong>Pachuca, Hgo., 30 de enero de 2025.- <\/strong>El diputado de Morena, Andr\u00e9s Vel\u00e1zquez V\u00e1zquez present\u00f3 la iniciativa con proyecto de decreto por el que se reforma la Ley de Migrantes Hidalguenses y en Contexto de Movilidad, La ley de Asistencia Social y la Ley Estatal de Fomento y Fortalecimiento a las Acciones de las Organizaciones de la Sociedad Civil, ambas de Hidalgo, para otorgar a las personas repatriadas un trato seguro y digno.<\/p><p>En sesi\u00f3n de la Diputaci\u00f3n Permanente, el legislador indic\u00f3 que el objetivo es garantizar un trato seguro y digno, con respeto irrestricto a los derechos humanos de las personas hidalguenses repatriadas, as\u00ed como proporcionarles la asistencia necesaria y considerarlas sujetas de asistencia social, tomando como referencia la estrategia \u201cM\u00e9xico te abraza\u201d, presentada por la Presidenta, Claudia Sheinbaum, cuyo objetivo es garantizar que los migrantes repatriados sean recibidos con calidad y humanismo.<\/p><p>El presidente de la Junta de Gobierno, record\u00f3 que en Hidalgo, el gobierno encabezado por Julio Menchaca Salazar, a trav\u00e9s de la Direcci\u00f3n General del Migrante de la Secretar\u00eda de Bienestar e Inclusi\u00f3n Social, ha implementado programas y acciones en favor de los migrantes hidalguenses como: traslado de restos, apoyo a extraviados o detenidos, asesor\u00eda en asuntos familiares y migratorios, asistencia para la obtenci\u00f3n de visas de turista y grupales, gesti\u00f3n de pasaporte americano, identidad jur\u00eddica y civil, capacitaciones en materia migratoria, entre otros.<\/p><p>\u201cComo Poder Legislativo, es nuestra responsabilidad tomar acciones en favor de miles de hidalguenses que podr\u00edan enfrentar situaciones migratorias adversas en Estados Unidos. Es necesario establecer marcos normativos que garanticen la asesor\u00eda y el acompa\u00f1amiento jur\u00eddico, atenci\u00f3n psicol\u00f3gica, informaci\u00f3n sobre derechos humanos y protecci\u00f3n infantil, entre otros servicios\u201d.<\/p><p>Adem\u00e1s, indic\u00f3 que el promover condiciones adecuadas para la reintegraci\u00f3n social de los connacionales es una tarea imperante, garantizando un retorno digno, con perspectiva de derechos humanos y de g\u00e9nero, evitando la revictimizaci\u00f3n y asegurando calidad en la atenci\u00f3n a quienes regresan a nuestro estado.<\/p>\t\t\t\t\t\t<\/div>\n\t\t\t\t<\/div>\n\t\t\t\t\t<\/div>\n\t\t<\/div>\n\t\t\t\t\t\t\t<\/div>\n\t\t<\/section>\n\t\t\t\t<section class=\"elementor-section elementor-top-section elementor-element elementor-element-0b5e6ac elementor-section-boxed elementor-section-height-default elementor-section-height-default\" data-id=\"0b5e6ac\" data-element_type=\"section\">\n\t\t\t\t\t\t<div class=\"elementor-container elementor-column-gap-default\">\n\t\t\t\t\t<div class=\"elementor-column elementor-col-100 elementor-top-column elementor-element elementor-element-0c9abb7\" data-id=\"0c9abb7\" data-element_type=\"column\">\n\t\t\t<div class=\"elementor-widget-wrap elementor-element-populated\">\n\t\t\t\t\t\t\t\t<div class=\"elementor-element elementor-element-c7a9184 elementor-aspect-ratio-169 elementor-widget elementor-widget-video\" data-id=\"c7a9184\" data-element_type=\"widget\" data-settings=\"{&quot;youtube_url&quot;:&quot;https:\\\/\\\/youtu.be\\\/xy7WhJBKQGU&quot;,&quot;video_type&quot;:&quot;youtube&quot;,&quot;controls&quot;:&quot;yes&quot;,&quot;aspect_ratio&quot;:&quot;169&quot;}\" data-widget_type=\"video.default\">\n\t\t\t\t<div class=\"elementor-widget-container\">\n\t\t\t<style>\/*! elementor - v3.10.2 - 29-01-2023 *\/\n.elementor-widget-video .elementor-widget-container{overflow:hidden;transform:translateZ(0)}.elementor-widget-video .elementor-open-inline .elementor-custom-embed-image-overlay{position:absolute;top:0;left:0;width:100%;height:100%;background-size:cover;background-position:50%}.elementor-widget-video .elementor-custom-embed-image-overlay{cursor:pointer;text-align:center}.elementor-widget-video .elementor-custom-embed-image-overlay:hover .elementor-custom-embed-play i{opacity:1}.elementor-widget-video .elementor-custom-embed-image-overlay img{display:block;width:100%}.elementor-widget-video .e-hosted-video .elementor-video{-o-object-fit:cover;object-fit:cover}.e-con-inner>.elementor-widget-video,.e-con>.elementor-widget-video{width:var(--container-widget-width);--flex-grow:var(--container-widget-flex-grow)}<\/style>\t\t<div class=\"elementor-wrapper elementor-fit-aspect-ratio elementor-open-inline\">\n\t\t\t<div class=\"elementor-video\"><\/div>\t\t<\/div>\n\t\t\t\t<\/div>\n\t\t\t\t<\/div>\n\t\t\t\t\t<\/div>\n\t\t<\/div>\n\t\t\t\t\t\t\t<\/div>\n\t\t<\/section>\n\t\t\t\t\t\t\t<\/div>\n\t\t","protected":false},"excerpt":{"rendered":"<p>Pachuca, Hgo., 30 de enero de 2025.- El diputado de Morena, Andr\u00e9s Vel\u00e1zquez V\u00e1zquez present\u00f3 la iniciativa con proyecto de decreto por el que se reforma la Ley de Migrantes Hidalguenses y en Contexto de Movilidad, La ley de Asistencia Social y la Ley Estatal de Fomento y Fortalecimiento a las Acciones de las Organizaciones [&hellip;]<\/p>\n","protected":false},"author":1,"featured_media":69512,"comment_status":"closed","ping_status":"closed","sticky":false,"template":"","format":"standard","meta":[],"categories":[7],"tags":[],"_links":{"self":[{"href":"https:\/\/www.diarionoti7.com.mx\/index.php?rest_route=\/wp\/v2\/posts\/69510"}],"collection":[{"href":"https:\/\/www.diarionoti7.com.mx\/index.php?rest_route=\/wp\/v2\/posts"}],"about":[{"href":"https:\/\/www.diarionoti7.com.mx\/index.php?rest_route=\/wp\/v2\/types\/post"}],"author":[{"embeddable":true,"href":"https:\/\/www.diarionoti7.com.mx\/index.php?rest_route=\/wp\/v2\/users\/1"}],"replies":[{"embeddable":true,"href":"https:\/\/www.diarionoti7.com.mx\/index.php?rest_route=%2Fwp%2Fv2%2Fcomments&post=69510"}],"version-history":[{"count":4,"href":"https:\/\/www.diarionoti7.com.mx\/index.php?rest_route=\/wp\/v2\/posts\/69510\/revisions"}],"predecessor-version":[{"id":69515,"href":"https:\/\/www.diarionoti7.com.mx\/index.php?rest_route=\/wp\/v2\/posts\/69510\/revisions\/69515"}],"wp:featuredmedia":[{"embeddable":true,"href":"https:\/\/www.diarionoti7.com.mx\/index.php?rest_route=\/wp\/v2\/media\/69512"}],"wp:attachment":[{"href":"https:\/\/www.diarionoti7.com.mx\/index.php?rest_route=%2Fwp%2Fv2%2Fmedia&parent=69510"}],"wp:term":[{"taxonomy":"category","embeddable":true,"href":"https:\/\/www.diarionoti7.com.mx\/index.php?rest_route=%2Fwp%2Fv2%2Fcategories&post=69510"},{"taxonomy":"post_tag","embeddable":true,"href":"https:\/\/www.diarionoti7.com.mx\/index.php?rest_route=%2Fwp%2Fv2%2Ftags&post=69510"}],"curies":[{"name":"wp","href":"https:\/\/api.w.org\/{rel}","templated":true}]}}