{"id":69463,"date":"2025-01-31T08:44:26","date_gmt":"2025-01-31T08:44:26","guid":{"rendered":"https:\/\/www.diarionoti7.com.mx\/?p=69463"},"modified":"2025-01-31T18:45:38","modified_gmt":"2025-01-31T18:45:38","slug":"iniciativa-del-pt-para-garantizar-la-inclusion-digital-de-las-personas-con-discapacidad-visual-en-el-estado","status":"publish","type":"post","link":"https:\/\/www.diarionoti7.com.mx\/?p=69463","title":{"rendered":"Iniciativa del PT Para Garantizar la Inclusi\u00f3n Digital de las Personas Con Discapacidad Visual en el Estado"},"content":{"rendered":"\t\t<div data-elementor-type=\"wp-post\" data-elementor-id=\"69463\" class=\"elementor elementor-69463\">\n\t\t\t\t\t\t\t\t\t<section class=\"elementor-section elementor-top-section elementor-element elementor-element-c09b8f0 elementor-section-boxed elementor-section-height-default elementor-section-height-default\" data-id=\"c09b8f0\" data-element_type=\"section\">\n\t\t\t\t\t\t<div class=\"elementor-container elementor-column-gap-default\">\n\t\t\t\t\t<div class=\"elementor-column elementor-col-100 elementor-top-column elementor-element elementor-element-955a561\" data-id=\"955a561\" data-element_type=\"column\">\n\t\t\t<div class=\"elementor-widget-wrap elementor-element-populated\">\n\t\t\t\t\t\t\t\t<div class=\"elementor-element elementor-element-0ce869c elementor-widget elementor-widget-text-editor\" data-id=\"0ce869c\" data-element_type=\"widget\" data-widget_type=\"text-editor.default\">\n\t\t\t\t<div class=\"elementor-widget-container\">\n\t\t\t<style>\/*! elementor - v3.10.2 - 29-01-2023 *\/\n.elementor-widget-text-editor.elementor-drop-cap-view-stacked .elementor-drop-cap{background-color:#818a91;color:#fff}.elementor-widget-text-editor.elementor-drop-cap-view-framed .elementor-drop-cap{color:#818a91;border:3px solid;background-color:transparent}.elementor-widget-text-editor:not(.elementor-drop-cap-view-default) .elementor-drop-cap{margin-top:8px}.elementor-widget-text-editor:not(.elementor-drop-cap-view-default) .elementor-drop-cap-letter{width:1em;height:1em}.elementor-widget-text-editor .elementor-drop-cap{float:left;text-align:center;line-height:1;font-size:50px}.elementor-widget-text-editor .elementor-drop-cap-letter{display:inline-block}<\/style>\t\t\t\t<p><strong>Pachuca, Hgo. 30 de enero 2025.- <\/strong>El diputado Francisco Javier T\u00e9llez S\u00e1nchez, del PT, present\u00f3 la iniciativa con proyecto de decreto por el que se adiciona la fracci\u00f3n IV al art\u00edculo 39 de la Ley Integral para las Personas con Discapacidad del Estado de Hidalgo.<\/p><p>El fin de este proyecto es garantizar la inclusi\u00f3n digital de las personas con discapacidad visual en el estado, mediante la promoci\u00f3n del acceso gratuito a nuevos sistemas y tecnolog\u00edas de la informaci\u00f3n, las comunicaciones, el internet y softwares especializados.<\/p><p>De acuerdo con la iniciativa, se busca contribuir a la eliminaci\u00f3n de barreras tecnol\u00f3gicas, fomentar la igualdad de oportunidades y fortalecer su integraci\u00f3n plena en la sociedad.<\/p>\t\t\t\t\t\t<\/div>\n\t\t\t\t<\/div>\n\t\t\t\t\t<\/div>\n\t\t<\/div>\n\t\t\t\t\t\t\t<\/div>\n\t\t<\/section>\n\t\t\t\t\t\t\t<\/div>\n\t\t","protected":false},"excerpt":{"rendered":"<p>Pachuca, Hgo. 30 de enero 2025.- El diputado Francisco Javier T\u00e9llez S\u00e1nchez, del PT, present\u00f3 la iniciativa con proyecto de decreto por el que se adiciona la fracci\u00f3n IV al art\u00edculo 39 de la Ley Integral para las Personas con Discapacidad del Estado de Hidalgo. El fin de este proyecto es garantizar la inclusi\u00f3n digital [&hellip;]<\/p>\n","protected":false},"author":1,"featured_media":69465,"comment_status":"closed","ping_status":"closed","sticky":false,"template":"","format":"standard","meta":[],"categories":[7],"tags":[],"_links":{"self":[{"href":"https:\/\/www.diarionoti7.com.mx\/index.php?rest_route=\/wp\/v2\/posts\/69463"}],"collection":[{"href":"https:\/\/www.diarionoti7.com.mx\/index.php?rest_route=\/wp\/v2\/posts"}],"about":[{"href":"https:\/\/www.diarionoti7.com.mx\/index.php?rest_route=\/wp\/v2\/types\/post"}],"author":[{"embeddable":true,"href":"https:\/\/www.diarionoti7.com.mx\/index.php?rest_route=\/wp\/v2\/users\/1"}],"replies":[{"embeddable":true,"href":"https:\/\/www.diarionoti7.com.mx\/index.php?rest_route=%2Fwp%2Fv2%2Fcomments&post=69463"}],"version-history":[{"count":4,"href":"https:\/\/www.diarionoti7.com.mx\/index.php?rest_route=\/wp\/v2\/posts\/69463\/revisions"}],"predecessor-version":[{"id":69468,"href":"https:\/\/www.diarionoti7.com.mx\/index.php?rest_route=\/wp\/v2\/posts\/69463\/revisions\/69468"}],"wp:featuredmedia":[{"embeddable":true,"href":"https:\/\/www.diarionoti7.com.mx\/index.php?rest_route=\/wp\/v2\/media\/69465"}],"wp:attachment":[{"href":"https:\/\/www.diarionoti7.com.mx\/index.php?rest_route=%2Fwp%2Fv2%2Fmedia&parent=69463"}],"wp:term":[{"taxonomy":"category","embeddable":true,"href":"https:\/\/www.diarionoti7.com.mx\/index.php?rest_route=%2Fwp%2Fv2%2Fcategories&post=69463"},{"taxonomy":"post_tag","embeddable":true,"href":"https:\/\/www.diarionoti7.com.mx\/index.php?rest_route=%2Fwp%2Fv2%2Ftags&post=69463"}],"curies":[{"name":"wp","href":"https:\/\/api.w.org\/{rel}","templated":true}]}}