{"id":6888,"date":"2023-04-21T16:58:08","date_gmt":"2023-04-21T16:58:08","guid":{"rendered":"https:\/\/www.diarionoti7.com.mx\/?p=6888"},"modified":"2023-04-22T04:31:44","modified_gmt":"2023-04-22T04:31:44","slug":"tiran-cadaver-envuelto-en-cobijas-en-tezontepec-de-aldama","status":"publish","type":"post","link":"https:\/\/www.diarionoti7.com.mx\/?p=6888","title":{"rendered":"Tiran Cad\u00e1ver Envuelto En Cobijas en Tezontepec de Aldama"},"content":{"rendered":"\t\t<div data-elementor-type=\"wp-post\" data-elementor-id=\"6888\" class=\"elementor elementor-6888\">\n\t\t\t\t\t\t\t\t\t<section class=\"elementor-section elementor-top-section elementor-element elementor-element-51c23a4c elementor-section-boxed elementor-section-height-default elementor-section-height-default\" data-id=\"51c23a4c\" data-element_type=\"section\">\n\t\t\t\t\t\t<div class=\"elementor-container elementor-column-gap-default\">\n\t\t\t\t\t<div class=\"elementor-column elementor-col-100 elementor-top-column elementor-element elementor-element-7d2e0b6e\" data-id=\"7d2e0b6e\" data-element_type=\"column\">\n\t\t\t<div class=\"elementor-widget-wrap elementor-element-populated\">\n\t\t\t\t\t\t\t\t<div class=\"elementor-element elementor-element-2f2290cd elementor-widget elementor-widget-text-editor\" data-id=\"2f2290cd\" data-element_type=\"widget\" data-widget_type=\"text-editor.default\">\n\t\t\t\t<div class=\"elementor-widget-container\">\n\t\t\t<style>\/*! elementor - v3.10.2 - 29-01-2023 *\/\n.elementor-widget-text-editor.elementor-drop-cap-view-stacked .elementor-drop-cap{background-color:#818a91;color:#fff}.elementor-widget-text-editor.elementor-drop-cap-view-framed .elementor-drop-cap{color:#818a91;border:3px solid;background-color:transparent}.elementor-widget-text-editor:not(.elementor-drop-cap-view-default) .elementor-drop-cap{margin-top:8px}.elementor-widget-text-editor:not(.elementor-drop-cap-view-default) .elementor-drop-cap-letter{width:1em;height:1em}.elementor-widget-text-editor .elementor-drop-cap{float:left;text-align:center;line-height:1;font-size:50px}.elementor-widget-text-editor .elementor-drop-cap-letter{display:inline-block}<\/style>\t\t\t\t<p>PACHUCA, Hgo., 20 de Abril de 2023.- Datos de prueba aportados por personal ministerial de la Subprocuradur\u00eda oriente de la Procuradur\u00eda General de Justicia del Estado de Hidalgo (PGJEH), sirvieron para que un juez de control dictara auto de vinculaci\u00f3n a proceso para una persona identificada con las iniciales J. F. D. C., por fraude.<\/p><p>Los hechos imputados ocurrieron en octubre del 2022, luego de que la parte agraviada requiriera de los servicios de la firma jur\u00eddica representada por el investigado, para que iniciara una carpeta de investigaci\u00f3n y diera acompa\u00f1amiento legal en determinado asunto penal.<\/p><p>De acuerdo con la v\u00edctima, para el supuesto desahogo de tr\u00e1mites judiciales, J. F. D. C., le solicit\u00f3 mediante enga\u00f1os diversas cantidades de dinero que en suma ascienden a 3 millones 175 mil pesos.<\/p><p>El Corporativo Kobalto S. A. de C. V., entreg\u00f3 el recurso con el que supuestamente se pagar\u00edan fianzas, contrafianzas, e incluso se solventar\u00edan gastos para el aseguramiento de cuentas bancarias de la persona imputada, pago a peritos, as\u00ed como diversas gestiones.<\/p><p>Una vez entregado el dinero y ante el incumplimiento por parte de J. F. D. C., la persona agraviada denunci\u00f3 los hechos ante la PGJEH y agentes del Ministerio P\u00fablico se allegaron de datos de prueba contra el probable.<\/p><p>Con base en ello, esta representaci\u00f3n social solicit\u00f3 a la autoridad judicial, audiencia inicial para formular imputaci\u00f3n, como resultado de dicha audiencia, la madrugada de este 20 de abril de 2023, un juez de control dict\u00f3 la vinculaci\u00f3n a proceso para J. F. D. C. por fraude. Permanece en prisi\u00f3n preventiva y el plazo para el cierre de la investigaci\u00f3n complementaria es de seis meses.<\/p><p>\u00a0<\/p>\t\t\t\t\t\t<\/div>\n\t\t\t\t<\/div>\n\t\t\t\t\t<\/div>\n\t\t<\/div>\n\t\t\t\t\t\t\t<\/div>\n\t\t<\/section>\n\t\t\t\t\t\t\t<\/div>\n\t\t","protected":false},"excerpt":{"rendered":"<p>PACHUCA, Hgo., 20 de Abril de 2023.- Datos de prueba aportados por personal ministerial de la Subprocuradur\u00eda oriente de la Procuradur\u00eda General de Justicia del Estado de Hidalgo (PGJEH), sirvieron para que un juez de control dictara auto de vinculaci\u00f3n a proceso para una persona identificada con las iniciales J. F. D. C., por fraude. [&hellip;]<\/p>\n","protected":false},"author":1,"featured_media":6878,"comment_status":"closed","ping_status":"closed","sticky":false,"template":"","format":"standard","meta":[],"categories":[22],"tags":[],"_links":{"self":[{"href":"https:\/\/www.diarionoti7.com.mx\/index.php?rest_route=\/wp\/v2\/posts\/6888"}],"collection":[{"href":"https:\/\/www.diarionoti7.com.mx\/index.php?rest_route=\/wp\/v2\/posts"}],"about":[{"href":"https:\/\/www.diarionoti7.com.mx\/index.php?rest_route=\/wp\/v2\/types\/post"}],"author":[{"embeddable":true,"href":"https:\/\/www.diarionoti7.com.mx\/index.php?rest_route=\/wp\/v2\/users\/1"}],"replies":[{"embeddable":true,"href":"https:\/\/www.diarionoti7.com.mx\/index.php?rest_route=%2Fwp%2Fv2%2Fcomments&post=6888"}],"version-history":[{"count":4,"href":"https:\/\/www.diarionoti7.com.mx\/index.php?rest_route=\/wp\/v2\/posts\/6888\/revisions"}],"predecessor-version":[{"id":6963,"href":"https:\/\/www.diarionoti7.com.mx\/index.php?rest_route=\/wp\/v2\/posts\/6888\/revisions\/6963"}],"wp:featuredmedia":[{"embeddable":true,"href":"https:\/\/www.diarionoti7.com.mx\/index.php?rest_route=\/wp\/v2\/media\/6878"}],"wp:attachment":[{"href":"https:\/\/www.diarionoti7.com.mx\/index.php?rest_route=%2Fwp%2Fv2%2Fmedia&parent=6888"}],"wp:term":[{"taxonomy":"category","embeddable":true,"href":"https:\/\/www.diarionoti7.com.mx\/index.php?rest_route=%2Fwp%2Fv2%2Fcategories&post=6888"},{"taxonomy":"post_tag","embeddable":true,"href":"https:\/\/www.diarionoti7.com.mx\/index.php?rest_route=%2Fwp%2Fv2%2Ftags&post=6888"}],"curies":[{"name":"wp","href":"https:\/\/api.w.org\/{rel}","templated":true}]}}