{"id":6875,"date":"2023-04-21T16:54:43","date_gmt":"2023-04-21T16:54:43","guid":{"rendered":"https:\/\/www.diarionoti7.com.mx\/?p=6875"},"modified":"2023-04-21T17:09:16","modified_gmt":"2023-04-21T17:09:16","slug":"natividad-castrejon-participo-en-la-lvii-reunion-nacional-conaedu-abordaron-la-estrategia-la-nueva-escuela-mexicana","status":"publish","type":"post","link":"https:\/\/www.diarionoti7.com.mx\/?p=6875","title":{"rendered":"Natividad Castrej\u00f3n Particip\u00f3 en la LVII Reuni\u00f3n Nacional CONAEDU, Abordaron la Estrategia  \u201cLa Nueva Escuela Mexicana\u201d."},"content":{"rendered":"\t\t<div data-elementor-type=\"wp-post\" data-elementor-id=\"6875\" class=\"elementor elementor-6875\">\n\t\t\t\t\t\t\t\t\t<section class=\"elementor-section elementor-top-section elementor-element elementor-element-51c23a4c elementor-section-boxed elementor-section-height-default elementor-section-height-default\" data-id=\"51c23a4c\" data-element_type=\"section\">\n\t\t\t\t\t\t<div class=\"elementor-container elementor-column-gap-default\">\n\t\t\t\t\t<div class=\"elementor-column elementor-col-100 elementor-top-column elementor-element elementor-element-7d2e0b6e\" data-id=\"7d2e0b6e\" data-element_type=\"column\">\n\t\t\t<div class=\"elementor-widget-wrap elementor-element-populated\">\n\t\t\t\t\t\t\t\t<div class=\"elementor-element elementor-element-2f2290cd elementor-widget elementor-widget-text-editor\" data-id=\"2f2290cd\" data-element_type=\"widget\" data-widget_type=\"text-editor.default\">\n\t\t\t\t<div class=\"elementor-widget-container\">\n\t\t\t<style>\/*! elementor - v3.10.2 - 29-01-2023 *\/\n.elementor-widget-text-editor.elementor-drop-cap-view-stacked .elementor-drop-cap{background-color:#818a91;color:#fff}.elementor-widget-text-editor.elementor-drop-cap-view-framed .elementor-drop-cap{color:#818a91;border:3px solid;background-color:transparent}.elementor-widget-text-editor:not(.elementor-drop-cap-view-default) .elementor-drop-cap{margin-top:8px}.elementor-widget-text-editor:not(.elementor-drop-cap-view-default) .elementor-drop-cap-letter{width:1em;height:1em}.elementor-widget-text-editor .elementor-drop-cap{float:left;text-align:center;line-height:1;font-size:50px}.elementor-widget-text-editor .elementor-drop-cap-letter{display:inline-block}<\/style>\t\t\t\t<p><strong>*El anuncio lo realiz\u00f3 el gobernador en las\u00a0 Rutas de Transformaci\u00f3n que llegaron a Tepeji y Ajacuba<\/strong><\/p><p><strong>Pachuca, Hgo, 20 de abril 2023.- <\/strong>Julio Menchaca\u00a0<em>Salazar,<\/em>\u00a0titular del Poder Ejecutivo de Hidalgo, dio a conocer el asentamiento de la empresa Isquisa en el municipio de Tepeji del R\u00edo,\u00a0con una inversi\u00f3n de 250 millones de pesos; as\u00ed como la construcci\u00f3n de infraestructura p\u00fablica en beneficio de las familias de la regi\u00f3n, durante su estancia en esta regi\u00f3n hidalguense.<\/p><p>Destaco el mandatario al encabezar las Rutas de la Transformaci\u00f3n en Ajacuba y Tepeji, donde reconoci\u00f3 que faltan muchas cosas por hacer, sobre todo pol\u00edticas p\u00fablicas y recursos para inhibir la migraci\u00f3n, la pobreza y el rezago que afectan al estado \u201cEn muchas administraciones hubo descuido y apat\u00eda, pero ahora se combate la pobreza con riqueza\u201d, afirm\u00f3 el mandatario estatal.<\/p><p>Asegur\u00f3 que gracias al recurso obtenido del programa de reemplacamiento \u201cDale Marcha a la Transformaci\u00f3n\u201d, se ejercer\u00e1 un recurso superior a los 12 millones de pesos para reconstruir la carretera de acceso a Tepeji, lo que impactar\u00e1 de manera positiva en el tr\u00e1nsito de m\u00e1s de 34 mil habitantes.<\/p><p>A\u00f1adi\u00f3 que\u00a0se ha concluido la primera etapa de la construcci\u00f3n del Sistema de Agua Potable de San Buenaventura, mientras que las obras de infraestructura educativa requirieron de una\u00a0inversi\u00f3n de 3 millones 12 mil pesos.<\/p><p>Para finalizar,\u00a0Menchaca Salazar record\u00f3 que el movimiento al que pertenece pugna por el derecho humano al acceso a una buena administraci\u00f3n p\u00fablica, lo que permitir\u00e1 que la ciudadan\u00eda goce de servicios p\u00fablicos de calidad.<\/p><p>Por su parte, Javier del Castillo Fern\u00e1ndez, director general y fundador de Isquisa, valor\u00f3 la apertura de la administraci\u00f3n y celebr\u00f3 que este d\u00eda se coloc\u00f3 la primera piedra que representa el compromiso de Isquisa con la sustentabilidad, el desarrollo social y econ\u00f3mico de Tepeji y de Hidalgo.<\/p><p>El subsecretario de Obras P\u00fablicas, Jorge Alberto Reyes Hern\u00e1ndez, revel\u00f3 que gracias al recurso obtenido del programa de reemplacamiento<strong><em>\u00a0\u201c<\/em><\/strong><em>Dale Marcha a la Transformaci\u00f3n<strong>\u201d<\/strong><\/em>, se ejercer\u00e1 m\u00e1s de 12 millones de pesos para reconstruir la carretera de acceso a la demarcaci\u00f3n, a favor de m\u00e1s de 34 mil habitantes.<\/p><p>Finalmente, a\u00f1adi\u00f3 que se finaliz\u00f3 la primera etapa de la construcci\u00f3n del Sistema de Agua Potable de San Buenaventura, mientras que, las obras de infraestructura educativa requirieron de una inversi\u00f3n de tres millones 12 mil pesos<\/p>\t\t\t\t\t\t<\/div>\n\t\t\t\t<\/div>\n\t\t\t\t\t<\/div>\n\t\t<\/div>\n\t\t\t\t\t\t\t<\/div>\n\t\t<\/section>\n\t\t\t\t\t\t\t<\/div>\n\t\t","protected":false},"excerpt":{"rendered":"<p>*El anuncio lo realiz\u00f3 el gobernador en las\u00a0 Rutas de Transformaci\u00f3n que llegaron a Tepeji y Ajacuba Pachuca, Hgo, 20 de abril 2023.- Julio Menchaca\u00a0Salazar,\u00a0titular del Poder Ejecutivo de Hidalgo, dio a conocer el asentamiento de la empresa Isquisa en el municipio de Tepeji del R\u00edo,\u00a0con una inversi\u00f3n de 250 millones de pesos; as\u00ed como [&hellip;]<\/p>\n","protected":false},"author":1,"featured_media":6946,"comment_status":"closed","ping_status":"closed","sticky":false,"template":"","format":"standard","meta":[],"categories":[4],"tags":[],"_links":{"self":[{"href":"https:\/\/www.diarionoti7.com.mx\/index.php?rest_route=\/wp\/v2\/posts\/6875"}],"collection":[{"href":"https:\/\/www.diarionoti7.com.mx\/index.php?rest_route=\/wp\/v2\/posts"}],"about":[{"href":"https:\/\/www.diarionoti7.com.mx\/index.php?rest_route=\/wp\/v2\/types\/post"}],"author":[{"embeddable":true,"href":"https:\/\/www.diarionoti7.com.mx\/index.php?rest_route=\/wp\/v2\/users\/1"}],"replies":[{"embeddable":true,"href":"https:\/\/www.diarionoti7.com.mx\/index.php?rest_route=%2Fwp%2Fv2%2Fcomments&post=6875"}],"version-history":[{"count":9,"href":"https:\/\/www.diarionoti7.com.mx\/index.php?rest_route=\/wp\/v2\/posts\/6875\/revisions"}],"predecessor-version":[{"id":6949,"href":"https:\/\/www.diarionoti7.com.mx\/index.php?rest_route=\/wp\/v2\/posts\/6875\/revisions\/6949"}],"wp:featuredmedia":[{"embeddable":true,"href":"https:\/\/www.diarionoti7.com.mx\/index.php?rest_route=\/wp\/v2\/media\/6946"}],"wp:attachment":[{"href":"https:\/\/www.diarionoti7.com.mx\/index.php?rest_route=%2Fwp%2Fv2%2Fmedia&parent=6875"}],"wp:term":[{"taxonomy":"category","embeddable":true,"href":"https:\/\/www.diarionoti7.com.mx\/index.php?rest_route=%2Fwp%2Fv2%2Fcategories&post=6875"},{"taxonomy":"post_tag","embeddable":true,"href":"https:\/\/www.diarionoti7.com.mx\/index.php?rest_route=%2Fwp%2Fv2%2Ftags&post=6875"}],"curies":[{"name":"wp","href":"https:\/\/api.w.org\/{rel}","templated":true}]}}