{"id":68589,"date":"2025-01-22T09:16:51","date_gmt":"2025-01-22T09:16:51","guid":{"rendered":"https:\/\/www.diarionoti7.com.mx\/?p=68589"},"modified":"2025-01-22T19:20:07","modified_gmt":"2025-01-22T19:20:07","slug":"estrategia-de-repatriacion-mexico-te-abraza-programa-integral-de-acompanamiento-a-las-y-los-connacionales-en-caso-de-deportacion-o-de-regreso-voluntario","status":"publish","type":"post","link":"https:\/\/www.diarionoti7.com.mx\/?p=68589","title":{"rendered":"Estrategia de Repatriaci\u00f3n M\u00e9xico Te Abraza, Programa Integral de Acompa\u00f1amiento a las y los Connacionales en Caso de Deportaci\u00f3n o de Regreso Voluntario."},"content":{"rendered":"\t\t<div data-elementor-type=\"wp-post\" data-elementor-id=\"68589\" class=\"elementor elementor-68589\">\n\t\t\t\t\t\t\t\t\t<section class=\"elementor-section elementor-top-section elementor-element elementor-element-c09b8f0 elementor-section-boxed elementor-section-height-default elementor-section-height-default\" data-id=\"c09b8f0\" data-element_type=\"section\">\n\t\t\t\t\t\t<div class=\"elementor-container elementor-column-gap-default\">\n\t\t\t\t\t<div class=\"elementor-column elementor-col-100 elementor-top-column elementor-element elementor-element-955a561\" data-id=\"955a561\" data-element_type=\"column\">\n\t\t\t<div class=\"elementor-widget-wrap elementor-element-populated\">\n\t\t\t\t\t\t\t\t<div class=\"elementor-element elementor-element-0ce869c elementor-widget elementor-widget-text-editor\" data-id=\"0ce869c\" data-element_type=\"widget\" data-widget_type=\"text-editor.default\">\n\t\t\t\t<div class=\"elementor-widget-container\">\n\t\t\t<style>\/*! elementor - v3.10.2 - 29-01-2023 *\/\n.elementor-widget-text-editor.elementor-drop-cap-view-stacked .elementor-drop-cap{background-color:#818a91;color:#fff}.elementor-widget-text-editor.elementor-drop-cap-view-framed .elementor-drop-cap{color:#818a91;border:3px solid;background-color:transparent}.elementor-widget-text-editor:not(.elementor-drop-cap-view-default) .elementor-drop-cap{margin-top:8px}.elementor-widget-text-editor:not(.elementor-drop-cap-view-default) .elementor-drop-cap-letter{width:1em;height:1em}.elementor-widget-text-editor .elementor-drop-cap{float:left;text-align:center;line-height:1;font-size:50px}.elementor-widget-text-editor .elementor-drop-cap-letter{display:inline-block}<\/style>\t\t\t\t<p><strong>Ciudad de M\u00e9xico. 21 de enero 2025.- <\/strong>La Presidenta Claudia Sheinbaum Pardo reiter\u00f3 que el Gobierno de M\u00e9xico brindar\u00e1 todo el apoyo a las y los migrantes mexicanos en Estados Unidos, a trav\u00e9s de la Estrategia de Repatriaci\u00f3n M\u00e9xico te abraza, un programa integral de acompa\u00f1amiento a las y los connacionales en caso de deportaci\u00f3n o de regreso voluntario.<\/p><p>\u201cEs el acompa\u00f1amiento total. Que sepan nuestras paisanas y paisanos que ah\u00ed estamos, que no est\u00e1n solos, que los Consulados est\u00e1n ah\u00ed, y todo el apoyo que requieran, para cualquier tipo de acci\u00f3n legal y de apoyo de cualquier tipo. Si por alguna raz\u00f3n son devueltos a M\u00e9xico o quieren regresar de manera voluntaria, aqu\u00ed son bien recibidos siempre. Y all\u00e1 los apoyamos con todo, desde el tema de la ciudadan\u00eda, hasta otros temas, jur\u00eddicos, legales, siempre\u201d, puntualiz\u00f3.<\/p><p>La secretaria de Gobernaci\u00f3n, Rosa Icela Rodr\u00edguez Vel\u00e1zquez, inform\u00f3 que como parte de la estrategia de repatriaci\u00f3n \u201cM\u00e9xico te abraza\u201d, se instalar\u00e1n nueve centros de atenci\u00f3n a migrantes en ciudades fronterizas: Matamoros, Reynosa y Nuevo Laredo en Tamaulipas; Tijuana y Mexicali en Baja California, as\u00ed como en Sonora, Chihuahua, Coahuila y Nuevo Le\u00f3n, los cuales contar\u00e1n con servicios de registro y recepci\u00f3n, atenci\u00f3n a la salud, documentaci\u00f3n, alojamiento y alimentaci\u00f3n, que estar\u00e1 a cargo de la Secretar\u00eda de la Defensa Nacional y de la Secretar\u00eda de Marina.<\/p><p>Detall\u00f3 que, esta estrategia cuenta con la participaci\u00f3n de 34 dependencias federales, coordinadas con seis entidades de la frontera norte; y 10 entidades del centro y sur del pa\u00eds para la reintegraci\u00f3n de migrantes a sus comunidades. Asimismo, se contar\u00e1 con el apoyo de 100 autobuses para los traslados.<\/p><p>\u201cEl Gobierno de M\u00e9xico cuenta con la capacidad operativa para atender a nuestras hermanas y hermanos que sean retornados, que no est\u00e1n solas ni solos. Y de este lado de la frontera ya estamos listos para recibirlos. La repatriaci\u00f3n es una oportunidad de regresar a casa y reencontrarse con la familia, y tambi\u00e9n de desarrollarse en M\u00e9xico, en un M\u00e9xico en transformaci\u00f3n, donde hay un gobierno comprometido con el bienestar de la gente. M\u00e9xico te abraza, paisano, paisana\u201d, se\u00f1al\u00f3.<\/p><p>El secretario de Relaciones Exteriores, Juan Ram\u00f3n de la Fuente record\u00f3 que el Gobierno de M\u00e9xico cuenta con la Red Consular m\u00e1s grande del mundo, con 53 consulados en todo el territorio de Estados Unidos para fortalecer la atenci\u00f3n en tres ejes: asesor\u00edas legales, servicios digitales y la construcci\u00f3n de alianzas comunitarias.<\/p><p>\u201cNo est\u00e1n solos, no van a estar solos, ah\u00ed est\u00e1 nuestra red consular, estamos permanentemente en contacto con ellos y estaremos atentos para tratar de asistirles a la brevedad posible en funci\u00f3n de las circunstancias que se vayan presentando\u201d, asegur\u00f3.<\/p><p>Adem\u00e1s, reiter\u00f3 que el Modelo Humanitario de Movilidad Humana ha disminuido en 78 por ciento los cruces en la frontera norte.<\/p>\t\t\t\t\t\t<\/div>\n\t\t\t\t<\/div>\n\t\t\t\t\t<\/div>\n\t\t<\/div>\n\t\t\t\t\t\t\t<\/div>\n\t\t<\/section>\n\t\t\t\t\t\t\t<\/div>\n\t\t","protected":false},"excerpt":{"rendered":"<p>Ciudad de M\u00e9xico. 21 de enero 2025.- La Presidenta Claudia Sheinbaum Pardo reiter\u00f3 que el Gobierno de M\u00e9xico brindar\u00e1 todo el apoyo a las y los migrantes mexicanos en Estados Unidos, a trav\u00e9s de la Estrategia de Repatriaci\u00f3n M\u00e9xico te abraza, un programa integral de acompa\u00f1amiento a las y los connacionales en caso de deportaci\u00f3n [&hellip;]<\/p>\n","protected":false},"author":1,"featured_media":68591,"comment_status":"closed","ping_status":"closed","sticky":false,"template":"","format":"standard","meta":[],"categories":[3],"tags":[],"_links":{"self":[{"href":"https:\/\/www.diarionoti7.com.mx\/index.php?rest_route=\/wp\/v2\/posts\/68589"}],"collection":[{"href":"https:\/\/www.diarionoti7.com.mx\/index.php?rest_route=\/wp\/v2\/posts"}],"about":[{"href":"https:\/\/www.diarionoti7.com.mx\/index.php?rest_route=\/wp\/v2\/types\/post"}],"author":[{"embeddable":true,"href":"https:\/\/www.diarionoti7.com.mx\/index.php?rest_route=\/wp\/v2\/users\/1"}],"replies":[{"embeddable":true,"href":"https:\/\/www.diarionoti7.com.mx\/index.php?rest_route=%2Fwp%2Fv2%2Fcomments&post=68589"}],"version-history":[{"count":4,"href":"https:\/\/www.diarionoti7.com.mx\/index.php?rest_route=\/wp\/v2\/posts\/68589\/revisions"}],"predecessor-version":[{"id":68594,"href":"https:\/\/www.diarionoti7.com.mx\/index.php?rest_route=\/wp\/v2\/posts\/68589\/revisions\/68594"}],"wp:featuredmedia":[{"embeddable":true,"href":"https:\/\/www.diarionoti7.com.mx\/index.php?rest_route=\/wp\/v2\/media\/68591"}],"wp:attachment":[{"href":"https:\/\/www.diarionoti7.com.mx\/index.php?rest_route=%2Fwp%2Fv2%2Fmedia&parent=68589"}],"wp:term":[{"taxonomy":"category","embeddable":true,"href":"https:\/\/www.diarionoti7.com.mx\/index.php?rest_route=%2Fwp%2Fv2%2Fcategories&post=68589"},{"taxonomy":"post_tag","embeddable":true,"href":"https:\/\/www.diarionoti7.com.mx\/index.php?rest_route=%2Fwp%2Fv2%2Ftags&post=68589"}],"curies":[{"name":"wp","href":"https:\/\/api.w.org\/{rel}","templated":true}]}}