{"id":68482,"date":"2025-01-21T08:48:52","date_gmt":"2025-01-21T08:48:52","guid":{"rendered":"https:\/\/www.diarionoti7.com.mx\/?p=68482"},"modified":"2025-01-21T19:49:41","modified_gmt":"2025-01-21T19:49:41","slug":"hidalgo-avanza-en-labores-de-seguridad-76-municipios-estan-incorporados-al-mando-coordinado","status":"publish","type":"post","link":"https:\/\/www.diarionoti7.com.mx\/?p=68482","title":{"rendered":"Hidalgo Avanza en Labores de Seguridad, 76 municipios Est\u00e1n Incorporados al Mando Coordinado"},"content":{"rendered":"\t\t<div data-elementor-type=\"wp-post\" data-elementor-id=\"68482\" class=\"elementor elementor-68482\">\n\t\t\t\t\t\t\t\t\t<section class=\"elementor-section elementor-top-section elementor-element elementor-element-c09b8f0 elementor-section-boxed elementor-section-height-default elementor-section-height-default\" data-id=\"c09b8f0\" data-element_type=\"section\">\n\t\t\t\t\t\t<div class=\"elementor-container elementor-column-gap-default\">\n\t\t\t\t\t<div class=\"elementor-column elementor-col-100 elementor-top-column elementor-element elementor-element-955a561\" data-id=\"955a561\" data-element_type=\"column\">\n\t\t\t<div class=\"elementor-widget-wrap elementor-element-populated\">\n\t\t\t\t\t\t\t\t<div class=\"elementor-element elementor-element-0ce869c elementor-widget elementor-widget-text-editor\" data-id=\"0ce869c\" data-element_type=\"widget\" data-widget_type=\"text-editor.default\">\n\t\t\t\t<div class=\"elementor-widget-container\">\n\t\t\t<style>\/*! elementor - v3.10.2 - 29-01-2023 *\/\n.elementor-widget-text-editor.elementor-drop-cap-view-stacked .elementor-drop-cap{background-color:#818a91;color:#fff}.elementor-widget-text-editor.elementor-drop-cap-view-framed .elementor-drop-cap{color:#818a91;border:3px solid;background-color:transparent}.elementor-widget-text-editor:not(.elementor-drop-cap-view-default) .elementor-drop-cap{margin-top:8px}.elementor-widget-text-editor:not(.elementor-drop-cap-view-default) .elementor-drop-cap-letter{width:1em;height:1em}.elementor-widget-text-editor .elementor-drop-cap{float:left;text-align:center;line-height:1;font-size:50px}.elementor-widget-text-editor .elementor-drop-cap-letter{display:inline-block}<\/style>\t\t\t\t<p><strong>Pachuca, Hgo., 19 de enero de 2025.- <\/strong>Los municipios de San Salvador y Tepetitl\u00e1n se incorporaron al Mando Coordinado, un mecanismo de la Secretar\u00eda de Seguridad P\u00fablica estatal que fortalece la colaboraci\u00f3n entre los diferentes niveles de gobierno y optimiza la capacidad de respuesta de los cuerpos policiales.<\/p><p>As\u00ed lo dio a conocer el gobernador Julio Menchaca, al encabezar la reuni\u00f3n semanal del Gabinete de Seguridad.<\/p><p>El mandatario estatal reconoci\u00f3 a quienes integran el H. Cuerpo de Bomberos, ya que su actuar oportuno ha permitido atender llamados de auxilio de la poblaci\u00f3n hidalguense, como el traslado de una mujer en labor de parto que se encontraba en la colonia San Bartolo, en Pachuca.<\/p><p>Tambi\u00e9n destac\u00f3 su r\u00e1pida acci\u00f3n para sofocar dos incendios registrados en el municipio de Tezontepec de Aldama y en la colonia Villas de Pachuca, en la capital hidalguense.<\/p><p>Julio Menchaca inform\u00f3 que agentes de la Polic\u00eda Violeta lograron rescatar a dos menores de edad que eran v\u00edctimas de violencia dom\u00e9stica en Mineral de la Reforma, por lo que exhort\u00f3 a la ciudadan\u00eda a hacer uso responsable de las l\u00edneas de Emergencia 911 y de Denuncia An\u00f3nima 089.<\/p><p>Finalmente, el gobernador record\u00f3 que uno de los ejes de la Estrategia de Seguridad de su administraci\u00f3n es la atenci\u00f3n a las problem\u00e1ticas desde la ra\u00edz.<\/p><p>Por lo anterior, el Centro Estatal de Prevenci\u00f3n Social de la Violencia, la Delincuencia y Participaci\u00f3n Ciudadana realiz\u00f3 siete presentaciones en escuelas de educaci\u00f3n b\u00e1sica y del sector privado, entre las que se incluyen dos Jornadas por la Paz y Seguridad, llevadas a cabo en plazas principales de cinco municipios.<\/p><p>\u00a0<\/p>\t\t\t\t\t\t<\/div>\n\t\t\t\t<\/div>\n\t\t\t\t\t<\/div>\n\t\t<\/div>\n\t\t\t\t\t\t\t<\/div>\n\t\t<\/section>\n\t\t\t\t\t\t\t<\/div>\n\t\t","protected":false},"excerpt":{"rendered":"<p>Pachuca, Hgo., 19 de enero de 2025.- Los municipios de San Salvador y Tepetitl\u00e1n se incorporaron al Mando Coordinado, un mecanismo de la Secretar\u00eda de Seguridad P\u00fablica estatal que fortalece la colaboraci\u00f3n entre los diferentes niveles de gobierno y optimiza la capacidad de respuesta de los cuerpos policiales. As\u00ed lo dio a conocer el gobernador [&hellip;]<\/p>\n","protected":false},"author":1,"featured_media":68484,"comment_status":"closed","ping_status":"closed","sticky":false,"template":"","format":"standard","meta":[],"categories":[3],"tags":[],"_links":{"self":[{"href":"https:\/\/www.diarionoti7.com.mx\/index.php?rest_route=\/wp\/v2\/posts\/68482"}],"collection":[{"href":"https:\/\/www.diarionoti7.com.mx\/index.php?rest_route=\/wp\/v2\/posts"}],"about":[{"href":"https:\/\/www.diarionoti7.com.mx\/index.php?rest_route=\/wp\/v2\/types\/post"}],"author":[{"embeddable":true,"href":"https:\/\/www.diarionoti7.com.mx\/index.php?rest_route=\/wp\/v2\/users\/1"}],"replies":[{"embeddable":true,"href":"https:\/\/www.diarionoti7.com.mx\/index.php?rest_route=%2Fwp%2Fv2%2Fcomments&post=68482"}],"version-history":[{"count":4,"href":"https:\/\/www.diarionoti7.com.mx\/index.php?rest_route=\/wp\/v2\/posts\/68482\/revisions"}],"predecessor-version":[{"id":68487,"href":"https:\/\/www.diarionoti7.com.mx\/index.php?rest_route=\/wp\/v2\/posts\/68482\/revisions\/68487"}],"wp:featuredmedia":[{"embeddable":true,"href":"https:\/\/www.diarionoti7.com.mx\/index.php?rest_route=\/wp\/v2\/media\/68484"}],"wp:attachment":[{"href":"https:\/\/www.diarionoti7.com.mx\/index.php?rest_route=%2Fwp%2Fv2%2Fmedia&parent=68482"}],"wp:term":[{"taxonomy":"category","embeddable":true,"href":"https:\/\/www.diarionoti7.com.mx\/index.php?rest_route=%2Fwp%2Fv2%2Fcategories&post=68482"},{"taxonomy":"post_tag","embeddable":true,"href":"https:\/\/www.diarionoti7.com.mx\/index.php?rest_route=%2Fwp%2Fv2%2Ftags&post=68482"}],"curies":[{"name":"wp","href":"https:\/\/api.w.org\/{rel}","templated":true}]}}