{"id":6771,"date":"2023-04-19T18:01:53","date_gmt":"2023-04-19T18:01:53","guid":{"rendered":"https:\/\/www.diarionoti7.com.mx\/?p=6771"},"modified":"2023-04-19T18:02:36","modified_gmt":"2023-04-19T18:02:36","slug":"realiza-dif-hidalgo-mesa-de-trabajo-con-diez-municipios-del-estado","status":"publish","type":"post","link":"https:\/\/www.diarionoti7.com.mx\/?p=6771","title":{"rendered":"Realiza DIF Hidalgo Mesa de Trabajo Con Diez Municipios del Estado"},"content":{"rendered":"\t\t<div data-elementor-type=\"wp-post\" data-elementor-id=\"6771\" class=\"elementor elementor-6771\">\n\t\t\t\t\t\t\t\t\t<section class=\"elementor-section elementor-top-section elementor-element elementor-element-51c23a4c elementor-section-boxed elementor-section-height-default elementor-section-height-default\" data-id=\"51c23a4c\" data-element_type=\"section\">\n\t\t\t\t\t\t<div class=\"elementor-container elementor-column-gap-default\">\n\t\t\t\t\t<div class=\"elementor-column elementor-col-100 elementor-top-column elementor-element elementor-element-7d2e0b6e\" data-id=\"7d2e0b6e\" data-element_type=\"column\">\n\t\t\t<div class=\"elementor-widget-wrap elementor-element-populated\">\n\t\t\t\t\t\t\t\t<div class=\"elementor-element elementor-element-2f2290cd elementor-widget elementor-widget-text-editor\" data-id=\"2f2290cd\" data-element_type=\"widget\" data-widget_type=\"text-editor.default\">\n\t\t\t\t<div class=\"elementor-widget-container\">\n\t\t\t<style>\/*! elementor - v3.10.2 - 29-01-2023 *\/\n.elementor-widget-text-editor.elementor-drop-cap-view-stacked .elementor-drop-cap{background-color:#818a91;color:#fff}.elementor-widget-text-editor.elementor-drop-cap-view-framed .elementor-drop-cap{color:#818a91;border:3px solid;background-color:transparent}.elementor-widget-text-editor:not(.elementor-drop-cap-view-default) .elementor-drop-cap{margin-top:8px}.elementor-widget-text-editor:not(.elementor-drop-cap-view-default) .elementor-drop-cap-letter{width:1em;height:1em}.elementor-widget-text-editor .elementor-drop-cap{float:left;text-align:center;line-height:1;font-size:50px}.elementor-widget-text-editor .elementor-drop-cap-letter{display:inline-block}<\/style>\t\t\t\t<p><strong>*Encabeza Edda Vite la primera Reuni\u00f3n Regional entre DIFH y SMDIF<\/strong><\/p><p><strong>*Mejorar servicios a grupos prioritarios es fundamental para lograr el Hidalgo que queremos\u00a0 <\/strong><\/p><p><strong>Pachuca, Hgo. 18 de abril de 2023.-<\/strong>Edda Vite, presidenta del Patronato del Sistema DIF Hidalgo, dio inicio a las Reuniones Regionales para el Fortalecimiento de los Sistemas Municipales DIF, con el fin de fortalecer su rol preponderante en la administraci\u00f3n p\u00fablica estatal.<\/p><p>El arranque de este proyecto tuvo como municipio anfitri\u00f3n a Tula de Allende, donde se reunieron los SMDIF pertenecientes a la Regi\u00f3n 1: Ajacuba, Atitalaquia, Atotonilco de Tula, Tepeji del R\u00edo, Tetepango, Tepetitl\u00e1n, Tezontepec, Tlahuelilpan y Tlaxcoapan. El principal objetivo de la reuni\u00f3n consisti\u00f3 en vincular las acciones y pol\u00edticas implementadas en materia de asistencia social, programas alimentarios, de salud y terapia, as\u00ed como procuraci\u00f3n de los derechos de grupos prioritarios.<\/p><p>Al respecto, Vite asegur\u00f3 que el contacto continuo con la poblaci\u00f3n permite encontrar mejores alternativas de soluci\u00f3n a las problem\u00e1ticas de cada hidalguense perteneciente a grupos prioritarios. Asimismo, aprovech\u00f3 para enfatizar que se est\u00e1 recuperando el Sistema DIF Hidalgo a nivel estatal y municipal. \u201cEl trabajo est\u00e1 aqu\u00ed, en comunicaci\u00f3n con todas y cada una de ustedes. Engrandezcamos los programas que tenemos, conozcamos qu\u00e9 estamos haciendo. Necesitamos hacer labor para trabajar en equipo. Juntas vamos a lograr el Hidalgo que queremos\u201d, puntualiz\u00f3.<\/p><p>Este ejercicio, realizado por primera vez en la historia, permiti\u00f3 a las y los integrantes de la Familia DIFH exponer diagn\u00f3sticos, programas y proyectos que podr\u00e1n ser retomados por las autoridades de los Sistemas Municipales, los cuales, a trav\u00e9s de sus titulares, aportaron comentarios y propuestas para mejorar los servicios ofrecidos de manera local a los grupos prioritarios de los municipios de la Regi\u00f3n 1.<\/p><p>Al t\u00e9rmino de esta primera reuni\u00f3n, Edda Vite, en compa\u00f1\u00eda de Karina Mej\u00eda, presidenta del Sistema DIF Tula, realiz\u00f3 un recorrido por infraestructura del Sistema DIF, en el cual pudo apreciar el coraz\u00f3n de las instalaciones del Programa de Atenci\u00f3n a Menores y Adolescentes en Riesgo (PAMAR) municipal, donde se atienden a 30 ni\u00f1as y ni\u00f1os. Cabe destacar que dicho programa tambi\u00e9n lleva servicios a otro grupo de 20 infantes en la localidad de Michimaloya, al occidente de las oficinas centrales del DIF.<\/p><p>Posteriormente, la Familia DIFH acudi\u00f3 al Centro de Atenci\u00f3n Infantil Comunitario (CAIC) de la regi\u00f3n y a la Unidad B\u00e1sica de Rehabilitaci\u00f3n (UBR), misma que actualmente brinda servicios integrales a los grupos prioritarios que son canalizados desde los municipios, localidades y comunidades aleda\u00f1as a la cabecera.<\/p><p>\u00a0<\/p>\t\t\t\t\t\t<\/div>\n\t\t\t\t<\/div>\n\t\t\t\t\t<\/div>\n\t\t<\/div>\n\t\t\t\t\t\t\t<\/div>\n\t\t<\/section>\n\t\t\t\t\t\t\t<\/div>\n\t\t","protected":false},"excerpt":{"rendered":"<p>*Encabeza Edda Vite la primera Reuni\u00f3n Regional entre DIFH y SMDIF *Mejorar servicios a grupos prioritarios es fundamental para lograr el Hidalgo que queremos\u00a0 Pachuca, Hgo. 18 de abril de 2023.-Edda Vite, presidenta del Patronato del Sistema DIF Hidalgo, dio inicio a las Reuniones Regionales para el Fortalecimiento de los Sistemas Municipales DIF, con el [&hellip;]<\/p>\n","protected":false},"author":1,"featured_media":6773,"comment_status":"closed","ping_status":"closed","sticky":false,"template":"","format":"standard","meta":[],"categories":[7],"tags":[],"_links":{"self":[{"href":"https:\/\/www.diarionoti7.com.mx\/index.php?rest_route=\/wp\/v2\/posts\/6771"}],"collection":[{"href":"https:\/\/www.diarionoti7.com.mx\/index.php?rest_route=\/wp\/v2\/posts"}],"about":[{"href":"https:\/\/www.diarionoti7.com.mx\/index.php?rest_route=\/wp\/v2\/types\/post"}],"author":[{"embeddable":true,"href":"https:\/\/www.diarionoti7.com.mx\/index.php?rest_route=\/wp\/v2\/users\/1"}],"replies":[{"embeddable":true,"href":"https:\/\/www.diarionoti7.com.mx\/index.php?rest_route=%2Fwp%2Fv2%2Fcomments&post=6771"}],"version-history":[{"count":4,"href":"https:\/\/www.diarionoti7.com.mx\/index.php?rest_route=\/wp\/v2\/posts\/6771\/revisions"}],"predecessor-version":[{"id":6776,"href":"https:\/\/www.diarionoti7.com.mx\/index.php?rest_route=\/wp\/v2\/posts\/6771\/revisions\/6776"}],"wp:featuredmedia":[{"embeddable":true,"href":"https:\/\/www.diarionoti7.com.mx\/index.php?rest_route=\/wp\/v2\/media\/6773"}],"wp:attachment":[{"href":"https:\/\/www.diarionoti7.com.mx\/index.php?rest_route=%2Fwp%2Fv2%2Fmedia&parent=6771"}],"wp:term":[{"taxonomy":"category","embeddable":true,"href":"https:\/\/www.diarionoti7.com.mx\/index.php?rest_route=%2Fwp%2Fv2%2Fcategories&post=6771"},{"taxonomy":"post_tag","embeddable":true,"href":"https:\/\/www.diarionoti7.com.mx\/index.php?rest_route=%2Fwp%2Fv2%2Ftags&post=6771"}],"curies":[{"name":"wp","href":"https:\/\/api.w.org\/{rel}","templated":true}]}}