{"id":6759,"date":"2023-04-19T17:58:19","date_gmt":"2023-04-19T17:58:19","guid":{"rendered":"https:\/\/www.diarionoti7.com.mx\/?p=6759"},"modified":"2023-04-19T17:59:49","modified_gmt":"2023-04-19T17:59:49","slug":"natividad-castrejon-entrego-techumbres-en-las-escuelas-de-san-agustin-metzquititlan-y-zacualtipan","status":"publish","type":"post","link":"https:\/\/www.diarionoti7.com.mx\/?p=6759","title":{"rendered":"Natividad Castrej\u00f3n Entreg\u00f3 Techumbres en las Escuelas de San Agust\u00edn Metzquititl\u00e1n y Zacualtip\u00e1n"},"content":{"rendered":"\t\t<div data-elementor-type=\"wp-post\" data-elementor-id=\"6759\" class=\"elementor elementor-6759\">\n\t\t\t\t\t\t\t\t\t<section class=\"elementor-section elementor-top-section elementor-element elementor-element-51c23a4c elementor-section-boxed elementor-section-height-default elementor-section-height-default\" data-id=\"51c23a4c\" data-element_type=\"section\">\n\t\t\t\t\t\t<div class=\"elementor-container elementor-column-gap-default\">\n\t\t\t\t\t<div class=\"elementor-column elementor-col-100 elementor-top-column elementor-element elementor-element-7d2e0b6e\" data-id=\"7d2e0b6e\" data-element_type=\"column\">\n\t\t\t<div class=\"elementor-widget-wrap elementor-element-populated\">\n\t\t\t\t\t\t\t\t<div class=\"elementor-element elementor-element-2f2290cd elementor-widget elementor-widget-text-editor\" data-id=\"2f2290cd\" data-element_type=\"widget\" data-widget_type=\"text-editor.default\">\n\t\t\t\t<div class=\"elementor-widget-container\">\n\t\t\t<style>\/*! elementor - v3.10.2 - 29-01-2023 *\/\n.elementor-widget-text-editor.elementor-drop-cap-view-stacked .elementor-drop-cap{background-color:#818a91;color:#fff}.elementor-widget-text-editor.elementor-drop-cap-view-framed .elementor-drop-cap{color:#818a91;border:3px solid;background-color:transparent}.elementor-widget-text-editor:not(.elementor-drop-cap-view-default) .elementor-drop-cap{margin-top:8px}.elementor-widget-text-editor:not(.elementor-drop-cap-view-default) .elementor-drop-cap-letter{width:1em;height:1em}.elementor-widget-text-editor .elementor-drop-cap{float:left;text-align:center;line-height:1;font-size:50px}.elementor-widget-text-editor .elementor-drop-cap-letter{display:inline-block}<\/style>\t\t\t\t<p><strong>*<\/strong> <strong>El titular de la SEPH, solicit\u00f3 a las y los directivos y docentes que desarrollen la estrategia nacional de la campa\u00f1a \u201cSi te drogas, te da\u00f1as\u201d<\/strong><\/p><p><strong>Pachuca, Hgo. 18 de abril de 2023.-<\/strong>Con el objetivo de estar en contacto con el sector educativo para brindar acompa\u00f1amiento, soluciones concretas a sus necesidades y con esto se logre la trasformaci\u00f3n en Hidalgo, tal y como es instrucci\u00f3n del gobernador Julio Menchaca Salazar, el secretario de Educaci\u00f3n P\u00fablica de Hidalgo, Natividad Castrej\u00f3n Valdez, realiz\u00f3 una gira de trabajo por los municipios de San Agust\u00edn Metzquititl\u00e1n y Zacualtip\u00e1n.<\/p><p>Con la visita a la Escuela Primaria \u201cMelchor Ocampo\u201d Barrio Estetipa del municipio de San Agust\u00edn Metzquititl\u00e1n, Natividad Castrej\u00f3n dio inicio a su recorrido por diversas escuelas, en donde entreg\u00f3 la construcci\u00f3n de techumbre de la cancha de usos m\u00faltiples, con una inversi\u00f3n de un mill\u00f3n 650 mil pesos.<\/p><p>Ah\u00ed, el titular de la SEPH se\u00f1al\u00f3 que el gobernador ha hecho el firme compromiso de acercar todos los recursos al alcance, para mejorar las condiciones en las cuales los docentes y estudiantes ejecutan su quehacer cotidiano.<\/p><p>Invit\u00f3 a la comunidad educativa a que fortalezcan las actividades que realizan para cuidar y conservar sus instalaciones, a fin de mantenerlas en \u00f3ptimo estado, contribuyendo con esto a brindar un servicio educativo de la calidad y pertinencia que requieren las y los alumnos.<\/p><p>Cabe destacar que en esta sede tambi\u00e9n estuvieron presentes las y los docentes y estudiantes de la Escuela Secundaria \u201cNicandro Castillo\u201d y la Telesecundaria 56 \u201cBenito Ju\u00e1rez\u201d.<\/p><p>Posteriormente, en la Escuela Primaria Rural \u201cProfr. Alfonso Hern\u00e1ndez\u201d de San Nicol\u00e1s Atecoxco del municipio de San Agust\u00edn Metzquititl\u00e1n, realiz\u00f3 la entrega oficial de la techumbre de la cancha de usos m\u00faltiples, que beneficiar\u00e1 a 60 ni\u00f1as y ni\u00f1os, y ser\u00e1 de gran utilidad en la realizaci\u00f3n de sus ceremonias c\u00edvico-sociales, eventos culturales, pr\u00e1cticas deportivas y actividades recreativas.<\/p><p>En dicho lugar se\u00f1al\u00f3 que, no hay escuela peque\u00f1a pues para esta administraci\u00f3n es importante visitar todas las regiones, \u201cporque lo importante son las ni\u00f1as y los ni\u00f1os, y con ellos se lograr\u00e1 la transformaci\u00f3n de nuestro estado\u201d.<\/p><p>Apunt\u00f3 que para lograr tal objetivo se cuenta con el incondicional apoyo de las autoridades municipales, de la localidad y de los padres de familia, quienes est\u00e1n muy atentos, pero sobre todo dispuestos a colaborar en todas las acciones que se impulsan, para que las escuelas cuenten con los espacios f\u00edsicos, equipos y materiales necesarios en las labores educativas.<\/p><p>Adem\u00e1s de convivir con alumnos, docentes y padres de familia de dicho plantel, tambi\u00e9n lo hizo con los visitantes de las escuelas que se encuentran en la comunidad, como lo es la Telesecundaria 288 y el Jard\u00edn de Ni\u00f1os Profra Carlota L\u00f3pez Hinojosa.<\/p><p>Siguiendo el recorrido por el municipio de San Agust\u00edn Metzquititl\u00e1n, se visit\u00f3 la\u00a0\u00a0 Telesecundaria No. 361, de la comunidad de Tuzanapa, en donde se realiz\u00f3 la entrega de la construcci\u00f3n de techumbre, con una inversi\u00f3n de 935 mil pesos. Ah\u00ed el secretario Natividad Castrej\u00f3n reafirm\u00f3 el compromiso del actual gobierno, para seguir trabajando con la finalidad de atender las carencias y problemas que presentan las escuelas; \u201cqueridos maestros y alumnos, recuerden que nuestro porvenir est\u00e1 fincado en su entrega y compromiso, ya que ustedes son nuestro mejor recurso para garantizar a la sociedad de que vamos por buen camino y con rumbo bien definido\u201d.<\/p><p>Las y los estudiantes, docentes y padres de familia que estuvieron de visita fueron: del Jard\u00edn de Ni\u00f1os Quetzalcoatl, la Telesecundaria 462 de Tizapan y la Telesecundaria 157 La Mojonera del municipio de Zacualtip\u00e1n.<\/p><p>En el municipio de Zacualtip\u00e1n, el titular de la SEPH realiz\u00f3 recorrido en la Universidad Tecnol\u00f3gica de la Sierra Hidalguense (UTSH), en donde convivi\u00f3 y escuch\u00f3 a las y los estudiantes y docentes de dicha instituci\u00f3n.<\/p><p>Es importante mencionar que, en todas las escuelas visitadas, el titular de la SEPH, solicit\u00f3 a las y los directivos y docentes que desarrollen la estrategia nacional de la campa\u00f1a \u201cSi te drogas, te da\u00f1as\u201d, que desde el 17 de abril se implement\u00f3 en todas las escuelas de educaci\u00f3n secundaria y de media superior del estado.<\/p><p>Finalmente, en las oficinas de los Servicios Regionales del municipio de Zacualtip\u00e1n, el secretario Natividad Castrej\u00f3n entreg\u00f3 mobiliario y material necesario para llevar a cabo la tarea educativa a los jardines de ni\u00f1os de las comunidades de Atecoxco, Coatempa, Zacatipan, San Miguel y Tonchintl\u00e1n del municipio de Tianguistengo.<\/p><p>En dicha gira participaron las subsecretar\u00edas de Educaci\u00f3n B\u00e1sica, Myrl\u00e9n Salas Dorantes, y de Administraci\u00f3n y Finanzas, Maricarmen Margarita Mandujano Cerrilla; el subsecretario de Educaci\u00f3n Media Superior y Superior, Daniel Fragoso Torres; la directora general de Servicios Regionales, Josefina Serrano Bautista; el presidente Municipal Constitucional de San Agust\u00edn Metzquititl\u00e1n, Manuel T\u00e9llez Romero; el presidente Municipal Constitucional de Zacualtip\u00e1n de \u00c1ngeles, Edgar Josu\u00e9 Moreno Gayosso; el director de la Primaria \u201cMelchor Ocampo\u201d, David Castillo \u00c1ngeles; el director de la Primaria \u201cProfr. Alfonso Hern\u00e1ndez\u201d, Pedro R\u00edos Escamilla; el rector de la UTSH, Beder Rodr\u00edguez Villegas, entre otros miembros de la comunidad educativa.<\/p>\t\t\t\t\t\t<\/div>\n\t\t\t\t<\/div>\n\t\t\t\t\t<\/div>\n\t\t<\/div>\n\t\t\t\t\t\t\t<\/div>\n\t\t<\/section>\n\t\t\t\t\t\t\t<\/div>\n\t\t","protected":false},"excerpt":{"rendered":"<p>* El titular de la SEPH, solicit\u00f3 a las y los directivos y docentes que desarrollen la estrategia nacional de la campa\u00f1a \u201cSi te drogas, te da\u00f1as\u201d Pachuca, Hgo. 18 de abril de 2023.-Con el objetivo de estar en contacto con el sector educativo para brindar acompa\u00f1amiento, soluciones concretas a sus necesidades y con esto [&hellip;]<\/p>\n","protected":false},"author":1,"featured_media":6761,"comment_status":"closed","ping_status":"closed","sticky":false,"template":"","format":"standard","meta":[],"categories":[4],"tags":[],"_links":{"self":[{"href":"https:\/\/www.diarionoti7.com.mx\/index.php?rest_route=\/wp\/v2\/posts\/6759"}],"collection":[{"href":"https:\/\/www.diarionoti7.com.mx\/index.php?rest_route=\/wp\/v2\/posts"}],"about":[{"href":"https:\/\/www.diarionoti7.com.mx\/index.php?rest_route=\/wp\/v2\/types\/post"}],"author":[{"embeddable":true,"href":"https:\/\/www.diarionoti7.com.mx\/index.php?rest_route=\/wp\/v2\/users\/1"}],"replies":[{"embeddable":true,"href":"https:\/\/www.diarionoti7.com.mx\/index.php?rest_route=%2Fwp%2Fv2%2Fcomments&post=6759"}],"version-history":[{"count":4,"href":"https:\/\/www.diarionoti7.com.mx\/index.php?rest_route=\/wp\/v2\/posts\/6759\/revisions"}],"predecessor-version":[{"id":6764,"href":"https:\/\/www.diarionoti7.com.mx\/index.php?rest_route=\/wp\/v2\/posts\/6759\/revisions\/6764"}],"wp:featuredmedia":[{"embeddable":true,"href":"https:\/\/www.diarionoti7.com.mx\/index.php?rest_route=\/wp\/v2\/media\/6761"}],"wp:attachment":[{"href":"https:\/\/www.diarionoti7.com.mx\/index.php?rest_route=%2Fwp%2Fv2%2Fmedia&parent=6759"}],"wp:term":[{"taxonomy":"category","embeddable":true,"href":"https:\/\/www.diarionoti7.com.mx\/index.php?rest_route=%2Fwp%2Fv2%2Fcategories&post=6759"},{"taxonomy":"post_tag","embeddable":true,"href":"https:\/\/www.diarionoti7.com.mx\/index.php?rest_route=%2Fwp%2Fv2%2Ftags&post=6759"}],"curies":[{"name":"wp","href":"https:\/\/api.w.org\/{rel}","templated":true}]}}