{"id":6753,"date":"2023-04-19T17:57:16","date_gmt":"2023-04-19T17:57:16","guid":{"rendered":"https:\/\/www.diarionoti7.com.mx\/?p=6753"},"modified":"2023-04-19T17:58:13","modified_gmt":"2023-04-19T17:58:13","slug":"lanzan-campana-turistica-tulancingo-eres-tu","status":"publish","type":"post","link":"https:\/\/www.diarionoti7.com.mx\/?p=6753","title":{"rendered":"Lanzan Campa\u00f1a Tur\u00edstica \u00abTulancingo eres t\u00fa\u00bb"},"content":{"rendered":"\t\t<div data-elementor-type=\"wp-post\" data-elementor-id=\"6753\" class=\"elementor elementor-6753\">\n\t\t\t\t\t\t\t\t\t<section class=\"elementor-section elementor-top-section elementor-element elementor-element-51c23a4c elementor-section-boxed elementor-section-height-default elementor-section-height-default\" data-id=\"51c23a4c\" data-element_type=\"section\">\n\t\t\t\t\t\t<div class=\"elementor-container elementor-column-gap-default\">\n\t\t\t\t\t<div class=\"elementor-column elementor-col-100 elementor-top-column elementor-element elementor-element-7d2e0b6e\" data-id=\"7d2e0b6e\" data-element_type=\"column\">\n\t\t\t<div class=\"elementor-widget-wrap elementor-element-populated\">\n\t\t\t\t\t\t\t\t<div class=\"elementor-element elementor-element-2f2290cd elementor-widget elementor-widget-text-editor\" data-id=\"2f2290cd\" data-element_type=\"widget\" data-widget_type=\"text-editor.default\">\n\t\t\t\t<div class=\"elementor-widget-container\">\n\t\t\t<style>\/*! elementor - v3.10.2 - 29-01-2023 *\/\n.elementor-widget-text-editor.elementor-drop-cap-view-stacked .elementor-drop-cap{background-color:#818a91;color:#fff}.elementor-widget-text-editor.elementor-drop-cap-view-framed .elementor-drop-cap{color:#818a91;border:3px solid;background-color:transparent}.elementor-widget-text-editor:not(.elementor-drop-cap-view-default) .elementor-drop-cap{margin-top:8px}.elementor-widget-text-editor:not(.elementor-drop-cap-view-default) .elementor-drop-cap-letter{width:1em;height:1em}.elementor-widget-text-editor .elementor-drop-cap{float:left;text-align:center;line-height:1;font-size:50px}.elementor-widget-text-editor .elementor-drop-cap-letter{display:inline-block}<\/style>\t\t\t\t<p><strong><em>El alcalde Jorge M\u00e1rquez firm\u00f3 un convenio de colaboraci\u00f3n con siete municipios para fortalecer la promoci\u00f3n tur\u00edstica<\/em><\/strong><\/p><p><strong>Tulancingo, Hgo. 18 de abril 2023.- <\/strong>Con el acompa\u00f1amiento de funcionarios municipales y estatales, el gobierno de Jorge M\u00e1rquez Alvarado present\u00f3 la campa\u00f1a<em>\u00a0\u00abTulancingo eres t\u00fa\u00bb<\/em>, y acord\u00f3 una alianza con siete demarcaciones de\u00a0Hidalgo, Estado de M\u00e9xico y Veracruz\u00a0para trabajar de la mano en la promoci\u00f3n tur\u00edstica.<\/p><p>Desde la presidencia municipal, el edil Jorge M\u00e1rquez agradeci\u00f3 el respaldo de los ayuntamientos de Huasca, Acaxochitl\u00e1n, Cuautepec, Mineral del Chico, y Omitl\u00e1n, as\u00ed como de Teotihuac\u00e1n, del Estado de M\u00e9xico; y Tuxpan, Veracruz, para formar equipo a fin de mejor el sector tur\u00edstico.<\/p><p>El mandatario local reconoci\u00f3 la capacitaci\u00f3n que recibieron agentes de seguridad, y tr\u00e1nsito y vialidad, as\u00ed como conductores del transporte p\u00fablico y ciudadanos, quienes son el primer contacto con las y los turistas que llegan a Tulancingo.<\/p><p><em>\u00abEn esta alianza todo se puede y todos caben\u00bb<\/em>, dijo M\u00e1rquez al asegurar que las acciones se vincular\u00e1n pues se busca complementarse entre municipios.<\/p><p>Finalmente, extendi\u00f3 la invitaci\u00f3n a las autoridades de las siete demarcaciones a acudir a la Expo Feria de Tulancingo, que\u00a0se desarrollar\u00e1 del 28 de julio al 13 de agosto, donde se buscar\u00e1 superar las 341 mil visitas que se registraron en 2022.<\/p><p>Por su parte, Salvador Navarrete Zorrilla, subsecretario de Turismo de Hidalgo, coincidi\u00f3 con el alcalde tulancinguense al considerar que las demarcaciones no son enemigas, al contrario, tienen el potencial de sobresalir y crecer como regi\u00f3n; adem\u00e1s, enfatiz\u00f3 que\u00a0Tulancingo tiene un gran potencial en materia tur\u00edstica, por lo que celebr\u00f3 las acciones presentadas este martes.<\/p><p>Cabe mencionar que, adem\u00e1s de la alianza intermunicipal y la capacitaci\u00f3n de promotores tur\u00edsticos, la campa\u00f1a \u00abTulancingo eres t\u00fa\u00bb incluye la creaci\u00f3n de pol\u00edticas p\u00fablicas en la materia y un nuevo sitio virtual con un mapa interactivo, cat\u00e1logo de prestadores de servicio, cronograma de eventos, y descuentos.<\/p>\t\t\t\t\t\t<\/div>\n\t\t\t\t<\/div>\n\t\t\t\t\t<\/div>\n\t\t<\/div>\n\t\t\t\t\t\t\t<\/div>\n\t\t<\/section>\n\t\t\t\t\t\t\t<\/div>\n\t\t","protected":false},"excerpt":{"rendered":"<p>El alcalde Jorge M\u00e1rquez firm\u00f3 un convenio de colaboraci\u00f3n con siete municipios para fortalecer la promoci\u00f3n tur\u00edstica Tulancingo, Hgo. 18 de abril 2023.- Con el acompa\u00f1amiento de funcionarios municipales y estatales, el gobierno de Jorge M\u00e1rquez Alvarado present\u00f3 la campa\u00f1a\u00a0\u00abTulancingo eres t\u00fa\u00bb, y acord\u00f3 una alianza con siete demarcaciones de\u00a0Hidalgo, Estado de M\u00e9xico y Veracruz\u00a0para [&hellip;]<\/p>\n","protected":false},"author":1,"featured_media":6755,"comment_status":"closed","ping_status":"closed","sticky":false,"template":"","format":"standard","meta":[],"categories":[9],"tags":[],"_links":{"self":[{"href":"https:\/\/www.diarionoti7.com.mx\/index.php?rest_route=\/wp\/v2\/posts\/6753"}],"collection":[{"href":"https:\/\/www.diarionoti7.com.mx\/index.php?rest_route=\/wp\/v2\/posts"}],"about":[{"href":"https:\/\/www.diarionoti7.com.mx\/index.php?rest_route=\/wp\/v2\/types\/post"}],"author":[{"embeddable":true,"href":"https:\/\/www.diarionoti7.com.mx\/index.php?rest_route=\/wp\/v2\/users\/1"}],"replies":[{"embeddable":true,"href":"https:\/\/www.diarionoti7.com.mx\/index.php?rest_route=%2Fwp%2Fv2%2Fcomments&post=6753"}],"version-history":[{"count":4,"href":"https:\/\/www.diarionoti7.com.mx\/index.php?rest_route=\/wp\/v2\/posts\/6753\/revisions"}],"predecessor-version":[{"id":6758,"href":"https:\/\/www.diarionoti7.com.mx\/index.php?rest_route=\/wp\/v2\/posts\/6753\/revisions\/6758"}],"wp:featuredmedia":[{"embeddable":true,"href":"https:\/\/www.diarionoti7.com.mx\/index.php?rest_route=\/wp\/v2\/media\/6755"}],"wp:attachment":[{"href":"https:\/\/www.diarionoti7.com.mx\/index.php?rest_route=%2Fwp%2Fv2%2Fmedia&parent=6753"}],"wp:term":[{"taxonomy":"category","embeddable":true,"href":"https:\/\/www.diarionoti7.com.mx\/index.php?rest_route=%2Fwp%2Fv2%2Fcategories&post=6753"},{"taxonomy":"post_tag","embeddable":true,"href":"https:\/\/www.diarionoti7.com.mx\/index.php?rest_route=%2Fwp%2Fv2%2Ftags&post=6753"}],"curies":[{"name":"wp","href":"https:\/\/api.w.org\/{rel}","templated":true}]}}