{"id":6719,"date":"2023-04-18T17:22:30","date_gmt":"2023-04-18T17:22:30","guid":{"rendered":"https:\/\/www.diarionoti7.com.mx\/?p=6719"},"modified":"2023-04-18T17:23:41","modified_gmt":"2023-04-18T17:23:41","slug":"se-llevara-a-cabo-primera-audiencia-publica-en-zacualtipan-de-angeles","status":"publish","type":"post","link":"https:\/\/www.diarionoti7.com.mx\/?p=6719","title":{"rendered":"Se llevar\u00e1 a cabo primera Audiencia P\u00fablica en Zacualtip\u00e1n de \u00c1ngeles"},"content":{"rendered":"\t\t<div data-elementor-type=\"wp-post\" data-elementor-id=\"6719\" class=\"elementor elementor-6719\">\n\t\t\t\t\t\t\t\t\t<section class=\"elementor-section elementor-top-section elementor-element elementor-element-51c23a4c elementor-section-boxed elementor-section-height-default elementor-section-height-default\" data-id=\"51c23a4c\" data-element_type=\"section\">\n\t\t\t\t\t\t<div class=\"elementor-container elementor-column-gap-default\">\n\t\t\t\t\t<div class=\"elementor-column elementor-col-100 elementor-top-column elementor-element elementor-element-7d2e0b6e\" data-id=\"7d2e0b6e\" data-element_type=\"column\">\n\t\t\t<div class=\"elementor-widget-wrap elementor-element-populated\">\n\t\t\t\t\t\t\t\t<div class=\"elementor-element elementor-element-2f2290cd elementor-widget elementor-widget-text-editor\" data-id=\"2f2290cd\" data-element_type=\"widget\" data-widget_type=\"text-editor.default\">\n\t\t\t\t<div class=\"elementor-widget-container\">\n\t\t\t<style>\/*! elementor - v3.10.2 - 29-01-2023 *\/\n.elementor-widget-text-editor.elementor-drop-cap-view-stacked .elementor-drop-cap{background-color:#818a91;color:#fff}.elementor-widget-text-editor.elementor-drop-cap-view-framed .elementor-drop-cap{color:#818a91;border:3px solid;background-color:transparent}.elementor-widget-text-editor:not(.elementor-drop-cap-view-default) .elementor-drop-cap{margin-top:8px}.elementor-widget-text-editor:not(.elementor-drop-cap-view-default) .elementor-drop-cap-letter{width:1em;height:1em}.elementor-widget-text-editor .elementor-drop-cap{float:left;text-align:center;line-height:1;font-size:50px}.elementor-widget-text-editor .elementor-drop-cap-letter{display:inline-block}<\/style>\t\t\t\t<p><strong>Planear para transformar, encomienda de Julio Menchaca<\/strong><\/p><p><strong>Pachuca de Soto, Hidalgo a 17 de abril de 2023.-<\/strong>Con el objetivo de mantener un gobierno cercano al pueblo, se llevar\u00e1n a cabo Audiencias P\u00fablicas por instrucci\u00f3n del encargado del Ejecutivo estatal, Julio Menchaca Salazar. Estos ejercicios de participaci\u00f3n ciudadana sirven para identificar las necesidades y requerimientos de los hidalguenses, conocer de viva voz sus puntos de vista y las propuestas que permitir\u00e1n desarrollar programas espec\u00edficos, con el prop\u00f3sito de servir al pueblo de manera ordenada y transparente.<\/p><p>En ese tenor, el titular de la Unidad de Planeaci\u00f3n y Prospectiva, Miguel \u00c1ngel Tello Vargas, ha coordinado la realizaci\u00f3n de dichas audiencias cada mi\u00e9rcoles hasta el mes de julio. La primera de ellas ser\u00e1 el pr\u00f3ximo 19 de abril, en la regi\u00f3n de Zacualtip\u00e1n, con la participaci\u00f3n de las y los titulares de las secretar\u00edas del Gobierno del Estado, as\u00ed como miembros de la sociedad en general, quienes se dar\u00e1n cita en la Universidad Tecnol\u00f3gica de la Sierra Hidalguense.<\/p><p>Los municipios que forman parte de esta regi\u00f3n son: Atotonilco el Grande, Eloxochitl\u00e1n, Ju\u00e1rez Hidalgo, San Agust\u00edn Metzquititl\u00e1n, Metztitl\u00e1n, Molango de Escamilla, Tepehuac\u00e1n de Guerrero, Tianguistengo, Tlahuiltepa, Xochicoatl\u00e1n y Zacualtip\u00e1n de \u00c1ngeles.<\/p>\t\t\t\t\t\t<\/div>\n\t\t\t\t<\/div>\n\t\t\t\t\t<\/div>\n\t\t<\/div>\n\t\t\t\t\t\t\t<\/div>\n\t\t<\/section>\n\t\t\t\t\t\t\t<\/div>\n\t\t","protected":false},"excerpt":{"rendered":"<p>Planear para transformar, encomienda de Julio Menchaca Pachuca de Soto, Hidalgo a 17 de abril de 2023.-Con el objetivo de mantener un gobierno cercano al pueblo, se llevar\u00e1n a cabo Audiencias P\u00fablicas por instrucci\u00f3n del encargado del Ejecutivo estatal, Julio Menchaca Salazar. Estos ejercicios de participaci\u00f3n ciudadana sirven para identificar las necesidades y requerimientos de [&hellip;]<\/p>\n","protected":false},"author":1,"featured_media":6721,"comment_status":"closed","ping_status":"closed","sticky":false,"template":"","format":"standard","meta":[],"categories":[7],"tags":[],"_links":{"self":[{"href":"https:\/\/www.diarionoti7.com.mx\/index.php?rest_route=\/wp\/v2\/posts\/6719"}],"collection":[{"href":"https:\/\/www.diarionoti7.com.mx\/index.php?rest_route=\/wp\/v2\/posts"}],"about":[{"href":"https:\/\/www.diarionoti7.com.mx\/index.php?rest_route=\/wp\/v2\/types\/post"}],"author":[{"embeddable":true,"href":"https:\/\/www.diarionoti7.com.mx\/index.php?rest_route=\/wp\/v2\/users\/1"}],"replies":[{"embeddable":true,"href":"https:\/\/www.diarionoti7.com.mx\/index.php?rest_route=%2Fwp%2Fv2%2Fcomments&post=6719"}],"version-history":[{"count":4,"href":"https:\/\/www.diarionoti7.com.mx\/index.php?rest_route=\/wp\/v2\/posts\/6719\/revisions"}],"predecessor-version":[{"id":6724,"href":"https:\/\/www.diarionoti7.com.mx\/index.php?rest_route=\/wp\/v2\/posts\/6719\/revisions\/6724"}],"wp:featuredmedia":[{"embeddable":true,"href":"https:\/\/www.diarionoti7.com.mx\/index.php?rest_route=\/wp\/v2\/media\/6721"}],"wp:attachment":[{"href":"https:\/\/www.diarionoti7.com.mx\/index.php?rest_route=%2Fwp%2Fv2%2Fmedia&parent=6719"}],"wp:term":[{"taxonomy":"category","embeddable":true,"href":"https:\/\/www.diarionoti7.com.mx\/index.php?rest_route=%2Fwp%2Fv2%2Fcategories&post=6719"},{"taxonomy":"post_tag","embeddable":true,"href":"https:\/\/www.diarionoti7.com.mx\/index.php?rest_route=%2Fwp%2Fv2%2Ftags&post=6719"}],"curies":[{"name":"wp","href":"https:\/\/api.w.org\/{rel}","templated":true}]}}