{"id":6707,"date":"2023-04-18T17:17:32","date_gmt":"2023-04-18T17:17:32","guid":{"rendered":"https:\/\/www.diarionoti7.com.mx\/?p=6707"},"modified":"2023-04-18T17:18:52","modified_gmt":"2023-04-18T17:18:52","slug":"inicia-difh-jornadas-de-cirugias-esteticas-gratuitas-para-la-ninez-hidalguense","status":"publish","type":"post","link":"https:\/\/www.diarionoti7.com.mx\/?p=6707","title":{"rendered":"Inicia DIFH jornadas de cirug\u00edas est\u00e9ticas gratuitas para la ni\u00f1ez hidalguense"},"content":{"rendered":"\t\t<div data-elementor-type=\"wp-post\" data-elementor-id=\"6707\" class=\"elementor elementor-6707\">\n\t\t\t\t\t\t\t\t\t<section class=\"elementor-section elementor-top-section elementor-element elementor-element-51c23a4c elementor-section-boxed elementor-section-height-default elementor-section-height-default\" data-id=\"51c23a4c\" data-element_type=\"section\">\n\t\t\t\t\t\t<div class=\"elementor-container elementor-column-gap-default\">\n\t\t\t\t\t<div class=\"elementor-column elementor-col-100 elementor-top-column elementor-element elementor-element-7d2e0b6e\" data-id=\"7d2e0b6e\" data-element_type=\"column\">\n\t\t\t<div class=\"elementor-widget-wrap elementor-element-populated\">\n\t\t\t\t\t\t\t\t<div class=\"elementor-element elementor-element-2f2290cd elementor-widget elementor-widget-text-editor\" data-id=\"2f2290cd\" data-element_type=\"widget\" data-widget_type=\"text-editor.default\">\n\t\t\t\t<div class=\"elementor-widget-container\">\n\t\t\t<style>\/*! elementor - v3.10.2 - 29-01-2023 *\/\n.elementor-widget-text-editor.elementor-drop-cap-view-stacked .elementor-drop-cap{background-color:#818a91;color:#fff}.elementor-widget-text-editor.elementor-drop-cap-view-framed .elementor-drop-cap{color:#818a91;border:3px solid;background-color:transparent}.elementor-widget-text-editor:not(.elementor-drop-cap-view-default) .elementor-drop-cap{margin-top:8px}.elementor-widget-text-editor:not(.elementor-drop-cap-view-default) .elementor-drop-cap-letter{width:1em;height:1em}.elementor-widget-text-editor .elementor-drop-cap{float:left;text-align:center;line-height:1;font-size:50px}.elementor-widget-text-editor .elementor-drop-cap-letter{display:inline-block}<\/style>\t\t\t\t<p><strong>-Se atender\u00e1n padecimientos cong\u00e9nitos a infantes provenientes de 72 municipios<\/strong><\/p><p><strong>Pachuca, Hgo., 17 de abril de 2023.-<\/strong>Con el fin de restituir el derecho a la salud para la ni\u00f1ez hidalguense, Edda Vite Ramos, presidenta del Patronato del Sistema DIFH inaugur\u00f3 la primera Jornada de Cirug\u00edas Est\u00e9ticas Infantiles; una campa\u00f1a m\u00e9dica que en coordinaci\u00f3n con la Secretar\u00eda de Salud y el Grupo Mercy,\u00a0 llevar\u00e1 a cabo intervenciones quir\u00fargicas totalmente gratuitas a ni\u00f1as, ni\u00f1os y adolescentes que presentan padecimientos cong\u00e9nitos como estrabismo, sindactilia, polidactilia, nevos pilosos, as\u00ed como secuelas de quemaduras y cicatrices queloides.<\/p><p>En el arranque, dirigido a uno de los grupos prioritarios de la administraci\u00f3n estatal, y que fue celebrado en las instalaciones del Hospital General de Tulancingo, el equipo multidisciplinario extranjero valor\u00f3 a m\u00e1s de 450 ni\u00f1as y ni\u00f1os, para llevar a cabo las cirug\u00edas est\u00e9ticas.<\/p><p>En su intervenci\u00f3n la presidenta del Patronato del Sistema DIFH refrend\u00f3 su compromiso desde el organismo que preside, para seguir creando lazos que transformen positivamente la vida de los menores, impulsando para ello acciones igualitarias que permitan un desarrollo integral.<\/p><p>\u201cUna cirug\u00eda realizada a temprana edad en nuestros ni\u00f1os y adolescentes sin lugar a dudas les va a proporcionar un desarrollo f\u00edsico y emocional mucho m\u00e1s estable, mucho m\u00e1s satisfactorio. Yo apuesto al trabajo multidisciplinario y aqu\u00ed estamos viendo los resultados de trabajar en equipo. Seguiremos juntos por el Hidalgo que queremos, por el Hidalgo que nos merecemos, y porque en Hidalgo, Primero es el Pueblo\u201d, puntualiz\u00f3.<\/p><p>Por su parte la titular de la Secretar\u00eda de Salud, Zorayda Robles Barrera, subray\u00f3 que mejorar la calidad de vida de las infancias hidalguenses es una condici\u00f3n prioritaria para el proyecto que encabeza el gobernador Julio Menchaca, y donde el Sistema DIF Estatal a cargo de Edda Vite, es fundamental para alcanzar el Hidalgo cada vez m\u00e1s sano que queremos.<\/p><p>As\u00ed mismo Salvador Hern\u00e1ndez, coordinador de Grupo Mercy, dijo sentir una gran satisfacci\u00f3n por la sinergia creada entre los distintos organismos involucrados, que permitieron llevar oportunamente los servicios m\u00e9dicos de gran calidad, con una cobertura amplia, hacia un sector de la poblaci\u00f3n tan importante.<\/p><p>\u201cEstamos convencidos de que con las cirug\u00edas que se llevar\u00e1n a cabo le van a cambiar la vida a los ni\u00f1os y adolescentes y por consiguiente a sus familias, les dar\u00e1n la oportunidad de integrarse a la sociedad con plenitud y dignidad. Queremos agradecer al gobierno del estado encabezado por Julio Menchaca Salazar por permitirnos regresar a esta noble causa\u201d, manifest\u00f3.<\/p><p>Este fue el primer d\u00eda, de los once que durar\u00e1n los trabajos, durante los cuales los menores procedentes de 72 municipios de la entidad ser\u00e1n valorados por el grupo m\u00e9dico compuesto por 38 profesionales de la salud de Grupo Mercy, quienes realizar\u00e1n las intervenciones y proporcionan el seguimiento m\u00e9dico.<\/p><p>El evento cont\u00f3 adem\u00e1s con la presencia de los representantes de los Sistemas Municipales DIF de Singuilucan, Acaxochitl\u00e1n, Cuautepec, Tulantepec, Acatl\u00e1n, Metepec y el anfitri\u00f3n, Tulancingo; Javier Rodr\u00edguez, titular del Sistema Estatal; Rub\u00e9n Hurtado, director del Hospital del Ni\u00f1o DIF y Celia Chavar\u00edn, directora de Asistencia Social por parte de la Familia DIFH.<\/p><p>Asimismo, con la coordinaci\u00f3n de Vanessa Escalante, diputada de la Comisi\u00f3n de Salud del Congreso del Estado; Juan Jos\u00e9 Jim\u00e9nez, director del Hospital de Tulancingo; \u00d3scar Sandoval, director del Club Rotario Valle de Tulancingo y el Teniente Coronel de Infanter\u00eda de la 18va Zona Militar, Alejandro Hern\u00e1ndez.<\/p>\t\t\t\t\t\t<\/div>\n\t\t\t\t<\/div>\n\t\t\t\t\t<\/div>\n\t\t<\/div>\n\t\t\t\t\t\t\t<\/div>\n\t\t<\/section>\n\t\t\t\t\t\t\t<\/div>\n\t\t","protected":false},"excerpt":{"rendered":"<p>-Se atender\u00e1n padecimientos cong\u00e9nitos a infantes provenientes de 72 municipios Pachuca, Hgo., 17 de abril de 2023.-Con el fin de restituir el derecho a la salud para la ni\u00f1ez hidalguense, Edda Vite Ramos, presidenta del Patronato del Sistema DIFH inaugur\u00f3 la primera Jornada de Cirug\u00edas Est\u00e9ticas Infantiles; una campa\u00f1a m\u00e9dica que en coordinaci\u00f3n con la [&hellip;]<\/p>\n","protected":false},"author":1,"featured_media":6709,"comment_status":"closed","ping_status":"closed","sticky":false,"template":"","format":"standard","meta":[],"categories":[7],"tags":[],"_links":{"self":[{"href":"https:\/\/www.diarionoti7.com.mx\/index.php?rest_route=\/wp\/v2\/posts\/6707"}],"collection":[{"href":"https:\/\/www.diarionoti7.com.mx\/index.php?rest_route=\/wp\/v2\/posts"}],"about":[{"href":"https:\/\/www.diarionoti7.com.mx\/index.php?rest_route=\/wp\/v2\/types\/post"}],"author":[{"embeddable":true,"href":"https:\/\/www.diarionoti7.com.mx\/index.php?rest_route=\/wp\/v2\/users\/1"}],"replies":[{"embeddable":true,"href":"https:\/\/www.diarionoti7.com.mx\/index.php?rest_route=%2Fwp%2Fv2%2Fcomments&post=6707"}],"version-history":[{"count":4,"href":"https:\/\/www.diarionoti7.com.mx\/index.php?rest_route=\/wp\/v2\/posts\/6707\/revisions"}],"predecessor-version":[{"id":6712,"href":"https:\/\/www.diarionoti7.com.mx\/index.php?rest_route=\/wp\/v2\/posts\/6707\/revisions\/6712"}],"wp:featuredmedia":[{"embeddable":true,"href":"https:\/\/www.diarionoti7.com.mx\/index.php?rest_route=\/wp\/v2\/media\/6709"}],"wp:attachment":[{"href":"https:\/\/www.diarionoti7.com.mx\/index.php?rest_route=%2Fwp%2Fv2%2Fmedia&parent=6707"}],"wp:term":[{"taxonomy":"category","embeddable":true,"href":"https:\/\/www.diarionoti7.com.mx\/index.php?rest_route=%2Fwp%2Fv2%2Fcategories&post=6707"},{"taxonomy":"post_tag","embeddable":true,"href":"https:\/\/www.diarionoti7.com.mx\/index.php?rest_route=%2Fwp%2Fv2%2Ftags&post=6707"}],"curies":[{"name":"wp","href":"https:\/\/api.w.org\/{rel}","templated":true}]}}