{"id":6695,"date":"2023-04-18T17:12:51","date_gmt":"2023-04-18T17:12:51","guid":{"rendered":"https:\/\/www.diarionoti7.com.mx\/?p=6695"},"modified":"2023-04-18T17:14:41","modified_gmt":"2023-04-18T17:14:41","slug":"personas-artesanas-de-hidalgo-fortalecen-su-desarrollo-economico","status":"publish","type":"post","link":"https:\/\/www.diarionoti7.com.mx\/?p=6695","title":{"rendered":"Personas artesanas de Hidalgo fortalecen su desarrollo econ\u00f3mico"},"content":{"rendered":"\t\t<div data-elementor-type=\"wp-post\" data-elementor-id=\"6695\" class=\"elementor elementor-6695\">\n\t\t\t\t\t\t\t\t\t<section class=\"elementor-section elementor-top-section elementor-element elementor-element-51c23a4c elementor-section-boxed elementor-section-height-default elementor-section-height-default\" data-id=\"51c23a4c\" data-element_type=\"section\">\n\t\t\t\t\t\t<div class=\"elementor-container elementor-column-gap-default\">\n\t\t\t\t\t<div class=\"elementor-column elementor-col-100 elementor-top-column elementor-element elementor-element-7d2e0b6e\" data-id=\"7d2e0b6e\" data-element_type=\"column\">\n\t\t\t<div class=\"elementor-widget-wrap elementor-element-populated\">\n\t\t\t\t\t\t\t\t<div class=\"elementor-element elementor-element-2f2290cd elementor-widget elementor-widget-text-editor\" data-id=\"2f2290cd\" data-element_type=\"widget\" data-widget_type=\"text-editor.default\">\n\t\t\t\t<div class=\"elementor-widget-container\">\n\t\t\t<style>\/*! elementor - v3.10.2 - 29-01-2023 *\/\n.elementor-widget-text-editor.elementor-drop-cap-view-stacked .elementor-drop-cap{background-color:#818a91;color:#fff}.elementor-widget-text-editor.elementor-drop-cap-view-framed .elementor-drop-cap{color:#818a91;border:3px solid;background-color:transparent}.elementor-widget-text-editor:not(.elementor-drop-cap-view-default) .elementor-drop-cap{margin-top:8px}.elementor-widget-text-editor:not(.elementor-drop-cap-view-default) .elementor-drop-cap-letter{width:1em;height:1em}.elementor-widget-text-editor .elementor-drop-cap{float:left;text-align:center;line-height:1;font-size:50px}.elementor-widget-text-editor .elementor-drop-cap-letter{display:inline-block}<\/style>\t\t\t\t<p><strong>-Originarias de 31 municipios fueron beneficiadas durante marzo y abril con espacios comerciales <\/strong><\/p><p><strong>Pachuca, Hgo., 17 de abril de 2023.-<\/strong>A trav\u00e9s de convenios con presidencias municipales, asociaciones civiles y deportivas, empresarios, as\u00ed como coordinaci\u00f3n intergubernamental, la Secretar\u00eda de Bienestar e Inclusi\u00f3n Social gestion\u00f3 y busc\u00f3 espacios de venta para el sector artesanal, lo que\u00a0 contribuy\u00f3 al incremento del ingreso econ\u00f3mico de 192 familias.<\/p><p>Al respecto, la titular de la dependencia, Simey Olvera Bautista, coment\u00f3 que el gobierno que encabeza Julio Menchaca Salazar, genera las condiciones para que las y los artesanos de toda la entidad tengan m\u00e1s oportunidades de llevar recursos a su comunidad y con ello impulsar el crecimiento integral de sus localidades y seres queridos.<\/p><p>\u201cNo basta con esperar a que llegue una fecha espec\u00edfica, un concurso o una feria para comenzar con los apoyos, se trata de buscar y generar las condiciones para mejorar la vida de la poblaci\u00f3n, buscar el bien-estar, con gesti\u00f3n y trabajo de campo\u201d, apunt\u00f3 Simey Olvera.\u00a0<\/p><p>En su oportunidad, la subsecretaria de Participaci\u00f3n Social y Fomento Artesanal, Claudia M\u00e1rquez Camacho, coment\u00f3 que ha sido un trabajo de tiempo completo la b\u00fasqueda de estos espacios y sobretodo cambiar la cara de las y los artesanos que representan al estado, puesto que hay algunos que son muy activos y por ello aparec\u00edan una y otra vez entre los beneficiados.<\/p><p>Ahora, dijo, se busca que sea diferente, que les toque a todos y una gran variedad de personas tambi\u00e9n pueda dar a conocer su trabajo, su arte y generar clientes a futuro en el mercado tur\u00edstico local y nacional.<\/p><p>Las personas beneficiarias de estos espacios de venta fueron originarios de 31 municipios, en las ramas artesanales de: alfarer\u00eda y cer\u00e1mica, metalister\u00eda, textiles, canter\u00eda y lapidaria, fibras vegetales, incrustaci\u00f3n de concha de abul\u00f3n, talla en madera y materiales diversos.<\/p><p>Cabe destacar que los espacios de venta, de tipo social, deportivos, tur\u00edsticos, econ\u00f3micos y culturales, tuvieron lugar en la Plaza Ju\u00e1rez, el Lienzo Charro, la terminal de autobuses de ADO, el Reloj Monumental en Pachuca, en el Aeropuerto Internacional Felipe \u00c1ngeles (AIFA), en la muestra gastron\u00f3mica de Santiago de Anaya, as\u00ed como en la Feria Internacional del municipio de Ajacuba.<\/p><p>\u00a0<\/p>\t\t\t\t\t\t<\/div>\n\t\t\t\t<\/div>\n\t\t\t\t\t<\/div>\n\t\t<\/div>\n\t\t\t\t\t\t\t<\/div>\n\t\t<\/section>\n\t\t\t\t\t\t\t<\/div>\n\t\t","protected":false},"excerpt":{"rendered":"<p>-Originarias de 31 municipios fueron beneficiadas durante marzo y abril con espacios comerciales Pachuca, Hgo., 17 de abril de 2023.-A trav\u00e9s de convenios con presidencias municipales, asociaciones civiles y deportivas, empresarios, as\u00ed como coordinaci\u00f3n intergubernamental, la Secretar\u00eda de Bienestar e Inclusi\u00f3n Social gestion\u00f3 y busc\u00f3 espacios de venta para el sector artesanal, lo que\u00a0 contribuy\u00f3 [&hellip;]<\/p>\n","protected":false},"author":1,"featured_media":6697,"comment_status":"closed","ping_status":"closed","sticky":false,"template":"","format":"standard","meta":[],"categories":[7],"tags":[],"_links":{"self":[{"href":"https:\/\/www.diarionoti7.com.mx\/index.php?rest_route=\/wp\/v2\/posts\/6695"}],"collection":[{"href":"https:\/\/www.diarionoti7.com.mx\/index.php?rest_route=\/wp\/v2\/posts"}],"about":[{"href":"https:\/\/www.diarionoti7.com.mx\/index.php?rest_route=\/wp\/v2\/types\/post"}],"author":[{"embeddable":true,"href":"https:\/\/www.diarionoti7.com.mx\/index.php?rest_route=\/wp\/v2\/users\/1"}],"replies":[{"embeddable":true,"href":"https:\/\/www.diarionoti7.com.mx\/index.php?rest_route=%2Fwp%2Fv2%2Fcomments&post=6695"}],"version-history":[{"count":4,"href":"https:\/\/www.diarionoti7.com.mx\/index.php?rest_route=\/wp\/v2\/posts\/6695\/revisions"}],"predecessor-version":[{"id":6700,"href":"https:\/\/www.diarionoti7.com.mx\/index.php?rest_route=\/wp\/v2\/posts\/6695\/revisions\/6700"}],"wp:featuredmedia":[{"embeddable":true,"href":"https:\/\/www.diarionoti7.com.mx\/index.php?rest_route=\/wp\/v2\/media\/6697"}],"wp:attachment":[{"href":"https:\/\/www.diarionoti7.com.mx\/index.php?rest_route=%2Fwp%2Fv2%2Fmedia&parent=6695"}],"wp:term":[{"taxonomy":"category","embeddable":true,"href":"https:\/\/www.diarionoti7.com.mx\/index.php?rest_route=%2Fwp%2Fv2%2Fcategories&post=6695"},{"taxonomy":"post_tag","embeddable":true,"href":"https:\/\/www.diarionoti7.com.mx\/index.php?rest_route=%2Fwp%2Fv2%2Ftags&post=6695"}],"curies":[{"name":"wp","href":"https:\/\/api.w.org\/{rel}","templated":true}]}}