{"id":66546,"date":"2024-12-28T08:41:59","date_gmt":"2024-12-28T08:41:59","guid":{"rendered":"https:\/\/www.diarionoti7.com.mx\/?p=66546"},"modified":"2024-12-28T18:43:50","modified_gmt":"2024-12-28T18:43:50","slug":"hidalgo-en-la-lista-de-zonas-de-atencion-prioritaria-2025-41-municipios-de-la-entidad-destacan-por-marginacion-e-incidencia-delictiva","status":"publish","type":"post","link":"https:\/\/www.diarionoti7.com.mx\/?p=66546","title":{"rendered":"Hidalgo en la Lista de Zonas de Atenci\u00f3n Prioritaria 2025: 41 Municipios  de la Entidad Destacan Por Marginaci\u00f3n e Incidencia Delictiva"},"content":{"rendered":"\t\t<div data-elementor-type=\"wp-post\" data-elementor-id=\"66546\" class=\"elementor elementor-66546\">\n\t\t\t\t\t\t\t\t\t<section class=\"elementor-section elementor-top-section elementor-element elementor-element-c09b8f0 elementor-section-boxed elementor-section-height-default elementor-section-height-default\" data-id=\"c09b8f0\" data-element_type=\"section\">\n\t\t\t\t\t\t<div class=\"elementor-container elementor-column-gap-default\">\n\t\t\t\t\t<div class=\"elementor-column elementor-col-100 elementor-top-column elementor-element elementor-element-955a561\" data-id=\"955a561\" data-element_type=\"column\">\n\t\t\t<div class=\"elementor-widget-wrap elementor-element-populated\">\n\t\t\t\t\t\t\t\t<div class=\"elementor-element elementor-element-0ce869c elementor-widget elementor-widget-text-editor\" data-id=\"0ce869c\" data-element_type=\"widget\" data-widget_type=\"text-editor.default\">\n\t\t\t\t<div class=\"elementor-widget-container\">\n\t\t\t<style>\/*! elementor - v3.10.2 - 29-01-2023 *\/\n.elementor-widget-text-editor.elementor-drop-cap-view-stacked .elementor-drop-cap{background-color:#818a91;color:#fff}.elementor-widget-text-editor.elementor-drop-cap-view-framed .elementor-drop-cap{color:#818a91;border:3px solid;background-color:transparent}.elementor-widget-text-editor:not(.elementor-drop-cap-view-default) .elementor-drop-cap{margin-top:8px}.elementor-widget-text-editor:not(.elementor-drop-cap-view-default) .elementor-drop-cap-letter{width:1em;height:1em}.elementor-widget-text-editor .elementor-drop-cap{float:left;text-align:center;line-height:1;font-size:50px}.elementor-widget-text-editor .elementor-drop-cap-letter{display:inline-block}<\/style>\t\t\t\t<p><strong>Pachuca, Hgo., 27 de Diciembre 26, 2024.- <\/strong>Zonas de Atenci\u00f3n Prioritaria, en cuanto a la Declaratoria de las Zonas de Atenci\u00f3n Prioritaria para el a\u00f1o entrante, indic\u00f3 que en San L\u00e1zaro se aprob\u00f3 el pasado 1 de diciembre.<\/p><p>El documento que se formul\u00f3 a partir de los resultados de estudios de medici\u00f3n de la pobreza e indicadores relacionados, plantea que ser\u00e1n consideradas Zonas de Atenci\u00f3n Prioritaria Rurales, mil 345 municipios distribuidos entre las 32 entidades de la Rep\u00fablica.<\/p><p>Se trata de alcald\u00edas con alta o muy alta marginaci\u00f3n, alto o muy alto grado de rezago social, y donde la poblaci\u00f3n en pobreza extrema es mayor o igual al 650 por ciento, o son municipios ind\u00edgenas, afromexicanos no urbanos.<\/p><p>Entre otras caracter\u00edsticas, presentan alto grado de niveles delictivos; aunado a que no cuentan en un 50 por ciento o m\u00e1s, con acceso a carreteras y caminos pavimentados.<\/p><p>En tanto, se clasific\u00f3 como Zonas de Atenci\u00f3n Prioritaria Urbanas, 43 mil 111 \u201c\u00c1reas Geoestad\u00edsticas B\u00e1sicas\u201d, localizadas en 4 mil 530 zonas urbanas en 2 mil 376 municipios, es decir, en pr\u00e1cticamente todo el territorio nacional.<\/p><p>Dichas zonas urbanas tienen entre otras caracter\u00edsticas, alto o muy alto grado de marginaci\u00f3n; alto o muy alto nivel de rezago social; y m\u00e1s del 34 por ciento de su poblaci\u00f3n est\u00e1 en condici\u00f3n de \u201cpobreza mayor\u201d.<\/p><p><strong>\u00a0<\/strong>La publicaci\u00f3n de la\u00a0Declaratoria de las Zonas de Atenci\u00f3n Prioritaria para 2025, figuran\u00a041 municipios de Hidalgo, de los cuales \u00a028 presentan altos \u00edndices de marginaci\u00f3n social\u00a0o una\u00a0alta incidencia delictiva, lo que coloca a estos municipios como \u00e1reas clave para la atenci\u00f3n y el desarrollo por parte del Gobierno Federal.<\/p><p>De los\u00a041 municipios de Hidalgo\u00a0incluidos en esta lista, destacan dos grupos principales:<\/p><p><strong>Municipios con Alta o Muy Alta Marginaci\u00f3n Social<\/strong>:<\/p><p>Acaxochitlan, Huautla, Huehuetla, Lolotla, La Misi\u00f3n, Pacula, Pisaflores, San Bartlo Tutotepec, Tianguistengo, Tlahuiltepa, Tepehuacan de Guerrero, Xochiatipan, Yahualica<\/p><p><strong>Municipios con Alta Incidencia Delictiva<\/strong><strong>:<\/strong><\/p><p>Actopan, Cuautepec de Hinojosa, Epazoyucan, Huasca de Ocampo, Huichapan, Mixquiahuala, de Ju\u00e1rez, Progreso de Obreg\u00f3n, Santiago Tulantepec, Tepeapulco, Tepeji del Rio, Tlahuelilpan, Tula de Allende, Tulancingo y Zempoala<\/p><p><strong>Adem\u00e1s, otros municipios de Hidalgo que ser\u00e1n considerados Zonas de Atenci\u00f3n Prioritaria en 2025 Incluyen:<\/strong><\/p><p>Atlapexco, Calnali, Cardonal, Chilcuautla, Huejutla, Ixmiquilpan, Jaltocan, Nicol\u00e1s Flores, San Felipe Orizatl\u00e1n, Santiago de Anaya, Tasquillo,\u00a0 Tenango de Doria y Tlanchinol<\/p><p><strong>Criterios para la Determinaci\u00f3n de las Zonas Prioritarias<\/strong><\/p><p>La\u00a0determinaci\u00f3n de las Zonas de Atenci\u00f3n Prioritaria\u00a0se bas\u00f3 en los\u00a0Criterios Generales\u00a0emitidos por el\u00a0Consejo Nacional de Evaluaci\u00f3n de la Pol\u00edtica de Desarrollo Social (CONEVAL), as\u00ed como en los\u00a0resultados de estudios de medici\u00f3n de la pobreza\u00a0y\u00a0otros indicadores asociados\u00a0que reflejan las condiciones de vida en cada uno de estos municipios.<\/p><p>Este reconocimiento por parte del Congreso de la Uni\u00f3n permitir\u00e1 a los municipios de Hidalgo acceder a mayores recursos y pol\u00edticas p\u00fablicas centradas en la mejora de la infraestructura, seguridad, salud y educaci\u00f3n, con el fin de combatir las desigualdades sociales y mejorar la calidad de vida de sus habitantes.<\/p><p><strong>\u00a0<\/strong><\/p>\t\t\t\t\t\t<\/div>\n\t\t\t\t<\/div>\n\t\t\t\t\t<\/div>\n\t\t<\/div>\n\t\t\t\t\t\t\t<\/div>\n\t\t<\/section>\n\t\t\t\t\t\t\t<\/div>\n\t\t","protected":false},"excerpt":{"rendered":"<p>Pachuca, Hgo., 27 de Diciembre 26, 2024.- Zonas de Atenci\u00f3n Prioritaria, en cuanto a la Declaratoria de las Zonas de Atenci\u00f3n Prioritaria para el a\u00f1o entrante, indic\u00f3 que en San L\u00e1zaro se aprob\u00f3 el pasado 1 de diciembre. El documento que se formul\u00f3 a partir de los resultados de estudios de medici\u00f3n de la pobreza [&hellip;]<\/p>\n","protected":false},"author":1,"featured_media":66548,"comment_status":"closed","ping_status":"closed","sticky":false,"template":"","format":"standard","meta":[],"categories":[7],"tags":[],"_links":{"self":[{"href":"https:\/\/www.diarionoti7.com.mx\/index.php?rest_route=\/wp\/v2\/posts\/66546"}],"collection":[{"href":"https:\/\/www.diarionoti7.com.mx\/index.php?rest_route=\/wp\/v2\/posts"}],"about":[{"href":"https:\/\/www.diarionoti7.com.mx\/index.php?rest_route=\/wp\/v2\/types\/post"}],"author":[{"embeddable":true,"href":"https:\/\/www.diarionoti7.com.mx\/index.php?rest_route=\/wp\/v2\/users\/1"}],"replies":[{"embeddable":true,"href":"https:\/\/www.diarionoti7.com.mx\/index.php?rest_route=%2Fwp%2Fv2%2Fcomments&post=66546"}],"version-history":[{"count":4,"href":"https:\/\/www.diarionoti7.com.mx\/index.php?rest_route=\/wp\/v2\/posts\/66546\/revisions"}],"predecessor-version":[{"id":66551,"href":"https:\/\/www.diarionoti7.com.mx\/index.php?rest_route=\/wp\/v2\/posts\/66546\/revisions\/66551"}],"wp:featuredmedia":[{"embeddable":true,"href":"https:\/\/www.diarionoti7.com.mx\/index.php?rest_route=\/wp\/v2\/media\/66548"}],"wp:attachment":[{"href":"https:\/\/www.diarionoti7.com.mx\/index.php?rest_route=%2Fwp%2Fv2%2Fmedia&parent=66546"}],"wp:term":[{"taxonomy":"category","embeddable":true,"href":"https:\/\/www.diarionoti7.com.mx\/index.php?rest_route=%2Fwp%2Fv2%2Fcategories&post=66546"},{"taxonomy":"post_tag","embeddable":true,"href":"https:\/\/www.diarionoti7.com.mx\/index.php?rest_route=%2Fwp%2Fv2%2Ftags&post=66546"}],"curies":[{"name":"wp","href":"https:\/\/api.w.org\/{rel}","templated":true}]}}