{"id":6629,"date":"2023-04-18T16:35:47","date_gmt":"2023-04-18T16:35:47","guid":{"rendered":"https:\/\/www.diarionoti7.com.mx\/?p=6629"},"modified":"2023-04-18T16:37:01","modified_gmt":"2023-04-18T16:37:01","slug":"adios-al-bache-de-los-20-anos-benjamin-rico","status":"publish","type":"post","link":"https:\/\/www.diarionoti7.com.mx\/?p=6629","title":{"rendered":"Adi\u00f3s al bache de los 20 a\u00f1os: Benjam\u00edn Rico"},"content":{"rendered":"\t\t<div data-elementor-type=\"wp-post\" data-elementor-id=\"6629\" class=\"elementor elementor-6629\">\n\t\t\t\t\t\t\t\t\t<section class=\"elementor-section elementor-top-section elementor-element elementor-element-51c23a4c elementor-section-boxed elementor-section-height-default elementor-section-height-default\" data-id=\"51c23a4c\" data-element_type=\"section\">\n\t\t\t\t\t\t<div class=\"elementor-container elementor-column-gap-default\">\n\t\t\t\t\t<div class=\"elementor-column elementor-col-100 elementor-top-column elementor-element elementor-element-7d2e0b6e\" data-id=\"7d2e0b6e\" data-element_type=\"column\">\n\t\t\t<div class=\"elementor-widget-wrap elementor-element-populated\">\n\t\t\t\t\t\t\t\t<div class=\"elementor-element elementor-element-2f2290cd elementor-widget elementor-widget-text-editor\" data-id=\"2f2290cd\" data-element_type=\"widget\" data-widget_type=\"text-editor.default\">\n\t\t\t\t<div class=\"elementor-widget-container\">\n\t\t\t<style>\/*! elementor - v3.10.2 - 29-01-2023 *\/\n.elementor-widget-text-editor.elementor-drop-cap-view-stacked .elementor-drop-cap{background-color:#818a91;color:#fff}.elementor-widget-text-editor.elementor-drop-cap-view-framed .elementor-drop-cap{color:#818a91;border:3px solid;background-color:transparent}.elementor-widget-text-editor:not(.elementor-drop-cap-view-default) .elementor-drop-cap{margin-top:8px}.elementor-widget-text-editor:not(.elementor-drop-cap-view-default) .elementor-drop-cap-letter{width:1em;height:1em}.elementor-widget-text-editor .elementor-drop-cap{float:left;text-align:center;line-height:1;font-size:50px}.elementor-widget-text-editor .elementor-drop-cap-letter{display:inline-block}<\/style>\t\t\t\t<p>Pachuca, Hgo.-Con la participaci\u00f3n de los vecinos, el constructor Benjam\u00edn Rico dio el banderazo de arranque a la maquinaria que coadyuvar\u00e1 en la rehabilitaci\u00f3n de la calle prolongaci\u00f3n Yucat\u00e1n en la colonia San Bartolo.<\/p><p>Luego de que los colonos se organizaron para festejar con un pastel el vig\u00e9simo aniversario de los baches que se encuentran en el lugar, Benjam\u00edn Rico convoc\u00f3 a los empresarios y constructores a sumarse a esta causa y adoptar un bache para que cada quien desde su trinchera aporte su grano de arena para mejorar el entorno de las familias pachuque\u00f1as.<\/p><p>Durante el arranque de la obra, Benjam\u00edn Rico expres\u00f3 que s\u00f3lo la suma de esfuerzos entre la sociedad civil y la inversi\u00f3n privada puede lograr grandes cambios.<\/p><p>Es importante destacar, que Benjam\u00edn Rico puso a disposici\u00f3n maquinaria pesada para ayudar en los trabajos de levantamiento del concreto en mal estado, para despu\u00e9s poder colocar una nueva plancha de concreto hidr\u00e1ulico.<\/p><p>Los trabajos a realizar son, levantamiento de asfalto en 100 metros lineales, compactado y colocaci\u00f3n de concreto hidr\u00e1ulico en 700 metros cuadrados en un periodo aproximado de tres semanas.<\/p><p>Los habitantes de la calle Prolongaci\u00f3n Yucat\u00e1n costear\u00e1n los gastos de mano de obra y material con recursos propios gracias a una cooperaci\u00f3n.<\/p><p>Los vecinos agradecieron el apoyo otorgado, ya que as\u00ed como las calles de San Bartolo han sido rehabilitadas, existen m\u00e1s colonias que han sido beneficiadas, gracias al apoyo de la fundaci\u00f3n Mar\u00eda Elena Moreno.<\/p><p>Benjam\u00edn Rico destac\u00f3 que la obra de rehabilitaci\u00f3n en la calle prolongaci\u00f3n Yucat\u00e1n se llevar\u00e1 a cabo en 15 d\u00edas, esta acci\u00f3n se suma a las 65 calles que se han mejorado en la capital hidalguense.<\/p><p>Con estas acciones, Benjam\u00edn Rico asegur\u00f3 que se mantiene cercano a la gente, \u201cson ellos quienes se acercan en busca de mejorar su entorno, sus colonias, y nosotros desde la Fundaci\u00f3n estamos ayudando para cambiar el rostro de Pachuca\u201d, expres\u00f3.<\/p><p>\u00a0<\/p>\t\t\t\t\t\t<\/div>\n\t\t\t\t<\/div>\n\t\t\t\t\t<\/div>\n\t\t<\/div>\n\t\t\t\t\t\t\t<\/div>\n\t\t<\/section>\n\t\t\t\t\t\t\t<\/div>\n\t\t","protected":false},"excerpt":{"rendered":"<p>Pachuca, Hgo.-Con la participaci\u00f3n de los vecinos, el constructor Benjam\u00edn Rico dio el banderazo de arranque a la maquinaria que coadyuvar\u00e1 en la rehabilitaci\u00f3n de la calle prolongaci\u00f3n Yucat\u00e1n en la colonia San Bartolo. Luego de que los colonos se organizaron para festejar con un pastel el vig\u00e9simo aniversario de los baches que se encuentran [&hellip;]<\/p>\n","protected":false},"author":1,"featured_media":6631,"comment_status":"closed","ping_status":"closed","sticky":false,"template":"","format":"standard","meta":[],"categories":[9],"tags":[],"_links":{"self":[{"href":"https:\/\/www.diarionoti7.com.mx\/index.php?rest_route=\/wp\/v2\/posts\/6629"}],"collection":[{"href":"https:\/\/www.diarionoti7.com.mx\/index.php?rest_route=\/wp\/v2\/posts"}],"about":[{"href":"https:\/\/www.diarionoti7.com.mx\/index.php?rest_route=\/wp\/v2\/types\/post"}],"author":[{"embeddable":true,"href":"https:\/\/www.diarionoti7.com.mx\/index.php?rest_route=\/wp\/v2\/users\/1"}],"replies":[{"embeddable":true,"href":"https:\/\/www.diarionoti7.com.mx\/index.php?rest_route=%2Fwp%2Fv2%2Fcomments&post=6629"}],"version-history":[{"count":4,"href":"https:\/\/www.diarionoti7.com.mx\/index.php?rest_route=\/wp\/v2\/posts\/6629\/revisions"}],"predecessor-version":[{"id":6634,"href":"https:\/\/www.diarionoti7.com.mx\/index.php?rest_route=\/wp\/v2\/posts\/6629\/revisions\/6634"}],"wp:featuredmedia":[{"embeddable":true,"href":"https:\/\/www.diarionoti7.com.mx\/index.php?rest_route=\/wp\/v2\/media\/6631"}],"wp:attachment":[{"href":"https:\/\/www.diarionoti7.com.mx\/index.php?rest_route=%2Fwp%2Fv2%2Fmedia&parent=6629"}],"wp:term":[{"taxonomy":"category","embeddable":true,"href":"https:\/\/www.diarionoti7.com.mx\/index.php?rest_route=%2Fwp%2Fv2%2Fcategories&post=6629"},{"taxonomy":"post_tag","embeddable":true,"href":"https:\/\/www.diarionoti7.com.mx\/index.php?rest_route=%2Fwp%2Fv2%2Ftags&post=6629"}],"curies":[{"name":"wp","href":"https:\/\/api.w.org\/{rel}","templated":true}]}}