{"id":6597,"date":"2023-04-17T17:33:43","date_gmt":"2023-04-17T17:33:43","guid":{"rendered":"https:\/\/www.diarionoti7.com.mx\/?p=6597"},"modified":"2023-04-17T17:34:48","modified_gmt":"2023-04-17T17:34:48","slug":"hidalgo-se-sumara-al-simulacro-nacional-de-prevencion-ante-posibles-sismos","status":"publish","type":"post","link":"https:\/\/www.diarionoti7.com.mx\/?p=6597","title":{"rendered":"Hidalgo se Sumar\u00e1 al Simulacro Nacional de Prevenci\u00f3n  Ante Posibles Sismos."},"content":{"rendered":"\t\t<div data-elementor-type=\"wp-post\" data-elementor-id=\"6597\" class=\"elementor elementor-6597\">\n\t\t\t\t\t\t\t\t\t<section class=\"elementor-section elementor-top-section elementor-element elementor-element-51c23a4c elementor-section-boxed elementor-section-height-default elementor-section-height-default\" data-id=\"51c23a4c\" data-element_type=\"section\">\n\t\t\t\t\t\t<div class=\"elementor-container elementor-column-gap-default\">\n\t\t\t\t\t<div class=\"elementor-column elementor-col-100 elementor-top-column elementor-element elementor-element-7d2e0b6e\" data-id=\"7d2e0b6e\" data-element_type=\"column\">\n\t\t\t<div class=\"elementor-widget-wrap elementor-element-populated\">\n\t\t\t\t\t\t\t\t<div class=\"elementor-element elementor-element-2f2290cd elementor-widget elementor-widget-text-editor\" data-id=\"2f2290cd\" data-element_type=\"widget\" data-widget_type=\"text-editor.default\">\n\t\t\t\t<div class=\"elementor-widget-container\">\n\t\t\t<style>\/*! elementor - v3.10.2 - 29-01-2023 *\/\n.elementor-widget-text-editor.elementor-drop-cap-view-stacked .elementor-drop-cap{background-color:#818a91;color:#fff}.elementor-widget-text-editor.elementor-drop-cap-view-framed .elementor-drop-cap{color:#818a91;border:3px solid;background-color:transparent}.elementor-widget-text-editor:not(.elementor-drop-cap-view-default) .elementor-drop-cap{margin-top:8px}.elementor-widget-text-editor:not(.elementor-drop-cap-view-default) .elementor-drop-cap-letter{width:1em;height:1em}.elementor-widget-text-editor .elementor-drop-cap{float:left;text-align:center;line-height:1;font-size:50px}.elementor-widget-text-editor .elementor-drop-cap-letter{display:inline-block}<\/style>\t\t\t\t<p><strong>Pachuca, Hgo. 16 de abril 2023.- <\/strong>Este\u00a0mi\u00e9rcoles 19 de abril a las 11:00 horas\u00a0en punto Hidalgo se sumar\u00e1 a las actividades de prevenci\u00f3n que se realizan a nivel nacional ante posibles sismos.<\/p><p>Por ello la\u00a0Subsecretar\u00eda de Protecci\u00f3n Civil y Gesti\u00f3n de Riesgos del Estado invit\u00f3 a formar parte de dicho simulacro, mediante el registro individual, por familia, lugar de trabajo o comunidad, se realizar\u00e1 en\u00a0<a href=\"http:\/\/preparados.gob.mx\/1ersimulacronacional2023\/\">http:\/\/preparados.gob.mx\/1ersimulacronacional2023<\/a>\u00a0y en las redes oficiales del Gobierno de M\u00e9xico, la Secretar\u00eda de Seguridad y Protecci\u00f3n Ciudadana, la Coordinaci\u00f3n Nacional de Protecci\u00f3n Civil, as\u00ed como en la subsecretar\u00eda de Protecci\u00f3n Civil y Gesti\u00f3n de Riesgos del Estado.<\/p><p>En ese sitio digital tambi\u00e9n pueden conocerse las acciones a seguir durante este simulacro.<\/p><p>La cultura de la prevenci\u00f3n ante cualquier emergencia, es trascendental, pues esto deriva directamente en salvaguardar vidas<\/p>\t\t\t\t\t\t<\/div>\n\t\t\t\t<\/div>\n\t\t\t\t\t<\/div>\n\t\t<\/div>\n\t\t\t\t\t\t\t<\/div>\n\t\t<\/section>\n\t\t\t\t\t\t\t<\/div>\n\t\t","protected":false},"excerpt":{"rendered":"<p>Pachuca, Hgo. 16 de abril 2023.- Este\u00a0mi\u00e9rcoles 19 de abril a las 11:00 horas\u00a0en punto Hidalgo se sumar\u00e1 a las actividades de prevenci\u00f3n que se realizan a nivel nacional ante posibles sismos. Por ello la\u00a0Subsecretar\u00eda de Protecci\u00f3n Civil y Gesti\u00f3n de Riesgos del Estado invit\u00f3 a formar parte de dicho simulacro, mediante el registro individual, [&hellip;]<\/p>\n","protected":false},"author":1,"featured_media":6599,"comment_status":"closed","ping_status":"closed","sticky":false,"template":"","format":"standard","meta":[],"categories":[7],"tags":[],"_links":{"self":[{"href":"https:\/\/www.diarionoti7.com.mx\/index.php?rest_route=\/wp\/v2\/posts\/6597"}],"collection":[{"href":"https:\/\/www.diarionoti7.com.mx\/index.php?rest_route=\/wp\/v2\/posts"}],"about":[{"href":"https:\/\/www.diarionoti7.com.mx\/index.php?rest_route=\/wp\/v2\/types\/post"}],"author":[{"embeddable":true,"href":"https:\/\/www.diarionoti7.com.mx\/index.php?rest_route=\/wp\/v2\/users\/1"}],"replies":[{"embeddable":true,"href":"https:\/\/www.diarionoti7.com.mx\/index.php?rest_route=%2Fwp%2Fv2%2Fcomments&post=6597"}],"version-history":[{"count":4,"href":"https:\/\/www.diarionoti7.com.mx\/index.php?rest_route=\/wp\/v2\/posts\/6597\/revisions"}],"predecessor-version":[{"id":6602,"href":"https:\/\/www.diarionoti7.com.mx\/index.php?rest_route=\/wp\/v2\/posts\/6597\/revisions\/6602"}],"wp:featuredmedia":[{"embeddable":true,"href":"https:\/\/www.diarionoti7.com.mx\/index.php?rest_route=\/wp\/v2\/media\/6599"}],"wp:attachment":[{"href":"https:\/\/www.diarionoti7.com.mx\/index.php?rest_route=%2Fwp%2Fv2%2Fmedia&parent=6597"}],"wp:term":[{"taxonomy":"category","embeddable":true,"href":"https:\/\/www.diarionoti7.com.mx\/index.php?rest_route=%2Fwp%2Fv2%2Fcategories&post=6597"},{"taxonomy":"post_tag","embeddable":true,"href":"https:\/\/www.diarionoti7.com.mx\/index.php?rest_route=%2Fwp%2Fv2%2Ftags&post=6597"}],"curies":[{"name":"wp","href":"https:\/\/api.w.org\/{rel}","templated":true}]}}