{"id":65909,"date":"2024-12-19T08:42:19","date_gmt":"2024-12-19T08:42:19","guid":{"rendered":"https:\/\/www.diarionoti7.com.mx\/?p=65909"},"modified":"2024-12-19T19:44:26","modified_gmt":"2024-12-19T19:44:26","slug":"gobierno-de-hidalgo-presente-en-caravana-migrante","status":"publish","type":"post","link":"https:\/\/www.diarionoti7.com.mx\/?p=65909","title":{"rendered":"Gobierno de Hidalgo Presente en Caravana Migrante"},"content":{"rendered":"\t\t<div data-elementor-type=\"wp-post\" data-elementor-id=\"65909\" class=\"elementor elementor-65909\">\n\t\t\t\t\t\t\t\t\t<section class=\"elementor-section elementor-top-section elementor-element elementor-element-c09b8f0 elementor-section-boxed elementor-section-height-default elementor-section-height-default\" data-id=\"c09b8f0\" data-element_type=\"section\">\n\t\t\t\t\t\t<div class=\"elementor-container elementor-column-gap-default\">\n\t\t\t\t\t<div class=\"elementor-column elementor-col-100 elementor-top-column elementor-element elementor-element-955a561\" data-id=\"955a561\" data-element_type=\"column\">\n\t\t\t<div class=\"elementor-widget-wrap elementor-element-populated\">\n\t\t\t\t\t\t\t\t<div class=\"elementor-element elementor-element-0ce869c elementor-widget elementor-widget-text-editor\" data-id=\"0ce869c\" data-element_type=\"widget\" data-widget_type=\"text-editor.default\">\n\t\t\t\t<div class=\"elementor-widget-container\">\n\t\t\t<style>\/*! elementor - v3.10.2 - 29-01-2023 *\/\n.elementor-widget-text-editor.elementor-drop-cap-view-stacked .elementor-drop-cap{background-color:#818a91;color:#fff}.elementor-widget-text-editor.elementor-drop-cap-view-framed .elementor-drop-cap{color:#818a91;border:3px solid;background-color:transparent}.elementor-widget-text-editor:not(.elementor-drop-cap-view-default) .elementor-drop-cap{margin-top:8px}.elementor-widget-text-editor:not(.elementor-drop-cap-view-default) .elementor-drop-cap-letter{width:1em;height:1em}.elementor-widget-text-editor .elementor-drop-cap{float:left;text-align:center;line-height:1;font-size:50px}.elementor-widget-text-editor .elementor-drop-cap-letter{display:inline-block}<\/style>\t\t\t\t<p><strong>Pachuca, Hgo., 18 de diciembre 2024.- <\/strong>Como parte la estrategia de acompa\u00f1amiento para las familias hidalguenses que regresan a su estado en estas fechas, el gobierno de Hidalgo ya se encuentra en Laredo, Texas, Estados Unidos, atendiendo y asesorando a paisanos que volver\u00e1n a M\u00e9xico este 19 de diciembre en la 18a. Caravana de Migrantes del Orden y la Legalidad.<\/p><p>La Direcci\u00f3n General de Atenci\u00f3n al Migrante, perteneciente a la Secretar\u00eda de Bienestar e Inclusi\u00f3n Social (Sebiso), est\u00e1 registrando a los connacionales, al tiempo que acerca los diferentes servicios que el gobierno que encabeza Julio Menchaca tiene para este importante sector de la poblaci\u00f3n.<\/p>\t\t\t\t\t\t<\/div>\n\t\t\t\t<\/div>\n\t\t\t\t\t<\/div>\n\t\t<\/div>\n\t\t\t\t\t\t\t<\/div>\n\t\t<\/section>\n\t\t\t\t\t\t\t<\/div>\n\t\t","protected":false},"excerpt":{"rendered":"<p>Pachuca, Hgo., 18 de diciembre 2024.- Como parte la estrategia de acompa\u00f1amiento para las familias hidalguenses que regresan a su estado en estas fechas, el gobierno de Hidalgo ya se encuentra en Laredo, Texas, Estados Unidos, atendiendo y asesorando a paisanos que volver\u00e1n a M\u00e9xico este 19 de diciembre en la 18a. Caravana de Migrantes [&hellip;]<\/p>\n","protected":false},"author":1,"featured_media":65911,"comment_status":"closed","ping_status":"closed","sticky":false,"template":"","format":"standard","meta":[],"categories":[7],"tags":[],"_links":{"self":[{"href":"https:\/\/www.diarionoti7.com.mx\/index.php?rest_route=\/wp\/v2\/posts\/65909"}],"collection":[{"href":"https:\/\/www.diarionoti7.com.mx\/index.php?rest_route=\/wp\/v2\/posts"}],"about":[{"href":"https:\/\/www.diarionoti7.com.mx\/index.php?rest_route=\/wp\/v2\/types\/post"}],"author":[{"embeddable":true,"href":"https:\/\/www.diarionoti7.com.mx\/index.php?rest_route=\/wp\/v2\/users\/1"}],"replies":[{"embeddable":true,"href":"https:\/\/www.diarionoti7.com.mx\/index.php?rest_route=%2Fwp%2Fv2%2Fcomments&post=65909"}],"version-history":[{"count":4,"href":"https:\/\/www.diarionoti7.com.mx\/index.php?rest_route=\/wp\/v2\/posts\/65909\/revisions"}],"predecessor-version":[{"id":65914,"href":"https:\/\/www.diarionoti7.com.mx\/index.php?rest_route=\/wp\/v2\/posts\/65909\/revisions\/65914"}],"wp:featuredmedia":[{"embeddable":true,"href":"https:\/\/www.diarionoti7.com.mx\/index.php?rest_route=\/wp\/v2\/media\/65911"}],"wp:attachment":[{"href":"https:\/\/www.diarionoti7.com.mx\/index.php?rest_route=%2Fwp%2Fv2%2Fmedia&parent=65909"}],"wp:term":[{"taxonomy":"category","embeddable":true,"href":"https:\/\/www.diarionoti7.com.mx\/index.php?rest_route=%2Fwp%2Fv2%2Fcategories&post=65909"},{"taxonomy":"post_tag","embeddable":true,"href":"https:\/\/www.diarionoti7.com.mx\/index.php?rest_route=%2Fwp%2Fv2%2Ftags&post=65909"}],"curies":[{"name":"wp","href":"https:\/\/api.w.org\/{rel}","templated":true}]}}