{"id":65860,"date":"2024-12-19T08:20:03","date_gmt":"2024-12-19T08:20:03","guid":{"rendered":"https:\/\/www.diarionoti7.com.mx\/?p=65860"},"modified":"2024-12-19T19:21:05","modified_gmt":"2024-12-19T19:21:05","slug":"concluyen-estadias-profesionales-134-estudiantes-de-la-utvam","status":"publish","type":"post","link":"https:\/\/www.diarionoti7.com.mx\/?p=65860","title":{"rendered":"Concluyen Estad\u00edas Profesionales 134 Estudiantes de la UTVAM"},"content":{"rendered":"\t\t<div data-elementor-type=\"wp-post\" data-elementor-id=\"65860\" class=\"elementor elementor-65860\">\n\t\t\t\t\t\t\t\t\t<section class=\"elementor-section elementor-top-section elementor-element elementor-element-c09b8f0 elementor-section-boxed elementor-section-height-default elementor-section-height-default\" data-id=\"c09b8f0\" data-element_type=\"section\">\n\t\t\t\t\t\t<div class=\"elementor-container elementor-column-gap-default\">\n\t\t\t\t\t<div class=\"elementor-column elementor-col-100 elementor-top-column elementor-element elementor-element-955a561\" data-id=\"955a561\" data-element_type=\"column\">\n\t\t\t<div class=\"elementor-widget-wrap elementor-element-populated\">\n\t\t\t\t\t\t\t\t<div class=\"elementor-element elementor-element-0ce869c elementor-widget elementor-widget-text-editor\" data-id=\"0ce869c\" data-element_type=\"widget\" data-widget_type=\"text-editor.default\">\n\t\t\t\t<div class=\"elementor-widget-container\">\n\t\t\t<style>\/*! elementor - v3.10.2 - 29-01-2023 *\/\n.elementor-widget-text-editor.elementor-drop-cap-view-stacked .elementor-drop-cap{background-color:#818a91;color:#fff}.elementor-widget-text-editor.elementor-drop-cap-view-framed .elementor-drop-cap{color:#818a91;border:3px solid;background-color:transparent}.elementor-widget-text-editor:not(.elementor-drop-cap-view-default) .elementor-drop-cap{margin-top:8px}.elementor-widget-text-editor:not(.elementor-drop-cap-view-default) .elementor-drop-cap-letter{width:1em;height:1em}.elementor-widget-text-editor .elementor-drop-cap{float:left;text-align:center;line-height:1;font-size:50px}.elementor-widget-text-editor .elementor-drop-cap-letter{display:inline-block}<\/style>\t\t\t\t<p><strong>Pachuca, Hgo., 18 de diciembre de 2024.- <\/strong>Con el objetivo de permitir que el alumnado aplicara los conocimientos adquiridos en las aulas dentro de un entorno real, 134 estudiantes de la Universidad Tecnol\u00f3gica de la Zona Metropolitana del Valle de M\u00e9xico (UTVAM) llevaron a cabo sus estad\u00edas profesionales en empresas y organismos p\u00fablicos de la regi\u00f3n.<\/p><p>Nadia Flores Mel\u00e9ndez, rectora de esta casa de estudios, mencion\u00f3 que esta experiencia pr\u00e1ctica no solo fortaleci\u00f3 la formaci\u00f3n acad\u00e9mica de las y los estudiantes, sino que tambi\u00e9n los prepar\u00f3 para enfrentar los retos del mundo laboral.<\/p><p>Al mismo tiempo, destac\u00f3 que este proceso refuerza el v\u00ednculo entre la universidad y los sectores p\u00fablico, privado y social, contribuyendo al desarrollo econ\u00f3mico y social de la regi\u00f3n.<\/p><p>De esta forma, las y los t\u00e9cnicos superior universitarios en: Mantenimiento Industrial, Gesti\u00f3n Ambiental, Entornos Virtuales y Negocios Digitales, Desarrollo de Software Multiplataforma, Ense\u00f1anza del Idioma Ingl\u00e9s y Mercadot\u00e9cnica, concluyeron con \u00e9xito sus estad\u00edas profesionales.<\/p><p>La comunidad estudiantil colabor\u00f3 en m\u00e1s de 60 instituciones, entre las que destacan empresas del sector privado, oficinas gubernamentales, instituciones educativas, organizaciones no gubernamentales y dependencias municipales de la regi\u00f3n.<\/p><p>Entre las entidades que brindaron espacios de aprendizaje y pr\u00e1ctica destacan: Aeropuerto Internacional Felipe \u00c1ngeles, Grupo Modelo, Comercializadora de L\u00e1cteos (LALA), Centro de Investigaci\u00f3n en Qu\u00edmica Aplicada con sede en Apodaca, Nuevo Le\u00f3n.<\/p><p>Tambi\u00e9n en las instalaciones de Cooperativa Pascual, Centro de Investigaci\u00f3n en Alimentos y Desarrollo (CIAD), as\u00ed como en diversas dependencias de los municipios de Tizayuca y Villa de Tezontepec en el estado de Hidalgo, entre otras.<\/p><p>Con esto queda de manifiesto que la UTVAM est\u00e1 comprometida con formar profesionales altamente capacitados, listos para aportar al crecimiento de sus comunidades.<\/p>\t\t\t\t\t\t<\/div>\n\t\t\t\t<\/div>\n\t\t\t\t\t<\/div>\n\t\t<\/div>\n\t\t\t\t\t\t\t<\/div>\n\t\t<\/section>\n\t\t\t\t\t\t\t<\/div>\n\t\t","protected":false},"excerpt":{"rendered":"<p>Pachuca, Hgo., 18 de diciembre de 2024.- Con el objetivo de permitir que el alumnado aplicara los conocimientos adquiridos en las aulas dentro de un entorno real, 134 estudiantes de la Universidad Tecnol\u00f3gica de la Zona Metropolitana del Valle de M\u00e9xico (UTVAM) llevaron a cabo sus estad\u00edas profesionales en empresas y organismos p\u00fablicos de la [&hellip;]<\/p>\n","protected":false},"author":1,"featured_media":65863,"comment_status":"closed","ping_status":"closed","sticky":false,"template":"","format":"standard","meta":[],"categories":[4],"tags":[],"_links":{"self":[{"href":"https:\/\/www.diarionoti7.com.mx\/index.php?rest_route=\/wp\/v2\/posts\/65860"}],"collection":[{"href":"https:\/\/www.diarionoti7.com.mx\/index.php?rest_route=\/wp\/v2\/posts"}],"about":[{"href":"https:\/\/www.diarionoti7.com.mx\/index.php?rest_route=\/wp\/v2\/types\/post"}],"author":[{"embeddable":true,"href":"https:\/\/www.diarionoti7.com.mx\/index.php?rest_route=\/wp\/v2\/users\/1"}],"replies":[{"embeddable":true,"href":"https:\/\/www.diarionoti7.com.mx\/index.php?rest_route=%2Fwp%2Fv2%2Fcomments&post=65860"}],"version-history":[{"count":4,"href":"https:\/\/www.diarionoti7.com.mx\/index.php?rest_route=\/wp\/v2\/posts\/65860\/revisions"}],"predecessor-version":[{"id":65866,"href":"https:\/\/www.diarionoti7.com.mx\/index.php?rest_route=\/wp\/v2\/posts\/65860\/revisions\/65866"}],"wp:featuredmedia":[{"embeddable":true,"href":"https:\/\/www.diarionoti7.com.mx\/index.php?rest_route=\/wp\/v2\/media\/65863"}],"wp:attachment":[{"href":"https:\/\/www.diarionoti7.com.mx\/index.php?rest_route=%2Fwp%2Fv2%2Fmedia&parent=65860"}],"wp:term":[{"taxonomy":"category","embeddable":true,"href":"https:\/\/www.diarionoti7.com.mx\/index.php?rest_route=%2Fwp%2Fv2%2Fcategories&post=65860"},{"taxonomy":"post_tag","embeddable":true,"href":"https:\/\/www.diarionoti7.com.mx\/index.php?rest_route=%2Fwp%2Fv2%2Ftags&post=65860"}],"curies":[{"name":"wp","href":"https:\/\/api.w.org\/{rel}","templated":true}]}}