{"id":65836,"date":"2024-12-18T08:43:12","date_gmt":"2024-12-18T08:43:12","guid":{"rendered":"https:\/\/www.diarionoti7.com.mx\/?p=65836"},"modified":"2024-12-18T19:46:53","modified_gmt":"2024-12-18T19:46:53","slug":"tren-aifa-pachuca-debera-arreglarse-derecho-de-via-declara-gobernador","status":"publish","type":"post","link":"https:\/\/www.diarionoti7.com.mx\/?p=65836","title":{"rendered":"Tren AIFA-Pachuca: Deber\u00e1 Arreglarse Derecho de V\u00eda, Declara Gobernador"},"content":{"rendered":"\t\t<div data-elementor-type=\"wp-post\" data-elementor-id=\"65836\" class=\"elementor elementor-65836\">\n\t\t\t\t\t\t\t\t\t<section class=\"elementor-section elementor-top-section elementor-element elementor-element-c09b8f0 elementor-section-boxed elementor-section-height-default elementor-section-height-default\" data-id=\"c09b8f0\" data-element_type=\"section\">\n\t\t\t\t\t\t<div class=\"elementor-container elementor-column-gap-default\">\n\t\t\t\t\t<div class=\"elementor-column elementor-col-100 elementor-top-column elementor-element elementor-element-955a561\" data-id=\"955a561\" data-element_type=\"column\">\n\t\t\t<div class=\"elementor-widget-wrap elementor-element-populated\">\n\t\t\t\t\t\t\t\t<div class=\"elementor-element elementor-element-0ce869c elementor-widget elementor-widget-text-editor\" data-id=\"0ce869c\" data-element_type=\"widget\" data-widget_type=\"text-editor.default\">\n\t\t\t\t<div class=\"elementor-widget-container\">\n\t\t\t<style>\/*! elementor - v3.10.2 - 29-01-2023 *\/\n.elementor-widget-text-editor.elementor-drop-cap-view-stacked .elementor-drop-cap{background-color:#818a91;color:#fff}.elementor-widget-text-editor.elementor-drop-cap-view-framed .elementor-drop-cap{color:#818a91;border:3px solid;background-color:transparent}.elementor-widget-text-editor:not(.elementor-drop-cap-view-default) .elementor-drop-cap{margin-top:8px}.elementor-widget-text-editor:not(.elementor-drop-cap-view-default) .elementor-drop-cap-letter{width:1em;height:1em}.elementor-widget-text-editor .elementor-drop-cap{float:left;text-align:center;line-height:1;font-size:50px}.elementor-widget-text-editor .elementor-drop-cap-letter{display:inline-block}<\/style>\t\t\t\t<p><strong>*El gobernador, inform\u00f3 que han detectado invasi\u00f3n en el derecho de v\u00eda, por lo que deber\u00e1 particularizarse cada caso para resolverlo.<\/strong><\/p><p><strong>Pachuca, Hgo., 17 de diciembre 2024.- <\/strong>El gobernador del estado, Julio Menchaca Salazar, inform\u00f3 que, aunque a\u00fan se encuentran realizando los estudios de factibilidad del tren de pasajeros AIFA-Pachuca, han detectado invasi\u00f3n en el derecho de v\u00eda, por lo que deber\u00e1 particularizarse cada caso para resolverlo.<\/p><p>Al concluir el evento protocolario de la firma de Convenio para la tecnificaci\u00f3n de los distritos de riego en Hidalgo, inform\u00f3 que pr\u00f3ximamente sostendr\u00e1 una reuni\u00f3n con los encargados del proyecto de la Secretar\u00eda de la Defensa Nacional (Sedena) para establecer un avance del diagn\u00f3stico, pues parece que hay casos de invasi\u00f3n de derecho de v\u00eda y se debe ver de qu\u00e9 manera se resuelve, pero es beneficio para el estado y actores por donde va a pasar el tren\u201d.<\/p><p>Aunque fue cuestionado sobre cu\u00e1ntos casos se tienen identificados de obstrucci\u00f3n en el derecho de v\u00eda, dijo desconocer el dato, pero insisti\u00f3 en que antes de que finalice el a\u00f1o se reunir\u00e1 con la Sedena para conocer los avances del anteproyecto.<\/p>\t\t\t\t\t\t<\/div>\n\t\t\t\t<\/div>\n\t\t\t\t\t<\/div>\n\t\t<\/div>\n\t\t\t\t\t\t\t<\/div>\n\t\t<\/section>\n\t\t\t\t\t\t\t<\/div>\n\t\t","protected":false},"excerpt":{"rendered":"<p>*El gobernador, inform\u00f3 que han detectado invasi\u00f3n en el derecho de v\u00eda, por lo que deber\u00e1 particularizarse cada caso para resolverlo. Pachuca, Hgo., 17 de diciembre 2024.- El gobernador del estado, Julio Menchaca Salazar, inform\u00f3 que, aunque a\u00fan se encuentran realizando los estudios de factibilidad del tren de pasajeros AIFA-Pachuca, han detectado invasi\u00f3n en el [&hellip;]<\/p>\n","protected":false},"author":1,"featured_media":65841,"comment_status":"closed","ping_status":"closed","sticky":false,"template":"","format":"standard","meta":[],"categories":[7],"tags":[],"_links":{"self":[{"href":"https:\/\/www.diarionoti7.com.mx\/index.php?rest_route=\/wp\/v2\/posts\/65836"}],"collection":[{"href":"https:\/\/www.diarionoti7.com.mx\/index.php?rest_route=\/wp\/v2\/posts"}],"about":[{"href":"https:\/\/www.diarionoti7.com.mx\/index.php?rest_route=\/wp\/v2\/types\/post"}],"author":[{"embeddable":true,"href":"https:\/\/www.diarionoti7.com.mx\/index.php?rest_route=\/wp\/v2\/users\/1"}],"replies":[{"embeddable":true,"href":"https:\/\/www.diarionoti7.com.mx\/index.php?rest_route=%2Fwp%2Fv2%2Fcomments&post=65836"}],"version-history":[{"count":4,"href":"https:\/\/www.diarionoti7.com.mx\/index.php?rest_route=\/wp\/v2\/posts\/65836\/revisions"}],"predecessor-version":[{"id":65844,"href":"https:\/\/www.diarionoti7.com.mx\/index.php?rest_route=\/wp\/v2\/posts\/65836\/revisions\/65844"}],"wp:featuredmedia":[{"embeddable":true,"href":"https:\/\/www.diarionoti7.com.mx\/index.php?rest_route=\/wp\/v2\/media\/65841"}],"wp:attachment":[{"href":"https:\/\/www.diarionoti7.com.mx\/index.php?rest_route=%2Fwp%2Fv2%2Fmedia&parent=65836"}],"wp:term":[{"taxonomy":"category","embeddable":true,"href":"https:\/\/www.diarionoti7.com.mx\/index.php?rest_route=%2Fwp%2Fv2%2Fcategories&post=65836"},{"taxonomy":"post_tag","embeddable":true,"href":"https:\/\/www.diarionoti7.com.mx\/index.php?rest_route=%2Fwp%2Fv2%2Ftags&post=65836"}],"curies":[{"name":"wp","href":"https:\/\/api.w.org\/{rel}","templated":true}]}}