{"id":65662,"date":"2024-12-16T08:11:54","date_gmt":"2024-12-16T08:11:54","guid":{"rendered":"https:\/\/www.diarionoti7.com.mx\/?p=65662"},"modified":"2024-12-16T18:14:04","modified_gmt":"2024-12-16T18:14:04","slug":"convoca-despacho-del-gobernador-a-creadores-para-participar-en-intervencion-grafica-3-1","status":"publish","type":"post","link":"https:\/\/www.diarionoti7.com.mx\/?p=65662","title":{"rendered":"Convoca Despacho del Gobernador a Creadores Para Participar en Intervenci\u00f3n Gr\u00e1fica 3.1"},"content":{"rendered":"\t\t<div data-elementor-type=\"wp-post\" data-elementor-id=\"65662\" class=\"elementor elementor-65662\">\n\t\t\t\t\t\t\t\t\t<section class=\"elementor-section elementor-top-section elementor-element elementor-element-c09b8f0 elementor-section-boxed elementor-section-height-default elementor-section-height-default\" data-id=\"c09b8f0\" data-element_type=\"section\">\n\t\t\t\t\t\t<div class=\"elementor-container elementor-column-gap-default\">\n\t\t\t\t\t<div class=\"elementor-column elementor-col-100 elementor-top-column elementor-element elementor-element-955a561\" data-id=\"955a561\" data-element_type=\"column\">\n\t\t\t<div class=\"elementor-widget-wrap elementor-element-populated\">\n\t\t\t\t\t\t\t\t<div class=\"elementor-element elementor-element-0ce869c elementor-widget elementor-widget-text-editor\" data-id=\"0ce869c\" data-element_type=\"widget\" data-widget_type=\"text-editor.default\">\n\t\t\t\t<div class=\"elementor-widget-container\">\n\t\t\t<style>\/*! elementor - v3.10.2 - 29-01-2023 *\/\n.elementor-widget-text-editor.elementor-drop-cap-view-stacked .elementor-drop-cap{background-color:#818a91;color:#fff}.elementor-widget-text-editor.elementor-drop-cap-view-framed .elementor-drop-cap{color:#818a91;border:3px solid;background-color:transparent}.elementor-widget-text-editor:not(.elementor-drop-cap-view-default) .elementor-drop-cap{margin-top:8px}.elementor-widget-text-editor:not(.elementor-drop-cap-view-default) .elementor-drop-cap-letter{width:1em;height:1em}.elementor-widget-text-editor .elementor-drop-cap{float:left;text-align:center;line-height:1;font-size:50px}.elementor-widget-text-editor .elementor-drop-cap-letter{display:inline-block}<\/style>\t\t\t\t<p><strong>-Las propuestas de las y los artistas hidalguenses se recibir\u00e1n del 16 de diciembre de 2024 al 2 de febrero del 2025.<\/strong><\/p><p><strong>Pachuca, Hgo., 15 de diciembre de 2024.- <\/strong>Para continuar con el compromiso del mandatario estatal Julio Menchaca Salazar, de abrir los espacios p\u00fablicos y acercar la cultura a la poblaci\u00f3n, la Secretar\u00eda del Despacho del Gobernador de Hidalgo lanz\u00f3 la convocatoria para artistas hidalguenses que deseen formar parte de la \u201cIntervenci\u00f3n Gr\u00e1fica 3.1\u201d.<\/p><p>Alejandro Vel\u00e1zquez Mendoza, titular de la dependencia, detall\u00f3 que las personas interesadas en participar deben ser mayores de 18 a\u00f1os, residentes de Hidalgo, que lleven al menos 5 a\u00f1os viviendo en el estado o cuya formaci\u00f3n art\u00edstica haya sido en la entidad.<\/p><p>\u201cEsta edici\u00f3n est\u00e1 abierta a cualquier disciplina vinculada a las artes pl\u00e1sticas, visuales y digitales, como fotograf\u00eda, pintura, ilustraci\u00f3n, escultura e instalaciones\u201d, precis\u00f3 al recordar que las y los creadores deben enviar en su propuesta una selecci\u00f3n de hasta ocho piezas o tres series, que no rebasen las nueve piezas.<\/p><p>Las propuestas se recibir\u00e1n del lunes 16 de diciembre al 2 de febrero de 2025 en la recepci\u00f3n del Despacho del Gobernador, ubicado en el cuarto piso del edificio del Poder Ejecutivo de Hidalgo, con direcci\u00f3n en Plaza Ju\u00e1rez s\/n, colonia Centro, en Pachuca. Tambi\u00e9n se pueden enviar los proyectos al correo intervenciongrafica@hidalgo.gob.mx.<\/p><p>La persona artista deber\u00e1 incluir su nombre o pseud\u00f3nimo, edad, municipio, n\u00famero de contacto, una breve descripci\u00f3n de las piezas o serie enviada, as\u00ed como un documento en formato pdf con el nombre, medidas y t\u00e9cnica de las obras o series; en caso de instalaciones u obra escult\u00f3rica, deber\u00e1 especificar dimensiones, peso y un video o fotograf\u00edas desde varios \u00e1ngulos. Se debe cumplir con todos los datos antes mencionados o la participaci\u00f3n del creador no podr\u00e1 ser validada.<\/p><p>Vel\u00e1zquez Mendoza adelant\u00f3 que para el proceso de selecci\u00f3n se integrar\u00e1 un jurado, conformado por participantes de la exposici\u00f3n anterior, denominada \u201cNuga Nu\u2019i, Nu\u2019i Nuga\u201d, quienes evaluar\u00e1n los criterios de est\u00e9tica, t\u00e9cnica, reflexi\u00f3n, idea original y votaci\u00f3n un\u00e1nime; a fin de elegir a seis hombres y seis mujeres para la \u201cIntervenci\u00f3n Gr\u00e1fica 3.1\u201d.<\/p><p>Finalmente, indic\u00f3 que los resultados ser\u00e1n publicados en las p\u00e1ginas oficiales de la Secretar\u00eda del Despacho del Gobernador y a trav\u00e9s de los medios de contacto de los postulantes. La exposici\u00f3n se llevar\u00e1 a cabo a partir de la segunda quincena de marzo de 2025 en el edificio del Poder Ejecutivo de Hidalgo.<\/p>\t\t\t\t\t\t<\/div>\n\t\t\t\t<\/div>\n\t\t\t\t\t<\/div>\n\t\t<\/div>\n\t\t\t\t\t\t\t<\/div>\n\t\t<\/section>\n\t\t\t\t\t\t\t<\/div>\n\t\t","protected":false},"excerpt":{"rendered":"<p>-Las propuestas de las y los artistas hidalguenses se recibir\u00e1n del 16 de diciembre de 2024 al 2 de febrero del 2025. Pachuca, Hgo., 15 de diciembre de 2024.- Para continuar con el compromiso del mandatario estatal Julio Menchaca Salazar, de abrir los espacios p\u00fablicos y acercar la cultura a la poblaci\u00f3n, la Secretar\u00eda del [&hellip;]<\/p>\n","protected":false},"author":1,"featured_media":65664,"comment_status":"closed","ping_status":"closed","sticky":false,"template":"","format":"standard","meta":[],"categories":[7],"tags":[],"_links":{"self":[{"href":"https:\/\/www.diarionoti7.com.mx\/index.php?rest_route=\/wp\/v2\/posts\/65662"}],"collection":[{"href":"https:\/\/www.diarionoti7.com.mx\/index.php?rest_route=\/wp\/v2\/posts"}],"about":[{"href":"https:\/\/www.diarionoti7.com.mx\/index.php?rest_route=\/wp\/v2\/types\/post"}],"author":[{"embeddable":true,"href":"https:\/\/www.diarionoti7.com.mx\/index.php?rest_route=\/wp\/v2\/users\/1"}],"replies":[{"embeddable":true,"href":"https:\/\/www.diarionoti7.com.mx\/index.php?rest_route=%2Fwp%2Fv2%2Fcomments&post=65662"}],"version-history":[{"count":4,"href":"https:\/\/www.diarionoti7.com.mx\/index.php?rest_route=\/wp\/v2\/posts\/65662\/revisions"}],"predecessor-version":[{"id":65667,"href":"https:\/\/www.diarionoti7.com.mx\/index.php?rest_route=\/wp\/v2\/posts\/65662\/revisions\/65667"}],"wp:featuredmedia":[{"embeddable":true,"href":"https:\/\/www.diarionoti7.com.mx\/index.php?rest_route=\/wp\/v2\/media\/65664"}],"wp:attachment":[{"href":"https:\/\/www.diarionoti7.com.mx\/index.php?rest_route=%2Fwp%2Fv2%2Fmedia&parent=65662"}],"wp:term":[{"taxonomy":"category","embeddable":true,"href":"https:\/\/www.diarionoti7.com.mx\/index.php?rest_route=%2Fwp%2Fv2%2Fcategories&post=65662"},{"taxonomy":"post_tag","embeddable":true,"href":"https:\/\/www.diarionoti7.com.mx\/index.php?rest_route=%2Fwp%2Fv2%2Ftags&post=65662"}],"curies":[{"name":"wp","href":"https:\/\/api.w.org\/{rel}","templated":true}]}}