{"id":65648,"date":"2024-12-16T07:59:49","date_gmt":"2024-12-16T07:59:49","guid":{"rendered":"https:\/\/www.diarionoti7.com.mx\/?p=65648"},"modified":"2024-12-16T18:18:16","modified_gmt":"2024-12-16T18:18:16","slug":"se-realizaron-mil-60-cirugias-para-beneficio-de-mil-53-pacientes-en-las-jornadas-medicas-de-subespecialidad","status":"publish","type":"post","link":"https:\/\/www.diarionoti7.com.mx\/?p=65648","title":{"rendered":"Se Realizaron Mil 60 Cirug\u00edas Para Beneficio de Mil 53 Pacientes en las \u201cJornadas M\u00e9dicas de Subespecialidad\u201d"},"content":{"rendered":"\t\t<div data-elementor-type=\"wp-post\" data-elementor-id=\"65648\" class=\"elementor elementor-65648\">\n\t\t\t\t\t\t\t\t\t<section class=\"elementor-section elementor-top-section elementor-element elementor-element-c09b8f0 elementor-section-boxed elementor-section-height-default elementor-section-height-default\" data-id=\"c09b8f0\" data-element_type=\"section\">\n\t\t\t\t\t\t<div class=\"elementor-container elementor-column-gap-default\">\n\t\t\t\t\t<div class=\"elementor-column elementor-col-100 elementor-top-column elementor-element elementor-element-955a561\" data-id=\"955a561\" data-element_type=\"column\">\n\t\t\t<div class=\"elementor-widget-wrap elementor-element-populated\">\n\t\t\t\t\t\t\t\t<div class=\"elementor-element elementor-element-0ce869c elementor-widget elementor-widget-text-editor\" data-id=\"0ce869c\" data-element_type=\"widget\" data-widget_type=\"text-editor.default\">\n\t\t\t\t<div class=\"elementor-widget-container\">\n\t\t\t<style>\/*! elementor - v3.10.2 - 29-01-2023 *\/\n.elementor-widget-text-editor.elementor-drop-cap-view-stacked .elementor-drop-cap{background-color:#818a91;color:#fff}.elementor-widget-text-editor.elementor-drop-cap-view-framed .elementor-drop-cap{color:#818a91;border:3px solid;background-color:transparent}.elementor-widget-text-editor:not(.elementor-drop-cap-view-default) .elementor-drop-cap{margin-top:8px}.elementor-widget-text-editor:not(.elementor-drop-cap-view-default) .elementor-drop-cap-letter{width:1em;height:1em}.elementor-widget-text-editor .elementor-drop-cap{float:left;text-align:center;line-height:1;font-size:50px}.elementor-widget-text-editor .elementor-drop-cap-letter{display:inline-block}<\/style>\t\t\t\t<p><strong>*Al concluir en Hidalgo las \u201cJornadas M\u00e9dicas de Subespecialidad\u201d Edda Vite entreg\u00f3 reconocimientos a los m\u00e9dicos que colaboraron en esta actividad <\/strong><\/p><p><strong>*Se proporcion\u00f3 atenci\u00f3n quir\u00fargica de alta calidad a personas de 68 municipios <\/strong><\/p><p><strong>Pachuca, Hgo., 15 de diciembre 2024.- <\/strong>Edda Vite Ramos, presidenta del Patronato del Sistema DIFH, durante la entrega de reconocimientos a los m\u00e9dicos que colaboraron en esta actividad inform\u00f3 que se realizaron mil 60 cirug\u00edas realizadas y mil 53, proporcionando atenci\u00f3n quir\u00fargica de alta calidad a personas de 68 municipios del estado.<\/p><p>Edda Vite, precis\u00f3 que estas intervenciones, que incluyeron procedimientos como cirug\u00edas de cataratas, estrabismo; intervenciones de polidactilia, sindactilia, peque\u00f1os tumores, cirug\u00eda oral, pr\u00f3tesis de cadera y rodilla as\u00ed como dentales, y correcci\u00f3n de lesiones traum\u00e1ticas, las que representaron un ahorro significativo para la poblaci\u00f3n, alcanzando los 28 millones 851 mil pesos.<\/p><p>Destac\u00f3 que estos resultados son parte del esfuerzo conjunto del DIFH con diversas instituciones que buscan mejorar la calidad de vida de los hidalguenses, especialmente aquellos pertenecientes a grupos prioritarios, como los adultos mayores con enfermedades cr\u00f3nico-degenerativas:<\/p><p>La presidenta del Patronato del Sistema DIFH dijo; \u201cHoy cerramos un cap\u00edtulo de esperanza y solidaridad que ha dejado una bonita huella en nuestros pacientes del estado de Hidalgo. Las Jornadas M\u00e9dicas de Subespecialidad son un reflejo del compromiso compartido de transformar vidas ayudando a quienes m\u00e1s lo necesitan\u201d.\u00a0<\/p><p>Adem\u00e1s de este este programa, la presidenta del DIFH indic\u00f3 que tambi\u00e9n se realizaron Jornadas M\u00f3viles en diversos municipios de la entidad, como Tizayuca, Tasquillo, Huasca, Progreso de Obreg\u00f3n e Ixmiquilpan, as\u00ed como en las oficinas centrales del Sistema DIF Hidalgo, con el objetivo de llevar los servicios m\u00e9dicos directamente a las comunidades m\u00e1s alejadas.<\/p><p>As\u00ed mismo, se llevaron a cabo capacitaciones en las que participaron enlaces de 82 municipios cuyas administraciones entraron en funciones en 2024, con el prop\u00f3sito de fortalecer la atenci\u00f3n y coordinaci\u00f3n en las jornadas m\u00e9dicas y ofrecer mejores servicios de salud a los habitantes de las localidades m\u00e1s remotas de Hidalgo.<\/p><p>Vanesa Escalante Arroyo, secretaria de Salud de Hidalgo, destac\u00f3: \u201cLa salud es un derecho humano fundamental, y en Hidalgo estamos trabajando para garantizar que todas las personas tengan acceso a estos servicios m\u00e9dicos, sin discriminaci\u00f3n alguna y con igualdad de oportunidades.\u201d Al tiempo que reafirm\u00f3 el compromiso de la familia DIF Hidalgo para llevar servicios m\u00e9dicos integrales a las zonas m\u00e1s marginadas.<\/p><p>Adem\u00e1s, se entregaron reconocimientos a los colaboradores por su participaci\u00f3n en el evento, as\u00ed como a las instituciones con las que se trabaj\u00f3: Hospital General Pachuca, Hospital General Tulancingo, Facultad de Odontolog\u00eda, Grupo Mercy (extranjero), Secretar\u00eda de Salud\/IMSS Bienestar, Patrimonio Social de Hidalgo y el Colegio de Odontolog\u00eda de Hidalgo.<\/p><p>Estas jornadas m\u00e9dicas representaron un paso significativo para garantizar el acceso de la poblaci\u00f3n hidalguense a cirug\u00edas especializadas y reafirmaron el compromiso del gobierno estatal con la salud y el bienestar de todos sus habitantes<\/p>\t\t\t\t\t\t<\/div>\n\t\t\t\t<\/div>\n\t\t\t\t\t<\/div>\n\t\t<\/div>\n\t\t\t\t\t\t\t<\/div>\n\t\t<\/section>\n\t\t\t\t\t\t\t<\/div>\n\t\t","protected":false},"excerpt":{"rendered":"<p>*Al concluir en Hidalgo las \u201cJornadas M\u00e9dicas de Subespecialidad\u201d Edda Vite entreg\u00f3 reconocimientos a los m\u00e9dicos que colaboraron en esta actividad *Se proporcion\u00f3 atenci\u00f3n quir\u00fargica de alta calidad a personas de 68 municipios Pachuca, Hgo., 15 de diciembre 2024.- Edda Vite Ramos, presidenta del Patronato del Sistema DIFH, durante la entrega de reconocimientos a los [&hellip;]<\/p>\n","protected":false},"author":1,"featured_media":48064,"comment_status":"closed","ping_status":"closed","sticky":false,"template":"","format":"standard","meta":[],"categories":[7],"tags":[],"_links":{"self":[{"href":"https:\/\/www.diarionoti7.com.mx\/index.php?rest_route=\/wp\/v2\/posts\/65648"}],"collection":[{"href":"https:\/\/www.diarionoti7.com.mx\/index.php?rest_route=\/wp\/v2\/posts"}],"about":[{"href":"https:\/\/www.diarionoti7.com.mx\/index.php?rest_route=\/wp\/v2\/types\/post"}],"author":[{"embeddable":true,"href":"https:\/\/www.diarionoti7.com.mx\/index.php?rest_route=\/wp\/v2\/users\/1"}],"replies":[{"embeddable":true,"href":"https:\/\/www.diarionoti7.com.mx\/index.php?rest_route=%2Fwp%2Fv2%2Fcomments&post=65648"}],"version-history":[{"count":14,"href":"https:\/\/www.diarionoti7.com.mx\/index.php?rest_route=\/wp\/v2\/posts\/65648\/revisions"}],"predecessor-version":[{"id":65671,"href":"https:\/\/www.diarionoti7.com.mx\/index.php?rest_route=\/wp\/v2\/posts\/65648\/revisions\/65671"}],"wp:featuredmedia":[{"embeddable":true,"href":"https:\/\/www.diarionoti7.com.mx\/index.php?rest_route=\/wp\/v2\/media\/48064"}],"wp:attachment":[{"href":"https:\/\/www.diarionoti7.com.mx\/index.php?rest_route=%2Fwp%2Fv2%2Fmedia&parent=65648"}],"wp:term":[{"taxonomy":"category","embeddable":true,"href":"https:\/\/www.diarionoti7.com.mx\/index.php?rest_route=%2Fwp%2Fv2%2Fcategories&post=65648"},{"taxonomy":"post_tag","embeddable":true,"href":"https:\/\/www.diarionoti7.com.mx\/index.php?rest_route=%2Fwp%2Fv2%2Ftags&post=65648"}],"curies":[{"name":"wp","href":"https:\/\/api.w.org\/{rel}","templated":true}]}}